{"id":14121,"date":"2023-06-30T10:13:36","date_gmt":"2023-06-30T13:13:36","guid":{"rendered":"https:\/\/www.conam.org.ar\/web\/?p=14121"},"modified":"2023-06-30T10:29:51","modified_gmt":"2023-06-30T13:29:51","slug":"fedemur-participo-en-la-multitudinaria-jornada-nos-movemos-por-los-derechos-de-las-personas-mayores-en-la-rioja","status":"publish","type":"post","link":"https:\/\/www.conam.org.ar\/web\/2023\/06\/30\/fedemur-participo-en-la-multitudinaria-jornada-nos-movemos-por-los-derechos-de-las-personas-mayores-en-la-rioja\/","title":{"rendered":"FEDEMUR PARTICIP\u00d3 EN LA MULTITUDINARIA JORNADA \u201cNOS MOVEMOS POR LOS DERECHOS DE LAS PERSONAS MAYORES\u201d EN LA RIOJA"},"content":{"rendered":"\t\t<div data-elementor-type=\"wp-post\" data-elementor-id=\"14121\" class=\"elementor elementor-14121\" data-elementor-post-type=\"post\">\n\t\t\t\t\t\t<section class=\"elementor-section elementor-top-section elementor-element elementor-element-150fd8d4 elementor-section-full_width elementor-section-height-default elementor-section-height-default\" data-id=\"150fd8d4\" data-element_type=\"section\" data-e-type=\"section\">\n\t\t\t\t\t\t<div class=\"elementor-container elementor-column-gap-default\">\n\t\t\t\t\t<div class=\"elementor-column elementor-col-100 elementor-top-column elementor-element elementor-element-9d7653a\" data-id=\"9d7653a\" data-element_type=\"column\" data-e-type=\"column\">\n\t\t\t<div class=\"elementor-widget-wrap elementor-element-populated\">\n\t\t\t\t\t\t<div class=\"elementor-element elementor-element-721855a2 elementor-widget elementor-widget-shortcode\" data-id=\"721855a2\" data-element_type=\"widget\" data-e-type=\"widget\" data-widget_type=\"shortcode.default\">\n\t\t\t\t<div class=\"elementor-widget-container\">\n\t\t\t\t\t\t\t<div class=\"elementor-shortcode\">\t\t<div data-elementor-type=\"header\" data-elementor-id=\"2792\" class=\"elementor elementor-2792\" data-elementor-post-type=\"elementor_library\">\n\t\t\t\t\t<section class=\"elementor-section elementor-top-section elementor-element elementor-element-e36ce06 elementor-section-boxed elementor-section-height-default elementor-section-height-default\" data-id=\"e36ce06\" data-element_type=\"section\" data-e-type=\"section\">\n\t\t\t\t\t\t<div class=\"elementor-container elementor-column-gap-no\">\n\t\t\t\t\t<div class=\"elementor-column elementor-col-50 elementor-top-column elementor-element elementor-element-196edba\" data-id=\"196edba\" data-element_type=\"column\" data-e-type=\"column\">\n\t\t\t<div class=\"elementor-widget-wrap elementor-element-populated\">\n\t\t\t\t\t\t<div class=\"elementor-element elementor-element-2c1d154 elementor-hidden-tablet elementor-hidden-phone elementor-widget elementor-widget-heading\" data-id=\"2c1d154\" data-element_type=\"widget\" data-e-type=\"widget\" data-widget_type=\"heading.default\">\n\t\t\t\t<div class=\"elementor-widget-container\">\n\t\t\t\t\t<h6 class=\"elementor-heading-title elementor-size-default\">&nbsp;011-4800-2268&nbsp; &nbsp; &nbsp; &nbsp; Humberto Primo 986 5to 32&nbsp;- CABA<\/h6>\t\t\t\t<\/div>\n\t\t\t\t<\/div>\n\t\t\t\t\t<\/div>\n\t\t<\/div>\n\t\t\t\t<div class=\"elementor-column elementor-col-50 elementor-top-column elementor-element elementor-element-3ed4958\" data-id=\"3ed4958\" data-element_type=\"column\" data-e-type=\"column\">\n\t\t\t<div class=\"elementor-widget-wrap elementor-element-populated\">\n\t\t\t\t\t\t<div class=\"elementor-element elementor-element-af8bf08 elementor-shape-circle e-grid-align-right elementor-hidden-tablet elementor-hidden-phone elementor-grid-0 elementor-widget elementor-widget-social-icons\" data-id=\"af8bf08\" data-element_type=\"widget\" data-e-type=\"widget\" data-widget_type=\"social-icons.default\">\n\t\t\t\t<div class=\"elementor-widget-container\">\n\t\t\t\t\t\t\t<div class=\"elementor-social-icons-wrapper elementor-grid\" role=\"list\">\n\t\t\t\t\t\t\t<span class=\"elementor-grid-item\" role=\"listitem\">\n\t\t\t\t\t<a class=\"elementor-icon elementor-social-icon elementor-social-icon-facebook-f elementor-repeater-item-7e76215\" href=\"https:\/\/www.facebook.com\/ConamMutualismo\" target=\"_blank\">\n\t\t\t\t\t\t<span class=\"elementor-screen-only\">Facebook-f<\/span>\n\t\t\t\t\t\t<i aria-hidden=\"true\" class=\"fab fa-facebook-f\"><\/i>\t\t\t\t\t<\/a>\n\t\t\t\t<\/span>\n\t\t\t\t\t\t\t<span class=\"elementor-grid-item\" role=\"listitem\">\n\t\t\t\t\t<a class=\"elementor-icon elementor-social-icon elementor-social-icon-x-twitter elementor-repeater-item-f4248f0\" href=\"https:\/\/x.com\/ConamMutual\" target=\"_blank\">\n\t\t\t\t\t\t<span class=\"elementor-screen-only\">X-twitter<\/span>\n\t\t\t\t\t\t<i aria-hidden=\"true\" class=\"fab fa-x-twitter\"><\/i>\t\t\t\t\t<\/a>\n\t\t\t\t<\/span>\n\t\t\t\t\t\t\t<span class=\"elementor-grid-item\" role=\"listitem\">\n\t\t\t\t\t<a class=\"elementor-icon elementor-social-icon elementor-social-icon-instagram elementor-repeater-item-8b02ba4\" href=\"https:\/\/www.instagram.com\/conammutualismo\/\" target=\"_blank\">\n\t\t\t\t\t\t<span class=\"elementor-screen-only\">Instagram<\/span>\n\t\t\t\t\t\t<i aria-hidden=\"true\" class=\"fab fa-instagram\"><\/i>\t\t\t\t\t<\/a>\n\t\t\t\t<\/span>\n\t\t\t\t\t\t\t<span class=\"elementor-grid-item\" role=\"listitem\">\n\t\t\t\t\t<a class=\"elementor-icon elementor-social-icon elementor-social-icon-envelope elementor-repeater-item-742fba0\" href=\"mailto:info@conam.org.ar%20\" target=\"_blank\">\n\t\t\t\t\t\t<span class=\"elementor-screen-only\">Envelope<\/span>\n\t\t\t\t\t\t<i aria-hidden=\"true\" class=\"far fa-envelope\"><\/i>\t\t\t\t\t<\/a>\n\t\t\t\t<\/span>\n\t\t\t\t\t\t\t<span class=\"elementor-grid-item\" role=\"listitem\">\n\t\t\t\t\t<a class=\"elementor-icon elementor-social-icon elementor-social-icon-youtube elementor-repeater-item-ace45c9\" href=\"https:\/\/www.youtube.com\/channel\/UC7KxMlgG6jBLkTb5_MT1Mag\" target=\"_blank\">\n\t\t\t\t\t\t<span class=\"elementor-screen-only\">Youtube<\/span>\n\t\t\t\t\t\t<i aria-hidden=\"true\" class=\"fab fa-youtube\"><\/i>\t\t\t\t\t<\/a>\n\t\t\t\t<\/span>\n\t\t\t\t\t\t\t<span class=\"elementor-grid-item\" role=\"listitem\">\n\t\t\t\t\t<a class=\"elementor-icon elementor-social-icon elementor-social-icon-whatsapp elementor-repeater-item-21cc4b7\" href=\"https:\/\/www.whatsapp.com\/channel\/0029VbAb94eGOj9wgl4q133o\" target=\"_blank\">\n\t\t\t\t\t\t<span class=\"elementor-screen-only\">Whatsapp<\/span>\n\t\t\t\t\t\t<i aria-hidden=\"true\" class=\"fab fa-whatsapp\"><\/i>\t\t\t\t\t<\/a>\n\t\t\t\t<\/span>\n\t\t\t\t\t<\/div>\n\t\t\t\t\t\t<\/div>\n\t\t\t\t<\/div>\n\t\t\t\t\t<\/div>\n\t\t<\/div>\n\t\t\t\t\t<\/div>\n\t\t<\/section>\n\t\t\t\t<section class=\"elementor-section elementor-top-section elementor-element elementor-element-629d88b elementor-section-full_width elementor-section-height-default elementor-section-height-default\" data-id=\"629d88b\" data-element_type=\"section\" data-e-type=\"section\">\n\t\t\t\t\t\t<div class=\"elementor-container elementor-column-gap-no\">\n\t\t\t\t\t<div class=\"elementor-column elementor-col-100 elementor-top-column elementor-element elementor-element-3a1d78f\" data-id=\"3a1d78f\" data-element_type=\"column\" data-e-type=\"column\">\n\t\t\t<div class=\"elementor-widget-wrap elementor-element-populated\">\n\t\t\t\t\t\t<div class=\"elementor-element elementor-element-89c407a elementor-hidden-tablet elementor-hidden-phone elementor-widget-divider--view-line elementor-widget elementor-widget-divider\" data-id=\"89c407a\" data-element_type=\"widget\" data-e-type=\"widget\" data-widget_type=\"divider.default\">\n\t\t\t\t<div class=\"elementor-widget-container\">\n\t\t\t\t\t\t\t<div class=\"elementor-divider\">\n\t\t\t<span class=\"elementor-divider-separator\">\n\t\t\t\t\t\t<\/span>\n\t\t<\/div>\n\t\t\t\t\t\t<\/div>\n\t\t\t\t<\/div>\n\t\t\t\t\t<\/div>\n\t\t<\/div>\n\t\t\t\t\t<\/div>\n\t\t<\/section>\n\t\t\t\t<section class=\"elementor-section elementor-top-section elementor-element elementor-element-8df3edb elementor-section-full_width elementor-section-content-middle elementor-section-height-default elementor-section-height-default\" data-id=\"8df3edb\" data-element_type=\"section\" data-e-type=\"section\">\n\t\t\t\t\t\t<div class=\"elementor-container elementor-column-gap-default\">\n\t\t\t\t\t<div class=\"elementor-column elementor-col-33 elementor-top-column elementor-element elementor-element-4634086\" data-id=\"4634086\" data-element_type=\"column\" data-e-type=\"column\">\n\t\t\t<div class=\"elementor-widget-wrap elementor-element-populated\">\n\t\t\t\t\t\t<div class=\"elementor-element elementor-element-643d4bd elementor-widget elementor-widget-theme-site-logo elementor-widget-image\" data-id=\"643d4bd\" data-element_type=\"widget\" data-e-type=\"widget\" data-widget_type=\"theme-site-logo.default\">\n\t\t\t\t<div class=\"elementor-widget-container\">\n\t\t\t\t\t\t\t\t\t\t\t<a href=\"https:\/\/www.conam.org.ar\/web\">\n\t\t\t<img decoding=\"async\" width=\"357\" height=\"109\" src=\"https:\/\/www.conam.org.ar\/web\/wp-content\/uploads\/2021\/03\/thumbnail_logo-sin-color-de-fondo.png\" class=\"attachment-full size-full wp-image-2800\" alt=\"\" srcset=\"https:\/\/www.conam.org.ar\/web\/wp-content\/uploads\/2021\/03\/thumbnail_logo-sin-color-de-fondo.png 357w, https:\/\/www.conam.org.ar\/web\/wp-content\/uploads\/2021\/03\/thumbnail_logo-sin-color-de-fondo-300x92.png 300w\" sizes=\"(max-width: 357px) 100vw, 357px\" \/>\t\t\t\t<\/a>\n\t\t\t\t\t\t\t\t\t\t\t<\/div>\n\t\t\t\t<\/div>\n\t\t\t\t\t<\/div>\n\t\t<\/div>\n\t\t\t\t<div class=\"elementor-column elementor-col-33 elementor-top-column elementor-element elementor-element-7ad5816\" data-id=\"7ad5816\" data-element_type=\"column\" data-e-type=\"column\">\n\t\t\t<div class=\"elementor-widget-wrap elementor-element-populated\">\n\t\t\t\t\t\t<div class=\"elementor-element elementor-element-1630c3a elementor-widget-tablet__width-initial elementor-hidden-desktop elementor-hidden-phone elementor-search-form--skin-classic elementor-search-form--button-type-icon elementor-search-form--icon-search elementor-widget elementor-widget-search-form\" data-id=\"1630c3a\" data-element_type=\"widget\" data-e-type=\"widget\" data-settings=\"{&quot;skin&quot;:&quot;classic&quot;}\" data-widget_type=\"search-form.default\">\n\t\t\t\t<div class=\"elementor-widget-container\">\n\t\t\t\t\t\t\t<search role=\"search\">\n\t\t\t<form class=\"elementor-search-form\" action=\"https:\/\/www.conam.org.ar\/web\" method=\"get\">\n\t\t\t\t\t\t\t\t\t\t\t\t<div class=\"elementor-search-form__container\">\n\t\t\t\t\t<label class=\"elementor-screen-only\" for=\"elementor-search-form-1630c3a\">Search<\/label>\n\n\t\t\t\t\t\n\t\t\t\t\t<input id=\"elementor-search-form-1630c3a\" placeholder=\"Buscar\" class=\"elementor-search-form__input\" type=\"search\" name=\"s\" value=\"\">\n\t\t\t\t\t\n\t\t\t\t\t\t\t\t\t\t\t<button class=\"elementor-search-form__submit\" type=\"submit\" aria-label=\"Search\">\n\t\t\t\t\t\t\t\t\t\t\t\t\t\t\t<i aria-hidden=\"true\" class=\"fas fa-search\"><\/i>\t\t\t\t\t\t\t\t\t\t\t\t\t<\/button>\n\t\t\t\t\t\n\t\t\t\t\t\t\t\t\t<\/div>\n\t\t\t<\/form>\n\t\t<\/search>\n\t\t\t\t\t\t<\/div>\n\t\t\t\t<\/div>\n\t\t\t\t<div class=\"elementor-element elementor-element-352c26d elementor-hidden-tablet elementor-widget elementor-widget-wp-widget-wpmegamenu_widget\" data-id=\"352c26d\" data-element_type=\"widget\" data-e-type=\"widget\" data-widget_type=\"wp-widget-wpmegamenu_widget.default\">\n\t\t\t\t<div class=\"elementor-widget-container\">\n\t\t\t\t\t<div id=\"wpmm-wrap-header_menu\" class=\"wp-megamenu-main-wrapper wpmm-ctheme-wrapper wpmm-hide-toggle wpmega-default-theme wpmega-enabled-mobile-menu wpmm-hideallicons-mobile  wpmm-toggle-accordion wpmm-onhover wpmm-orientation-horizontal  wpmm-flip-effect \"><div class=\"wpmegamenu-toggle wpmega-enabled-menutoggle\" data-responsive-breakpoint=\"910px\"><div class='wp-mega-toggle-block'><div class='wpmega-closeblock'><i class='dashicons dashicons-editor-justify'><\/i><\/div><div class='wpmega-openblock'><i class='dashicons dashicons-no'><\/i><\/div><div class='menutoggle'>Menu<\/div><\/div><\/div><ul id=\"wpmega-menu-header_menu\" class=\"wpmm-mega-wrapper wpmemgamenu-pro\" data-advanced-click=\"wpmm-click-submenu\" data-trigger-effect=\"wpmm-onhover\"><li class='menu-item menu-item-type-custom menu-item-object-custom menu-item-home menu-item-has-children wpmega-menu-flyout wpmega-show-arrow wpmm-menu-align-left wpmega-hide-menu-icon wpmega-flyout-horizontal-right menu-item-4097 menu-item-depth-0 wpmm-submenu-align-left no-dropdown' id='wp_nav_menu-item-4097'><a class=\"wp-mega-menu-link\" href=\"https:\/\/www.conam.org.ar\/web\/\"><span class=\"wpmm-mega-menu-href-title\">Institucional<\/span><\/a>\n<div class='wpmm-sub-menu-wrapper wpmm-menu0'><ul class=\"wp-mega-sub-menu\">\n\t<li class='menu-item menu-item-type-post_type menu-item-object-page wp-mega-menu-header wpmega-show-arrow wpmm-menu-align-left wpmega-hide-menu-icon menu-item-767 menu-item-depth-1 wpmm-submenu-align-left no-dropdown' id='wp_nav_menu-item-767'><a class=\"wp-mega-menu-link\" href=\"https:\/\/www.conam.org.ar\/web\/mision\/\"><span class=\"wpmm-mega-menu-href-title\">Misi\u00f3n y objetivos<\/span><\/a><\/li>\t<li class='menu-item menu-item-type-post_type menu-item-object-page wp-mega-menu-header wpmega-show-arrow wpmm-menu-align-left wpmega-hide-menu-icon menu-item-766 menu-item-depth-1 wpmm-submenu-align-left no-dropdown' id='wp_nav_menu-item-766'><a class=\"wp-mega-menu-link\" href=\"https:\/\/www.conam.org.ar\/web\/vision\/\"><span class=\"wpmm-mega-menu-href-title\">Visi\u00f3n<\/span><\/a><\/li>\t<li class='menu-item menu-item-type-post_type menu-item-object-page wp-mega-menu-header wpmega-show-arrow wpmm-menu-align-left wpmega-hide-menu-icon menu-item-765 menu-item-depth-1 wpmm-submenu-align-left no-dropdown' id='wp_nav_menu-item-765'><a class=\"wp-mega-menu-link\" href=\"https:\/\/www.conam.org.ar\/web\/sobre-conam\/\"><span class=\"wpmm-mega-menu-href-title\">Sobre CONAM<\/span><\/a><\/li>\t<li class='menu-item menu-item-type-post_type menu-item-object-page wp-mega-menu-header wpmega-show-arrow wpmm-menu-align-left wpmega-hide-menu-icon menu-item-3920 menu-item-depth-1 wpmm-submenu-align-left no-dropdown' id='wp_nav_menu-item-3920'><a class=\"wp-mega-menu-link\" href=\"https:\/\/www.conam.org.ar\/web\/estatutos\/\"><span class=\"wpmm-mega-menu-href-title\">Estatuto<\/span><\/a><\/li>\t<li class='menu-item menu-item-type-post_type menu-item-object-page wp-mega-menu-header wpmega-show-arrow wpmm-menu-align-left wpmega-hide-menu-icon menu-item-768 menu-item-depth-1 wpmm-submenu-align-left no-dropdown' id='wp_nav_menu-item-768'><a class=\"wp-mega-menu-link\" href=\"https:\/\/www.conam.org.ar\/web\/autoridades\/\"><span class=\"wpmm-mega-menu-href-title\">Autoridades<\/span><\/a><\/li><\/ul><\/div>\n<\/li><li class='menu-item menu-item-type-post_type menu-item-object-page wpmega-menu-flyout wpmega-show-arrow wpmm-menu-align-left wpmega-hide-menu-icon wpmega-flyout-horizontal-right menu-item-4052 menu-item-depth-0 wpmm-submenu-align-left no-dropdown' id='wp_nav_menu-item-4052'><a class=\"wp-mega-menu-link\" href=\"https:\/\/www.conam.org.ar\/web\/federaciones\/\"><span class=\"wpmm-mega-menu-href-title\">Federaciones<\/span><\/a><\/li><li class='menu-item menu-item-type-post_type menu-item-object-page menu-item-has-children wpmega-menu-flyout wpmega-show-arrow wpmm-menu-align-left wpmega-hide-menu-icon wpmega-flyout-horizontal-right menu-item-770 menu-item-depth-0 wpmm-submenu-align-left no-dropdown' id='wp_nav_menu-item-770'><a class=\"wp-mega-menu-link\" href=\"https:\/\/www.conam.org.ar\/web\/economia-solidaria\/\"><span class=\"wpmm-mega-menu-href-title\">Econom\u00eda Solidaria<\/span><\/a>\n<div class='wpmm-sub-menu-wrapper wpmm-menu0'><ul class=\"wp-mega-sub-menu\">\n\t<li class='menu-item menu-item-type-post_type menu-item-object-page wp-mega-menu-header wpmega-show-arrow wpmm-menu-align-left wpmega-hide-menu-icon menu-item-771 menu-item-depth-1 wpmm-submenu-align-left no-dropdown' id='wp_nav_menu-item-771'><a class=\"wp-mega-menu-link\" href=\"https:\/\/www.conam.org.ar\/web\/mutual-y-sus-principios\/\"><span class=\"wpmm-mega-menu-href-title\">Mutual y sus principios<\/span><\/a><\/li>\t<li class='menu-item menu-item-type-post_type menu-item-object-page wp-mega-menu-header wpmega-show-arrow wpmm-menu-align-left wpmega-hide-menu-icon menu-item-772 menu-item-depth-1 wpmm-submenu-align-left no-dropdown' id='wp_nav_menu-item-772'><a class=\"wp-mega-menu-link\" href=\"https:\/\/www.conam.org.ar\/web\/actividad-de-las-mutuales\/\"><span class=\"wpmm-mega-menu-href-title\">Actividad de las mutuales<\/span><\/a><\/li>\t<li class='menu-item menu-item-type-post_type menu-item-object-page wp-mega-menu-header wpmega-show-arrow wpmm-menu-align-left wpmega-hide-menu-icon menu-item-773 menu-item-depth-1 wpmm-submenu-align-left no-dropdown' id='wp_nav_menu-item-773'><a class=\"wp-mega-menu-link\" href=\"https:\/\/www.conam.org.ar\/web\/normativa\/\"><span class=\"wpmm-mega-menu-href-title\">Normativa<\/span><\/a><\/li><\/ul><\/div>\n<\/li><li class='menu-item menu-item-type-post_type menu-item-object-page wpmega-menu-flyout wpmega-show-arrow wpmm-menu-align-left wpmega-hide-menu-icon wpmega-flyout-horizontal-right menu-item-775 menu-item-depth-0 wpmm-submenu-align-left no-dropdown' id='wp_nav_menu-item-775'><a class=\"wp-mega-menu-link\" href=\"https:\/\/www.conam.org.ar\/web\/mutuales-en-red\/\"><span class=\"wpmm-mega-menu-href-title\">Servicios en red<\/span><\/a><\/li><li class='menu-item menu-item-type-post_type menu-item-object-page wpmega-menu-flyout wpmega-show-arrow wpmm-menu-align-left wpmega-hide-menu-icon wpmega-flyout-horizontal-right menu-item-1610 menu-item-depth-0 wpmm-submenu-align-left no-dropdown' id='wp_nav_menu-item-1610'><a class=\"wp-mega-menu-link\" href=\"https:\/\/www.conam.org.ar\/web\/novedades\/\"><span class=\"wpmm-mega-menu-href-title\">Novedades<\/span><\/a><\/li><\/ul><\/div>\t\t\t\t<\/div>\n\t\t\t\t<\/div>\n\t\t\t\t\t<\/div>\n\t\t<\/div>\n\t\t\t\t<div class=\"elementor-column elementor-col-33 elementor-top-column elementor-element elementor-element-f467f19\" data-id=\"f467f19\" data-element_type=\"column\" data-e-type=\"column\">\n\t\t\t<div class=\"elementor-widget-wrap elementor-element-populated\">\n\t\t\t\t\t\t<div class=\"elementor-element elementor-element-f6a9a59 elementor-widget-tablet__width-initial elementor-hidden-tablet elementor-hidden-mobile elementor-search-form--skin-classic elementor-search-form--button-type-icon elementor-search-form--icon-search elementor-widget elementor-widget-search-form\" data-id=\"f6a9a59\" data-element_type=\"widget\" data-e-type=\"widget\" data-settings=\"{&quot;skin&quot;:&quot;classic&quot;}\" data-widget_type=\"search-form.default\">\n\t\t\t\t<div class=\"elementor-widget-container\">\n\t\t\t\t\t\t\t<search role=\"search\">\n\t\t\t<form class=\"elementor-search-form\" action=\"https:\/\/www.conam.org.ar\/web\" method=\"get\">\n\t\t\t\t\t\t\t\t\t\t\t\t<div class=\"elementor-search-form__container\">\n\t\t\t\t\t<label class=\"elementor-screen-only\" for=\"elementor-search-form-f6a9a59\">Search<\/label>\n\n\t\t\t\t\t\n\t\t\t\t\t<input id=\"elementor-search-form-f6a9a59\" placeholder=\"Buscar\" class=\"elementor-search-form__input\" type=\"search\" name=\"s\" value=\"\">\n\t\t\t\t\t\n\t\t\t\t\t\t\t\t\t\t\t<button class=\"elementor-search-form__submit\" type=\"submit\" aria-label=\"Search\">\n\t\t\t\t\t\t\t\t\t\t\t\t\t\t\t<i aria-hidden=\"true\" class=\"fas fa-search\"><\/i>\t\t\t\t\t\t\t\t\t\t\t\t\t<\/button>\n\t\t\t\t\t\n\t\t\t\t\t\t\t\t\t<\/div>\n\t\t\t<\/form>\n\t\t<\/search>\n\t\t\t\t\t\t<\/div>\n\t\t\t\t<\/div>\n\t\t\t\t<div class=\"elementor-element elementor-element-3197658 elementor-hidden-desktop elementor-nav-menu--stretch elementor-nav-menu__align-center elementor-hidden-mobile elementor-nav-menu--dropdown-tablet elementor-nav-menu__text-align-aside elementor-nav-menu--toggle elementor-nav-menu--burger elementor-widget elementor-widget-nav-menu\" data-id=\"3197658\" data-element_type=\"widget\" data-e-type=\"widget\" data-settings=\"{&quot;full_width&quot;:&quot;stretch&quot;,&quot;layout&quot;:&quot;horizontal&quot;,&quot;submenu_icon&quot;:{&quot;value&quot;:&quot;&lt;i class=\\&quot;fas fa-caret-down\\&quot;&gt;&lt;\\\/i&gt;&quot;,&quot;library&quot;:&quot;fa-solid&quot;},&quot;toggle&quot;:&quot;burger&quot;}\" data-widget_type=\"nav-menu.default\">\n\t\t\t\t<div class=\"elementor-widget-container\">\n\t\t\t\t\t\t\t\t<nav aria-label=\"Menu\" class=\"elementor-nav-menu--main elementor-nav-menu__container elementor-nav-menu--layout-horizontal e--pointer-underline e--animation-fade\">\n\t\t\t\t<ul id=\"menu-1-3197658\" class=\"elementor-nav-menu\"><li class=\"menu-item menu-item-type-custom menu-item-object-custom menu-item-home menu-item-has-children menu-item-4097\"><a href=\"https:\/\/www.conam.org.ar\/web\/\" class=\"elementor-item\">Institucional<\/a>\n<ul class=\"sub-menu elementor-nav-menu--dropdown\">\n\t<li class=\"menu-item menu-item-type-post_type menu-item-object-page menu-item-767\"><a href=\"https:\/\/www.conam.org.ar\/web\/mision\/\" class=\"elementor-sub-item\">Misi\u00f3n y objetivos<\/a><\/li>\n\t<li class=\"menu-item menu-item-type-post_type menu-item-object-page menu-item-766\"><a href=\"https:\/\/www.conam.org.ar\/web\/vision\/\" class=\"elementor-sub-item\">Visi\u00f3n<\/a><\/li>\n\t<li class=\"menu-item menu-item-type-post_type menu-item-object-page menu-item-765\"><a href=\"https:\/\/www.conam.org.ar\/web\/sobre-conam\/\" class=\"elementor-sub-item\">Sobre CONAM<\/a><\/li>\n\t<li class=\"menu-item menu-item-type-post_type menu-item-object-page menu-item-3920\"><a href=\"https:\/\/www.conam.org.ar\/web\/estatutos\/\" class=\"elementor-sub-item\">Estatuto<\/a><\/li>\n\t<li class=\"menu-item menu-item-type-post_type menu-item-object-page menu-item-768\"><a href=\"https:\/\/www.conam.org.ar\/web\/autoridades\/\" class=\"elementor-sub-item\">Autoridades<\/a><\/li>\n<\/ul>\n<\/li>\n<li class=\"menu-item menu-item-type-post_type menu-item-object-page menu-item-4052\"><a href=\"https:\/\/www.conam.org.ar\/web\/federaciones\/\" class=\"elementor-item\">Federaciones<\/a><\/li>\n<li class=\"menu-item menu-item-type-post_type menu-item-object-page menu-item-has-children menu-item-770\"><a href=\"https:\/\/www.conam.org.ar\/web\/economia-solidaria\/\" class=\"elementor-item\">Econom\u00eda Solidaria<\/a>\n<ul class=\"sub-menu elementor-nav-menu--dropdown\">\n\t<li class=\"menu-item menu-item-type-post_type menu-item-object-page menu-item-771\"><a href=\"https:\/\/www.conam.org.ar\/web\/mutual-y-sus-principios\/\" class=\"elementor-sub-item\">Mutual y sus principios<\/a><\/li>\n\t<li class=\"menu-item menu-item-type-post_type menu-item-object-page menu-item-772\"><a href=\"https:\/\/www.conam.org.ar\/web\/actividad-de-las-mutuales\/\" class=\"elementor-sub-item\">Actividad de las mutuales<\/a><\/li>\n\t<li class=\"menu-item menu-item-type-post_type menu-item-object-page menu-item-773\"><a href=\"https:\/\/www.conam.org.ar\/web\/normativa\/\" class=\"elementor-sub-item\">Normativa<\/a><\/li>\n<\/ul>\n<\/li>\n<li class=\"menu-item menu-item-type-post_type menu-item-object-page menu-item-775\"><a href=\"https:\/\/www.conam.org.ar\/web\/mutuales-en-red\/\" class=\"elementor-item\">Servicios en red<\/a><\/li>\n<li class=\"menu-item menu-item-type-post_type menu-item-object-page menu-item-1610\"><a href=\"https:\/\/www.conam.org.ar\/web\/novedades\/\" class=\"elementor-item\">Novedades<\/a><\/li>\n<\/ul>\t\t\t<\/nav>\n\t\t\t\t\t<div class=\"elementor-menu-toggle\" role=\"button\" tabindex=\"0\" aria-label=\"Menu Toggle\" aria-expanded=\"false\">\n\t\t\t<i aria-hidden=\"true\" role=\"presentation\" class=\"elementor-menu-toggle__icon--open eicon-menu-bar\"><\/i><i aria-hidden=\"true\" role=\"presentation\" class=\"elementor-menu-toggle__icon--close eicon-close\"><\/i>\t\t<\/div>\n\t\t\t\t\t<nav class=\"elementor-nav-menu--dropdown elementor-nav-menu__container\" aria-hidden=\"true\">\n\t\t\t\t<ul id=\"menu-2-3197658\" class=\"elementor-nav-menu\"><li class=\"menu-item menu-item-type-custom menu-item-object-custom menu-item-home menu-item-has-children menu-item-4097\"><a href=\"https:\/\/www.conam.org.ar\/web\/\" class=\"elementor-item\" tabindex=\"-1\">Institucional<\/a>\n<ul class=\"sub-menu elementor-nav-menu--dropdown\">\n\t<li class=\"menu-item menu-item-type-post_type menu-item-object-page menu-item-767\"><a href=\"https:\/\/www.conam.org.ar\/web\/mision\/\" class=\"elementor-sub-item\" tabindex=\"-1\">Misi\u00f3n y objetivos<\/a><\/li>\n\t<li class=\"menu-item menu-item-type-post_type menu-item-object-page menu-item-766\"><a href=\"https:\/\/www.conam.org.ar\/web\/vision\/\" class=\"elementor-sub-item\" tabindex=\"-1\">Visi\u00f3n<\/a><\/li>\n\t<li class=\"menu-item menu-item-type-post_type menu-item-object-page menu-item-765\"><a href=\"https:\/\/www.conam.org.ar\/web\/sobre-conam\/\" class=\"elementor-sub-item\" tabindex=\"-1\">Sobre CONAM<\/a><\/li>\n\t<li class=\"menu-item menu-item-type-post_type menu-item-object-page menu-item-3920\"><a href=\"https:\/\/www.conam.org.ar\/web\/estatutos\/\" class=\"elementor-sub-item\" tabindex=\"-1\">Estatuto<\/a><\/li>\n\t<li class=\"menu-item menu-item-type-post_type menu-item-object-page menu-item-768\"><a href=\"https:\/\/www.conam.org.ar\/web\/autoridades\/\" class=\"elementor-sub-item\" tabindex=\"-1\">Autoridades<\/a><\/li>\n<\/ul>\n<\/li>\n<li class=\"menu-item menu-item-type-post_type menu-item-object-page menu-item-4052\"><a href=\"https:\/\/www.conam.org.ar\/web\/federaciones\/\" class=\"elementor-item\" tabindex=\"-1\">Federaciones<\/a><\/li>\n<li class=\"menu-item menu-item-type-post_type menu-item-object-page menu-item-has-children menu-item-770\"><a href=\"https:\/\/www.conam.org.ar\/web\/economia-solidaria\/\" class=\"elementor-item\" tabindex=\"-1\">Econom\u00eda Solidaria<\/a>\n<ul class=\"sub-menu elementor-nav-menu--dropdown\">\n\t<li class=\"menu-item menu-item-type-post_type menu-item-object-page menu-item-771\"><a href=\"https:\/\/www.conam.org.ar\/web\/mutual-y-sus-principios\/\" class=\"elementor-sub-item\" tabindex=\"-1\">Mutual y sus principios<\/a><\/li>\n\t<li class=\"menu-item menu-item-type-post_type menu-item-object-page menu-item-772\"><a href=\"https:\/\/www.conam.org.ar\/web\/actividad-de-las-mutuales\/\" class=\"elementor-sub-item\" tabindex=\"-1\">Actividad de las mutuales<\/a><\/li>\n\t<li class=\"menu-item menu-item-type-post_type menu-item-object-page menu-item-773\"><a href=\"https:\/\/www.conam.org.ar\/web\/normativa\/\" class=\"elementor-sub-item\" tabindex=\"-1\">Normativa<\/a><\/li>\n<\/ul>\n<\/li>\n<li class=\"menu-item menu-item-type-post_type menu-item-object-page menu-item-775\"><a href=\"https:\/\/www.conam.org.ar\/web\/mutuales-en-red\/\" class=\"elementor-item\" tabindex=\"-1\">Servicios en red<\/a><\/li>\n<li class=\"menu-item menu-item-type-post_type menu-item-object-page menu-item-1610\"><a href=\"https:\/\/www.conam.org.ar\/web\/novedades\/\" class=\"elementor-item\" tabindex=\"-1\">Novedades<\/a><\/li>\n<\/ul>\t\t\t<\/nav>\n\t\t\t\t\t\t<\/div>\n\t\t\t\t<\/div>\n\t\t\t\t\t<\/div>\n\t\t<\/div>\n\t\t\t\t\t<\/div>\n\t\t<\/section>\n\t\t\t\t<section class=\"elementor-section elementor-top-section elementor-element elementor-element-a540f51 elementor-section-full_width elementor-hidden-tablet elementor-hidden-phone elementor-section-height-default elementor-section-height-default\" data-id=\"a540f51\" data-element_type=\"section\" data-e-type=\"section\">\n\t\t\t\t\t\t<div class=\"elementor-container elementor-column-gap-default\">\n\t\t\t\t\t<div class=\"elementor-column elementor-col-100 elementor-top-column elementor-element elementor-element-e87a7ee\" data-id=\"e87a7ee\" data-element_type=\"column\" data-e-type=\"column\">\n\t\t\t<div class=\"elementor-widget-wrap elementor-element-populated\">\n\t\t\t\t\t\t<div class=\"elementor-element elementor-element-f563717 elementor-widget elementor-widget-spacer\" data-id=\"f563717\" data-element_type=\"widget\" data-e-type=\"widget\" data-widget_type=\"spacer.default\">\n\t\t\t\t<div class=\"elementor-widget-container\">\n\t\t\t\t\t\t\t<div class=\"elementor-spacer\">\n\t\t\t<div class=\"elementor-spacer-inner\"><\/div>\n\t\t<\/div>\n\t\t\t\t\t\t<\/div>\n\t\t\t\t<\/div>\n\t\t\t\t\t<\/div>\n\t\t<\/div>\n\t\t\t\t\t<\/div>\n\t\t<\/section>\n\t\t\t\t<\/div>\n\t\t<\/div>\n\t\t\t\t\t\t<\/div>\n\t\t\t\t<\/div>\n\t\t\t\t\t<\/div>\n\t\t<\/div>\n\t\t\t\t\t<\/div>\n\t\t<\/section>\n\t\t\t\t<section class=\"elementor-section elementor-top-section elementor-element elementor-element-4a8341a1 elementor-section-boxed elementor-section-height-default elementor-section-height-default\" data-id=\"4a8341a1\" data-element_type=\"section\" data-e-type=\"section\">\n\t\t\t\t\t\t<div class=\"elementor-container elementor-column-gap-default\">\n\t\t\t\t\t<div class=\"elementor-column elementor-col-100 elementor-top-column elementor-element elementor-element-50992b0d\" data-id=\"50992b0d\" data-element_type=\"column\" data-e-type=\"column\">\n\t\t\t<div class=\"elementor-widget-wrap elementor-element-populated\">\n\t\t\t\t\t\t<div class=\"elementor-element elementor-element-41bb4b8b elementor-widget elementor-widget-heading\" data-id=\"41bb4b8b\" data-element_type=\"widget\" data-e-type=\"widget\" data-widget_type=\"heading.default\">\n\t\t\t\t<div class=\"elementor-widget-container\">\n\t\t\t\t\t<h1 class=\"elementor-heading-title elementor-size-default\">FEDEMUR PARTICIP\u00d3 EN LA MULTITUDINARIA JORNADA \u201cNOS MOVEMOS POR LOS DERECHOS DE LAS PERSONAS MAYORES\u201d EN LA RIOJA <\/h1>\t\t\t\t<\/div>\n\t\t\t\t<\/div>\n\t\t\t\t\t<\/div>\n\t\t<\/div>\n\t\t\t\t\t<\/div>\n\t\t<\/section>\n\t\t\t\t<section class=\"elementor-section elementor-top-section elementor-element elementor-element-3e02815c elementor-section-boxed elementor-section-height-default elementor-section-height-default\" data-id=\"3e02815c\" data-element_type=\"section\" data-e-type=\"section\">\n\t\t\t\t\t\t<div class=\"elementor-container elementor-column-gap-default\">\n\t\t\t\t\t<div class=\"elementor-column elementor-col-100 elementor-top-column elementor-element elementor-element-517c3480\" data-id=\"517c3480\" data-element_type=\"column\" data-e-type=\"column\">\n\t\t\t<div class=\"elementor-widget-wrap elementor-element-populated\">\n\t\t\t\t\t\t<div class=\"elementor-element elementor-element-bb209c4 elementor-widget elementor-widget-image\" data-id=\"bb209c4\" data-element_type=\"widget\" data-e-type=\"widget\" data-widget_type=\"image.default\">\n\t\t\t\t<div class=\"elementor-widget-container\">\n\t\t\t\t\t\t\t\t\t\t\t\t\t\t\t<img fetchpriority=\"high\" decoding=\"async\" width=\"1536\" height=\"1153\" src=\"https:\/\/www.conam.org.ar\/web\/wp-content\/uploads\/2023\/06\/FEDEMUR-PARTICIPO-EN-LA-MULTITUDINARIA-JORNADA-NOS-MOVEMOS-POR-LOS-DERECHOS-DE-LAS-PERSONAS-MAYORES-EN-LA-7-1536x1153.jpeg\" class=\"attachment-1536x1536 size-1536x1536 wp-image-14122\" alt=\"\" srcset=\"https:\/\/www.conam.org.ar\/web\/wp-content\/uploads\/2023\/06\/FEDEMUR-PARTICIPO-EN-LA-MULTITUDINARIA-JORNADA-NOS-MOVEMOS-POR-LOS-DERECHOS-DE-LAS-PERSONAS-MAYORES-EN-LA-7-1536x1153.jpeg 1536w, https:\/\/www.conam.org.ar\/web\/wp-content\/uploads\/2023\/06\/FEDEMUR-PARTICIPO-EN-LA-MULTITUDINARIA-JORNADA-NOS-MOVEMOS-POR-LOS-DERECHOS-DE-LAS-PERSONAS-MAYORES-EN-LA-7-300x225.jpeg 300w, https:\/\/www.conam.org.ar\/web\/wp-content\/uploads\/2023\/06\/FEDEMUR-PARTICIPO-EN-LA-MULTITUDINARIA-JORNADA-NOS-MOVEMOS-POR-LOS-DERECHOS-DE-LAS-PERSONAS-MAYORES-EN-LA-7-1024x769.jpeg 1024w, https:\/\/www.conam.org.ar\/web\/wp-content\/uploads\/2023\/06\/FEDEMUR-PARTICIPO-EN-LA-MULTITUDINARIA-JORNADA-NOS-MOVEMOS-POR-LOS-DERECHOS-DE-LAS-PERSONAS-MAYORES-EN-LA-7-768x576.jpeg 768w, https:\/\/www.conam.org.ar\/web\/wp-content\/uploads\/2023\/06\/FEDEMUR-PARTICIPO-EN-LA-MULTITUDINARIA-JORNADA-NOS-MOVEMOS-POR-LOS-DERECHOS-DE-LAS-PERSONAS-MAYORES-EN-LA-7-380x285.jpeg 380w, https:\/\/www.conam.org.ar\/web\/wp-content\/uploads\/2023\/06\/FEDEMUR-PARTICIPO-EN-LA-MULTITUDINARIA-JORNADA-NOS-MOVEMOS-POR-LOS-DERECHOS-DE-LAS-PERSONAS-MAYORES-EN-LA-7-285x214.jpeg 285w, https:\/\/www.conam.org.ar\/web\/wp-content\/uploads\/2023\/06\/FEDEMUR-PARTICIPO-EN-LA-MULTITUDINARIA-JORNADA-NOS-MOVEMOS-POR-LOS-DERECHOS-DE-LAS-PERSONAS-MAYORES-EN-LA-7.jpeg 1600w\" sizes=\"(max-width: 1536px) 100vw, 1536px\" \/>\t\t\t\t\t\t\t\t\t\t\t\t\t\t\t<\/div>\n\t\t\t\t<\/div>\n\t\t\t\t\t<\/div>\n\t\t<\/div>\n\t\t\t\t\t<\/div>\n\t\t<\/section>\n\t\t\t\t<section class=\"elementor-section elementor-top-section elementor-element elementor-element-43969421 elementor-section-boxed elementor-section-height-default elementor-section-height-default\" data-id=\"43969421\" data-element_type=\"section\" data-e-type=\"section\">\n\t\t\t\t\t\t<div class=\"elementor-container elementor-column-gap-default\">\n\t\t\t\t\t<div class=\"elementor-column elementor-col-50 elementor-top-column elementor-element elementor-element-38a3b880\" data-id=\"38a3b880\" data-element_type=\"column\" data-e-type=\"column\">\n\t\t\t<div class=\"elementor-widget-wrap elementor-element-populated\">\n\t\t\t\t\t\t<div class=\"elementor-element elementor-element-27b49300 elementor-widget-divider--view-line elementor-widget elementor-widget-divider\" data-id=\"27b49300\" data-element_type=\"widget\" data-e-type=\"widget\" data-widget_type=\"divider.default\">\n\t\t\t\t<div class=\"elementor-widget-container\">\n\t\t\t\t\t\t\t<div class=\"elementor-divider\">\n\t\t\t<span class=\"elementor-divider-separator\">\n\t\t\t\t\t\t<\/span>\n\t\t<\/div>\n\t\t\t\t\t\t<\/div>\n\t\t\t\t<\/div>\n\t\t\t\t<div class=\"elementor-element elementor-element-5dc42675 elementor-shape-circle elementor-grid-mobile-0 elementor-grid-0 e-grid-align-center elementor-widget elementor-widget-social-icons\" data-id=\"5dc42675\" data-element_type=\"widget\" data-e-type=\"widget\" data-widget_type=\"social-icons.default\">\n\t\t\t\t<div class=\"elementor-widget-container\">\n\t\t\t\t\t\t\t<div class=\"elementor-social-icons-wrapper elementor-grid\" role=\"list\">\n\t\t\t\t\t\t\t<span class=\"elementor-grid-item\" role=\"listitem\">\n\t\t\t\t\t<a class=\"elementor-icon elementor-social-icon elementor-social-icon-facebook-f elementor-repeater-item-7e76215\" href=\"https:\/\/www.facebook.com\/ConamMutualismo\" target=\"_blank\">\n\t\t\t\t\t\t<span class=\"elementor-screen-only\">Facebook-f<\/span>\n\t\t\t\t\t\t<i aria-hidden=\"true\" class=\"fab fa-facebook-f\"><\/i>\t\t\t\t\t<\/a>\n\t\t\t\t<\/span>\n\t\t\t\t\t\t\t<span class=\"elementor-grid-item\" role=\"listitem\">\n\t\t\t\t\t<a class=\"elementor-icon elementor-social-icon elementor-social-icon-twitter elementor-repeater-item-f4248f0\" href=\"https:\/\/twitter.com\/conammutual?lang=es\" target=\"_blank\">\n\t\t\t\t\t\t<span class=\"elementor-screen-only\">Twitter<\/span>\n\t\t\t\t\t\t<i aria-hidden=\"true\" class=\"fab fa-twitter\"><\/i>\t\t\t\t\t<\/a>\n\t\t\t\t<\/span>\n\t\t\t\t\t\t\t<span class=\"elementor-grid-item\" role=\"listitem\">\n\t\t\t\t\t<a class=\"elementor-icon elementor-social-icon elementor-social-icon-instagram elementor-repeater-item-8b02ba4\" href=\"https:\/\/www.instagram.com\/conammutualismo\/\" target=\"_blank\">\n\t\t\t\t\t\t<span class=\"elementor-screen-only\">Instagram<\/span>\n\t\t\t\t\t\t<i aria-hidden=\"true\" class=\"fab fa-instagram\"><\/i>\t\t\t\t\t<\/a>\n\t\t\t\t<\/span>\n\t\t\t\t\t\t\t<span class=\"elementor-grid-item\" role=\"listitem\">\n\t\t\t\t\t<a class=\"elementor-icon elementor-social-icon elementor-social-icon-envelope elementor-repeater-item-742fba0\" target=\"_blank\">\n\t\t\t\t\t\t<span class=\"elementor-screen-only\">Envelope<\/span>\n\t\t\t\t\t\t<i aria-hidden=\"true\" class=\"far fa-envelope\"><\/i>\t\t\t\t\t<\/a>\n\t\t\t\t<\/span>\n\t\t\t\t\t\t\t<span class=\"elementor-grid-item\" role=\"listitem\">\n\t\t\t\t\t<a class=\"elementor-icon elementor-social-icon elementor-social-icon-youtube elementor-repeater-item-ace45c9\" href=\"https:\/\/www.youtube.com\/channel\/UC7KxMlgG6jBLkTb5_MT1Mag\" target=\"_blank\">\n\t\t\t\t\t\t<span class=\"elementor-screen-only\">Youtube<\/span>\n\t\t\t\t\t\t<i aria-hidden=\"true\" class=\"fab fa-youtube\"><\/i>\t\t\t\t\t<\/a>\n\t\t\t\t<\/span>\n\t\t\t\t\t<\/div>\n\t\t\t\t\t\t<\/div>\n\t\t\t\t<\/div>\n\t\t\t\t<div class=\"elementor-element elementor-element-355fd67e elementor-widget-divider--view-line elementor-widget elementor-widget-divider\" data-id=\"355fd67e\" data-element_type=\"widget\" data-e-type=\"widget\" data-widget_type=\"divider.default\">\n\t\t\t\t<div class=\"elementor-widget-container\">\n\t\t\t\t\t\t\t<div class=\"elementor-divider\">\n\t\t\t<span class=\"elementor-divider-separator\">\n\t\t\t\t\t\t<\/span>\n\t\t<\/div>\n\t\t\t\t\t\t<\/div>\n\t\t\t\t<\/div>\n\t\t\t\t<div class=\"elementor-element elementor-element-52304868 elementor-widget elementor-widget-text-editor\" data-id=\"52304868\" data-element_type=\"widget\" data-e-type=\"widget\" data-widget_type=\"text-editor.default\">\n\t\t\t\t<div class=\"elementor-widget-container\">\n\t\t\t\t\t\t\t\t\t<p>La Federaci\u00f3n de Mutuales Riojanas <strong>(FEDEMUR) particip\u00f3 en la multitudinaria jornada \u201cNos Movemos por los Derechos de las Personas Mayores\u201d<\/strong> <strong>organizada por la Direcci\u00f3n General del Consejo Provincial de Adultos Mayores de La Rioja<\/strong> en la plaza 25 de mayo de la capital de dicha provincia, el pasado 15 de junio, <strong>en el marco del D\u00eda Mundial de Toma de Conciencia Sobre el Abuso y el Maltrato Hacia las Personas Mayores.<\/strong><\/p>\t\t\t\t\t\t\t\t<\/div>\n\t\t\t\t<\/div>\n\t\t\t\t<div class=\"elementor-element elementor-element-53af5fb elementor-widget elementor-widget-text-editor\" data-id=\"53af5fb\" data-element_type=\"widget\" data-e-type=\"widget\" data-widget_type=\"text-editor.default\">\n\t\t\t\t<div class=\"elementor-widget-container\">\n\t\t\t\t\t\t\t\t\t<p><strong>En el encuentro estuvo el Ministro de Desarrollo, Igualdad e Integraci\u00f3n Social de La Rioja,<\/strong> <strong>Alfredo Menem; la Presidenta de FEDEMUR, Mabel P\u00e1ez;<\/strong> y autoridades provinciales, equipos t\u00e9cnicos de profesionales del cuidado, diversas instituciones no gubernamentales, integrantes de la Universidad Para el Adulto Mayor (UPAM) y alumnos\/as de escuelas de la zona.<\/p>\t\t\t\t\t\t\t\t<\/div>\n\t\t\t\t<\/div>\n\t\t\t\t<div class=\"elementor-element elementor-element-44c162cf elementor-widget elementor-widget-image\" data-id=\"44c162cf\" data-element_type=\"widget\" data-e-type=\"widget\" data-widget_type=\"image.default\">\n\t\t\t\t<div class=\"elementor-widget-container\">\n\t\t\t\t\t\t\t\t\t\t\t\t\t\t\t<img decoding=\"async\" width=\"1152\" height=\"1536\" src=\"https:\/\/www.conam.org.ar\/web\/wp-content\/uploads\/2023\/06\/FEDEMUR-PARTICIPO-EN-LA-MULTITUDINARIA-JORNADA-NOS-MOVEMOS-POR-LOS-DERECHOS-DE-LAS-PERSONAS-MAYORES-EN-LA-6-1152x1536.jpeg\" class=\"attachment-1536x1536 size-1536x1536 wp-image-14125\" alt=\"\" srcset=\"https:\/\/www.conam.org.ar\/web\/wp-content\/uploads\/2023\/06\/FEDEMUR-PARTICIPO-EN-LA-MULTITUDINARIA-JORNADA-NOS-MOVEMOS-POR-LOS-DERECHOS-DE-LAS-PERSONAS-MAYORES-EN-LA-6-1152x1536.jpeg 1152w, https:\/\/www.conam.org.ar\/web\/wp-content\/uploads\/2023\/06\/FEDEMUR-PARTICIPO-EN-LA-MULTITUDINARIA-JORNADA-NOS-MOVEMOS-POR-LOS-DERECHOS-DE-LAS-PERSONAS-MAYORES-EN-LA-6-225x300.jpeg 225w, https:\/\/www.conam.org.ar\/web\/wp-content\/uploads\/2023\/06\/FEDEMUR-PARTICIPO-EN-LA-MULTITUDINARIA-JORNADA-NOS-MOVEMOS-POR-LOS-DERECHOS-DE-LAS-PERSONAS-MAYORES-EN-LA-6-768x1024.jpeg 768w, https:\/\/www.conam.org.ar\/web\/wp-content\/uploads\/2023\/06\/FEDEMUR-PARTICIPO-EN-LA-MULTITUDINARIA-JORNADA-NOS-MOVEMOS-POR-LOS-DERECHOS-DE-LAS-PERSONAS-MAYORES-EN-LA-6.jpeg 1200w\" sizes=\"(max-width: 1152px) 100vw, 1152px\" \/>\t\t\t\t\t\t\t\t\t\t\t\t\t\t\t<\/div>\n\t\t\t\t<\/div>\n\t\t\t\t<div class=\"elementor-element elementor-element-40386138 elementor-widget elementor-widget-text-editor\" data-id=\"40386138\" data-element_type=\"widget\" data-e-type=\"widget\" data-widget_type=\"text-editor.default\">\n\t\t\t\t<div class=\"elementor-widget-container\">\n\t\t\t\t\t\t\t\t\t<p>La Jornada tuvo la alegr\u00eda de contar con personas de todas las edades <strong>apoyando y visibilizando la protecci\u00f3n de los derechos de esta franja etaria, mostrando la expresa oposici\u00f3n a cualquier tipo de maltrato o abuso hacia nuestros adultos mayores.<\/strong> Al respecto, durante toda la tarde quienes estuvieron presentes en la plaza llevaron globos, carteles con frases, pa\u00f1uelos, vestimenta y pines de color lila en alusi\u00f3n a la significativa fecha.<\/p>\t\t\t\t\t\t\t\t<\/div>\n\t\t\t\t<\/div>\n\t\t\t\t<div class=\"elementor-element elementor-element-209dddb4 elementor-widget elementor-widget-image\" data-id=\"209dddb4\" data-element_type=\"widget\" data-e-type=\"widget\" data-widget_type=\"image.default\">\n\t\t\t\t<div class=\"elementor-widget-container\">\n\t\t\t\t\t\t\t\t\t\t\t\t\t\t\t<img loading=\"lazy\" decoding=\"async\" width=\"1024\" height=\"768\" src=\"https:\/\/www.conam.org.ar\/web\/wp-content\/uploads\/2023\/06\/FEDEMUR-PARTICIPO-EN-LA-MULTITUDINARIA-JORNADA-NOS-MOVEMOS-POR-LOS-DERECHOS-DE-LAS-PERSONAS-MAYORES-EN-LA-4-1024x768.jpeg\" class=\"attachment-large size-large wp-image-14126\" alt=\"\" srcset=\"https:\/\/www.conam.org.ar\/web\/wp-content\/uploads\/2023\/06\/FEDEMUR-PARTICIPO-EN-LA-MULTITUDINARIA-JORNADA-NOS-MOVEMOS-POR-LOS-DERECHOS-DE-LAS-PERSONAS-MAYORES-EN-LA-4-1024x768.jpeg 1024w, https:\/\/www.conam.org.ar\/web\/wp-content\/uploads\/2023\/06\/FEDEMUR-PARTICIPO-EN-LA-MULTITUDINARIA-JORNADA-NOS-MOVEMOS-POR-LOS-DERECHOS-DE-LAS-PERSONAS-MAYORES-EN-LA-4-300x225.jpeg 300w, https:\/\/www.conam.org.ar\/web\/wp-content\/uploads\/2023\/06\/FEDEMUR-PARTICIPO-EN-LA-MULTITUDINARIA-JORNADA-NOS-MOVEMOS-POR-LOS-DERECHOS-DE-LAS-PERSONAS-MAYORES-EN-LA-4-768x576.jpeg 768w, https:\/\/www.conam.org.ar\/web\/wp-content\/uploads\/2023\/06\/FEDEMUR-PARTICIPO-EN-LA-MULTITUDINARIA-JORNADA-NOS-MOVEMOS-POR-LOS-DERECHOS-DE-LAS-PERSONAS-MAYORES-EN-LA-4-1536x1152.jpeg 1536w, https:\/\/www.conam.org.ar\/web\/wp-content\/uploads\/2023\/06\/FEDEMUR-PARTICIPO-EN-LA-MULTITUDINARIA-JORNADA-NOS-MOVEMOS-POR-LOS-DERECHOS-DE-LAS-PERSONAS-MAYORES-EN-LA-4-380x285.jpeg 380w, https:\/\/www.conam.org.ar\/web\/wp-content\/uploads\/2023\/06\/FEDEMUR-PARTICIPO-EN-LA-MULTITUDINARIA-JORNADA-NOS-MOVEMOS-POR-LOS-DERECHOS-DE-LAS-PERSONAS-MAYORES-EN-LA-4-285x214.jpeg 285w, https:\/\/www.conam.org.ar\/web\/wp-content\/uploads\/2023\/06\/FEDEMUR-PARTICIPO-EN-LA-MULTITUDINARIA-JORNADA-NOS-MOVEMOS-POR-LOS-DERECHOS-DE-LAS-PERSONAS-MAYORES-EN-LA-4.jpeg 1600w\" sizes=\"(max-width: 1024px) 100vw, 1024px\" \/>\t\t\t\t\t\t\t\t\t\t\t\t\t\t\t<\/div>\n\t\t\t\t<\/div>\n\t\t\t\t<div class=\"elementor-element elementor-element-1338c18 elementor-widget elementor-widget-image\" data-id=\"1338c18\" data-element_type=\"widget\" data-e-type=\"widget\" data-widget_type=\"image.default\">\n\t\t\t\t<div class=\"elementor-widget-container\">\n\t\t\t\t\t\t\t\t\t\t\t\t\t\t\t<img loading=\"lazy\" decoding=\"async\" width=\"1024\" height=\"768\" src=\"https:\/\/www.conam.org.ar\/web\/wp-content\/uploads\/2023\/06\/FEDEMUR-PARTICIPO-EN-LA-MULTITUDINARIA-JORNADA-NOS-MOVEMOS-POR-LOS-DERECHOS-DE-LAS-PERSONAS-MAYORES-EN-LA--1024x768.jpg\" class=\"attachment-large size-large wp-image-14129\" alt=\"\" srcset=\"https:\/\/www.conam.org.ar\/web\/wp-content\/uploads\/2023\/06\/FEDEMUR-PARTICIPO-EN-LA-MULTITUDINARIA-JORNADA-NOS-MOVEMOS-POR-LOS-DERECHOS-DE-LAS-PERSONAS-MAYORES-EN-LA--1024x768.jpg 1024w, https:\/\/www.conam.org.ar\/web\/wp-content\/uploads\/2023\/06\/FEDEMUR-PARTICIPO-EN-LA-MULTITUDINARIA-JORNADA-NOS-MOVEMOS-POR-LOS-DERECHOS-DE-LAS-PERSONAS-MAYORES-EN-LA--300x225.jpg 300w, https:\/\/www.conam.org.ar\/web\/wp-content\/uploads\/2023\/06\/FEDEMUR-PARTICIPO-EN-LA-MULTITUDINARIA-JORNADA-NOS-MOVEMOS-POR-LOS-DERECHOS-DE-LAS-PERSONAS-MAYORES-EN-LA--768x576.jpg 768w, https:\/\/www.conam.org.ar\/web\/wp-content\/uploads\/2023\/06\/FEDEMUR-PARTICIPO-EN-LA-MULTITUDINARIA-JORNADA-NOS-MOVEMOS-POR-LOS-DERECHOS-DE-LAS-PERSONAS-MAYORES-EN-LA--1536x1152.jpg 1536w, https:\/\/www.conam.org.ar\/web\/wp-content\/uploads\/2023\/06\/FEDEMUR-PARTICIPO-EN-LA-MULTITUDINARIA-JORNADA-NOS-MOVEMOS-POR-LOS-DERECHOS-DE-LAS-PERSONAS-MAYORES-EN-LA--380x285.jpg 380w, https:\/\/www.conam.org.ar\/web\/wp-content\/uploads\/2023\/06\/FEDEMUR-PARTICIPO-EN-LA-MULTITUDINARIA-JORNADA-NOS-MOVEMOS-POR-LOS-DERECHOS-DE-LAS-PERSONAS-MAYORES-EN-LA--285x214.jpg 285w, https:\/\/www.conam.org.ar\/web\/wp-content\/uploads\/2023\/06\/FEDEMUR-PARTICIPO-EN-LA-MULTITUDINARIA-JORNADA-NOS-MOVEMOS-POR-LOS-DERECHOS-DE-LAS-PERSONAS-MAYORES-EN-LA-.jpg 1600w\" sizes=\"(max-width: 1024px) 100vw, 1024px\" \/>\t\t\t\t\t\t\t\t\t\t\t\t\t\t\t<\/div>\n\t\t\t\t<\/div>\n\t\t\t\t<div class=\"elementor-element elementor-element-65485c17 elementor-widget elementor-widget-text-editor\" data-id=\"65485c17\" data-element_type=\"widget\" data-e-type=\"widget\" data-widget_type=\"text-editor.default\">\n\t\t\t\t<div class=\"elementor-widget-container\">\n\t\t\t\t\t\t\t\t\t<p>Asimismo, <strong>hubo diversos stands donde se brind\u00f3 informaci\u00f3n complementar\u00eda y se respond\u00eda las dudas y consultas en torno a este t\u00f3pico social.<\/strong> Adem\u00e1s, el elenco estable de UPAM realiz\u00f3 un baile folcl\u00f3rico con vestimenta alusiva al importante d\u00eda.<\/p>\t\t\t\t\t\t\t\t<\/div>\n\t\t\t\t<\/div>\n\t\t\t\t<div class=\"elementor-element elementor-element-17a19cef elementor-widget elementor-widget-text-editor\" data-id=\"17a19cef\" data-element_type=\"widget\" data-e-type=\"widget\" data-widget_type=\"text-editor.default\">\n\t\t\t\t<div class=\"elementor-widget-container\">\n\t\t\t\t\t\t\t\t\t<p><strong>Desde CONAM apoyamos fervientemente esta iniciativa que brega por el bienestar f\u00edsico y social de los adultos mayores. Esta Confederaci\u00f3n se encuentra trabajando mancomunadamente con diversos actores sociales y organizaciones que trabajan para defender los derechos humanos de millones de adultos mayores en todo el mundo. En este sentido, representa un problema social internacional que nos debe comprometer a todos, requiriendo la atenci\u00f3n debida por parte de la comunidad internacional y exigiendo medidas certeras y pragm\u00e1ticas para resolver esta situaci\u00f3n.<\/strong><\/p>\t\t\t\t\t\t\t\t<\/div>\n\t\t\t\t<\/div>\n\t\t\t\t<div class=\"elementor-element elementor-element-f43c874 elementor-widget elementor-widget-image\" data-id=\"f43c874\" data-element_type=\"widget\" data-e-type=\"widget\" data-widget_type=\"image.default\">\n\t\t\t\t<div class=\"elementor-widget-container\">\n\t\t\t\t\t\t\t\t\t\t\t\t\t\t\t<img loading=\"lazy\" decoding=\"async\" width=\"1024\" height=\"768\" src=\"https:\/\/www.conam.org.ar\/web\/wp-content\/uploads\/2023\/06\/FEDEMUR-PARTICIPO-EN-LA-MULTITUDINARIA-JORNADA-NOS-MOVEMOS-POR-LOS-DERECHOS-DE-LAS-PERSONAS-MAYORES-EN-LA-6-1-1024x768.jpg\" class=\"attachment-large size-large wp-image-14128\" alt=\"\" srcset=\"https:\/\/www.conam.org.ar\/web\/wp-content\/uploads\/2023\/06\/FEDEMUR-PARTICIPO-EN-LA-MULTITUDINARIA-JORNADA-NOS-MOVEMOS-POR-LOS-DERECHOS-DE-LAS-PERSONAS-MAYORES-EN-LA-6-1-1024x768.jpg 1024w, https:\/\/www.conam.org.ar\/web\/wp-content\/uploads\/2023\/06\/FEDEMUR-PARTICIPO-EN-LA-MULTITUDINARIA-JORNADA-NOS-MOVEMOS-POR-LOS-DERECHOS-DE-LAS-PERSONAS-MAYORES-EN-LA-6-1-300x225.jpg 300w, https:\/\/www.conam.org.ar\/web\/wp-content\/uploads\/2023\/06\/FEDEMUR-PARTICIPO-EN-LA-MULTITUDINARIA-JORNADA-NOS-MOVEMOS-POR-LOS-DERECHOS-DE-LAS-PERSONAS-MAYORES-EN-LA-6-1-768x576.jpg 768w, https:\/\/www.conam.org.ar\/web\/wp-content\/uploads\/2023\/06\/FEDEMUR-PARTICIPO-EN-LA-MULTITUDINARIA-JORNADA-NOS-MOVEMOS-POR-LOS-DERECHOS-DE-LAS-PERSONAS-MAYORES-EN-LA-6-1-1536x1152.jpg 1536w, https:\/\/www.conam.org.ar\/web\/wp-content\/uploads\/2023\/06\/FEDEMUR-PARTICIPO-EN-LA-MULTITUDINARIA-JORNADA-NOS-MOVEMOS-POR-LOS-DERECHOS-DE-LAS-PERSONAS-MAYORES-EN-LA-6-1-380x285.jpg 380w, https:\/\/www.conam.org.ar\/web\/wp-content\/uploads\/2023\/06\/FEDEMUR-PARTICIPO-EN-LA-MULTITUDINARIA-JORNADA-NOS-MOVEMOS-POR-LOS-DERECHOS-DE-LAS-PERSONAS-MAYORES-EN-LA-6-1-285x214.jpg 285w, https:\/\/www.conam.org.ar\/web\/wp-content\/uploads\/2023\/06\/FEDEMUR-PARTICIPO-EN-LA-MULTITUDINARIA-JORNADA-NOS-MOVEMOS-POR-LOS-DERECHOS-DE-LAS-PERSONAS-MAYORES-EN-LA-6-1.jpg 1600w\" sizes=\"(max-width: 1024px) 100vw, 1024px\" \/>\t\t\t\t\t\t\t\t\t\t\t\t\t\t\t<\/div>\n\t\t\t\t<\/div>\n\t\t\t\t<div class=\"elementor-element elementor-element-7547b6c4 elementor-widget elementor-widget-image\" data-id=\"7547b6c4\" data-element_type=\"widget\" data-e-type=\"widget\" data-widget_type=\"image.default\">\n\t\t\t\t<div class=\"elementor-widget-container\">\n\t\t\t\t\t\t\t\t\t\t\t\t\t\t\t<img loading=\"lazy\" decoding=\"async\" width=\"1024\" height=\"768\" src=\"https:\/\/www.conam.org.ar\/web\/wp-content\/uploads\/2023\/06\/FEDEMUR-PARTICIPO-EN-LA-MULTITUDINARIA-JORNADA-NOS-MOVEMOS-POR-LOS-DERECHOS-DE-LAS-PERSONAS-MAYORES-EN-LA-8-1024x768.jpeg\" class=\"attachment-large size-large wp-image-14127\" alt=\"\" srcset=\"https:\/\/www.conam.org.ar\/web\/wp-content\/uploads\/2023\/06\/FEDEMUR-PARTICIPO-EN-LA-MULTITUDINARIA-JORNADA-NOS-MOVEMOS-POR-LOS-DERECHOS-DE-LAS-PERSONAS-MAYORES-EN-LA-8-1024x768.jpeg 1024w, https:\/\/www.conam.org.ar\/web\/wp-content\/uploads\/2023\/06\/FEDEMUR-PARTICIPO-EN-LA-MULTITUDINARIA-JORNADA-NOS-MOVEMOS-POR-LOS-DERECHOS-DE-LAS-PERSONAS-MAYORES-EN-LA-8-300x225.jpeg 300w, https:\/\/www.conam.org.ar\/web\/wp-content\/uploads\/2023\/06\/FEDEMUR-PARTICIPO-EN-LA-MULTITUDINARIA-JORNADA-NOS-MOVEMOS-POR-LOS-DERECHOS-DE-LAS-PERSONAS-MAYORES-EN-LA-8-768x576.jpeg 768w, https:\/\/www.conam.org.ar\/web\/wp-content\/uploads\/2023\/06\/FEDEMUR-PARTICIPO-EN-LA-MULTITUDINARIA-JORNADA-NOS-MOVEMOS-POR-LOS-DERECHOS-DE-LAS-PERSONAS-MAYORES-EN-LA-8-1536x1152.jpeg 1536w, https:\/\/www.conam.org.ar\/web\/wp-content\/uploads\/2023\/06\/FEDEMUR-PARTICIPO-EN-LA-MULTITUDINARIA-JORNADA-NOS-MOVEMOS-POR-LOS-DERECHOS-DE-LAS-PERSONAS-MAYORES-EN-LA-8-380x285.jpeg 380w, https:\/\/www.conam.org.ar\/web\/wp-content\/uploads\/2023\/06\/FEDEMUR-PARTICIPO-EN-LA-MULTITUDINARIA-JORNADA-NOS-MOVEMOS-POR-LOS-DERECHOS-DE-LAS-PERSONAS-MAYORES-EN-LA-8-285x214.jpeg 285w, https:\/\/www.conam.org.ar\/web\/wp-content\/uploads\/2023\/06\/FEDEMUR-PARTICIPO-EN-LA-MULTITUDINARIA-JORNADA-NOS-MOVEMOS-POR-LOS-DERECHOS-DE-LAS-PERSONAS-MAYORES-EN-LA-8.jpeg 1600w\" sizes=\"(max-width: 1024px) 100vw, 1024px\" \/>\t\t\t\t\t\t\t\t\t\t\t\t\t\t\t<\/div>\n\t\t\t\t<\/div>\n\t\t\t\t<div class=\"elementor-element elementor-element-10fc34a elementor-widget elementor-widget-image\" data-id=\"10fc34a\" data-element_type=\"widget\" data-e-type=\"widget\" data-widget_type=\"image.default\">\n\t\t\t\t<div class=\"elementor-widget-container\">\n\t\t\t\t\t\t\t\t\t\t\t\t\t\t\t<img loading=\"lazy\" decoding=\"async\" width=\"1024\" height=\"768\" src=\"https:\/\/www.conam.org.ar\/web\/wp-content\/uploads\/2023\/06\/FEDEMUR-PARTICIPO-EN-LA-MULTITUDINARIA-JORNADA-NOS-MOVEMOS-POR-LOS-DERECHOS-DE-LAS-PERSONAS-MAYORES-EN-LA-3-1024x768.jpg\" class=\"attachment-large size-large wp-image-14130\" alt=\"\" srcset=\"https:\/\/www.conam.org.ar\/web\/wp-content\/uploads\/2023\/06\/FEDEMUR-PARTICIPO-EN-LA-MULTITUDINARIA-JORNADA-NOS-MOVEMOS-POR-LOS-DERECHOS-DE-LAS-PERSONAS-MAYORES-EN-LA-3-1024x768.jpg 1024w, https:\/\/www.conam.org.ar\/web\/wp-content\/uploads\/2023\/06\/FEDEMUR-PARTICIPO-EN-LA-MULTITUDINARIA-JORNADA-NOS-MOVEMOS-POR-LOS-DERECHOS-DE-LAS-PERSONAS-MAYORES-EN-LA-3-300x225.jpg 300w, https:\/\/www.conam.org.ar\/web\/wp-content\/uploads\/2023\/06\/FEDEMUR-PARTICIPO-EN-LA-MULTITUDINARIA-JORNADA-NOS-MOVEMOS-POR-LOS-DERECHOS-DE-LAS-PERSONAS-MAYORES-EN-LA-3-768x576.jpg 768w, https:\/\/www.conam.org.ar\/web\/wp-content\/uploads\/2023\/06\/FEDEMUR-PARTICIPO-EN-LA-MULTITUDINARIA-JORNADA-NOS-MOVEMOS-POR-LOS-DERECHOS-DE-LAS-PERSONAS-MAYORES-EN-LA-3-1536x1152.jpg 1536w, https:\/\/www.conam.org.ar\/web\/wp-content\/uploads\/2023\/06\/FEDEMUR-PARTICIPO-EN-LA-MULTITUDINARIA-JORNADA-NOS-MOVEMOS-POR-LOS-DERECHOS-DE-LAS-PERSONAS-MAYORES-EN-LA-3-380x285.jpg 380w, https:\/\/www.conam.org.ar\/web\/wp-content\/uploads\/2023\/06\/FEDEMUR-PARTICIPO-EN-LA-MULTITUDINARIA-JORNADA-NOS-MOVEMOS-POR-LOS-DERECHOS-DE-LAS-PERSONAS-MAYORES-EN-LA-3-285x214.jpg 285w, https:\/\/www.conam.org.ar\/web\/wp-content\/uploads\/2023\/06\/FEDEMUR-PARTICIPO-EN-LA-MULTITUDINARIA-JORNADA-NOS-MOVEMOS-POR-LOS-DERECHOS-DE-LAS-PERSONAS-MAYORES-EN-LA-3.jpg 1600w\" sizes=\"(max-width: 1024px) 100vw, 1024px\" \/>\t\t\t\t\t\t\t\t\t\t\t\t\t\t\t<\/div>\n\t\t\t\t<\/div>\n\t\t\t\t\t<\/div>\n\t\t<\/div>\n\t\t\t\t<div class=\"elementor-column elementor-col-50 elementor-top-column elementor-element elementor-element-6e26204d elementor-hidden-phone\" data-id=\"6e26204d\" data-element_type=\"column\" data-e-type=\"column\">\n\t\t\t<div class=\"elementor-widget-wrap elementor-element-populated\">\n\t\t\t\t\t\t<div class=\"elementor-element elementor-element-14f65891 elementor-widget elementor-widget-spacer\" data-id=\"14f65891\" data-element_type=\"widget\" data-e-type=\"widget\" data-widget_type=\"spacer.default\">\n\t\t\t\t<div class=\"elementor-widget-container\">\n\t\t\t\t\t\t\t<div class=\"elementor-spacer\">\n\t\t\t<div class=\"elementor-spacer-inner\"><\/div>\n\t\t<\/div>\n\t\t\t\t\t\t<\/div>\n\t\t\t\t<\/div>\n\t\t\t\t<div class=\"elementor-element elementor-element-775acc87 elementor-widget elementor-widget-heading\" data-id=\"775acc87\" data-element_type=\"widget\" data-e-type=\"widget\" data-widget_type=\"heading.default\">\n\t\t\t\t<div class=\"elementor-widget-container\">\n\t\t\t\t\t<h1 class=\"elementor-heading-title elementor-size-default\">REDES SOCIALES<\/h1>\t\t\t\t<\/div>\n\t\t\t\t<\/div>\n\t\t\t\t<div class=\"elementor-element elementor-element-655b8882 elementor-widget elementor-widget-spacer\" data-id=\"655b8882\" data-element_type=\"widget\" data-e-type=\"widget\" data-widget_type=\"spacer.default\">\n\t\t\t\t<div class=\"elementor-widget-container\">\n\t\t\t\t\t\t\t<div class=\"elementor-spacer\">\n\t\t\t<div class=\"elementor-spacer-inner\"><\/div>\n\t\t<\/div>\n\t\t\t\t\t\t<\/div>\n\t\t\t\t<\/div>\n\t\t\t\t<div class=\"elementor-element elementor-element-6d0c09fd elementor-hidden-tablet elementor-hidden-phone elementor-widget elementor-widget-html\" data-id=\"6d0c09fd\" data-element_type=\"widget\" data-e-type=\"widget\" data-widget_type=\"html.default\">\n\t\t\t\t<div class=\"elementor-widget-container\">\n\t\t\t\t\t<iframe src=\"https:\/\/www.facebook.com\/plugins\/page.php?href=https%3A%2F%2Fwww.facebook.com%2FConamMutualismo&tabs=timeline&width=415&height=500&small_header=false&adapt_container_width=false&hide_cover=false&show_facepile=true&appId\" width=\"415\" height=\"500\" style=\"border:none;overflow:hidden\" scrolling=\"no\" frameborder=\"0\" allowfullscreen=\"true\" allow=\"autoplay; clipboard-write; encrypted-media; picture-in-picture; web-share\"><\/iframe>\t\t\t\t<\/div>\n\t\t\t\t<\/div>\n\t\t\t\t<div class=\"elementor-element elementor-element-16278d67 elementor-hidden-desktop elementor-hidden-phone elementor-widget elementor-widget-html\" data-id=\"16278d67\" data-element_type=\"widget\" data-e-type=\"widget\" data-widget_type=\"html.default\">\n\t\t\t\t<div class=\"elementor-widget-container\">\n\t\t\t\t\t<iframe src=\"https:\/\/www.facebook.com\/plugins\/page.php?href=https%3A%2F%2Fwww.facebook.com%2FConamMutualismo&tabs=timeline&width=250&height=500&small_header=false&adapt_container_width=false&hide_cover=false&show_facepile=true&appId\" width=\"415\" height=\"500\" style=\"border:none;overflow:hidden\" scrolling=\"no\" frameborder=\"0\" allowfullscreen=\"true\" allow=\"autoplay; clipboard-write; encrypted-media; picture-in-picture; web-share\"><\/iframe>\t\t\t\t<\/div>\n\t\t\t\t<\/div>\n\t\t\t\t<div class=\"elementor-element elementor-element-5e0fa759 elementor-widget elementor-widget-spacer\" data-id=\"5e0fa759\" data-element_type=\"widget\" data-e-type=\"widget\" data-widget_type=\"spacer.default\">\n\t\t\t\t<div class=\"elementor-widget-container\">\n\t\t\t\t\t\t\t<div class=\"elementor-spacer\">\n\t\t\t<div class=\"elementor-spacer-inner\"><\/div>\n\t\t<\/div>\n\t\t\t\t\t\t<\/div>\n\t\t\t\t<\/div>\n\t\t\t\t<div class=\"elementor-element elementor-element-30bca994 elementor-widget__width-auto elementor-widget elementor-widget-shortcode\" data-id=\"30bca994\" data-element_type=\"widget\" data-e-type=\"widget\" data-widget_type=\"shortcode.default\">\n\t\t\t\t<div class=\"elementor-widget-container\">\n\t\t\t\t\t\t\t<div class=\"elementor-shortcode\"><a class=\"twitter-timeline\" data-width=\"500\" data-height=\"500\" data-theme=\"light\" href=\"https:\/\/twitter.com\/ConamMutual?ref_src=twsrc%5Etfw\">Tweets by ConamMutual<\/a> <script async src=\"https:\/\/platform.twitter.com\/widgets.js\" charset=\"utf-8\"><\/script><\/div>\n\t\t\t\t\t\t<\/div>\n\t\t\t\t<\/div>\n\t\t\t\t<div class=\"elementor-element elementor-element-4e8ec9fc elementor-widget elementor-widget-spacer\" data-id=\"4e8ec9fc\" data-element_type=\"widget\" data-e-type=\"widget\" data-widget_type=\"spacer.default\">\n\t\t\t\t<div class=\"elementor-widget-container\">\n\t\t\t\t\t\t\t<div class=\"elementor-spacer\">\n\t\t\t<div class=\"elementor-spacer-inner\"><\/div>\n\t\t<\/div>\n\t\t\t\t\t\t<\/div>\n\t\t\t\t<\/div>\n\t\t\t\t<div class=\"elementor-element elementor-element-6e16a02e elementor-widget elementor-widget-heading\" data-id=\"6e16a02e\" data-element_type=\"widget\" data-e-type=\"widget\" data-widget_type=\"heading.default\">\n\t\t\t\t<div class=\"elementor-widget-container\">\n\t\t\t\t\t<h1 class=\"elementor-heading-title elementor-size-default\">CONAM MEDIA<\/h1>\t\t\t\t<\/div>\n\t\t\t\t<\/div>\n\t\t\t\t<div class=\"elementor-element elementor-element-5cc4ce2b elementor-widget elementor-widget-image\" data-id=\"5cc4ce2b\" data-element_type=\"widget\" data-e-type=\"widget\" data-widget_type=\"image.default\">\n\t\t\t\t<div class=\"elementor-widget-container\">\n\t\t\t\t\t\t\t\t\t\t\t\t\t\t\t\t<a href=\"https:\/\/www.youtube.com\/channel\/UC7KxMlgG6jBLkTb5_MT1Mag\">\n\t\t\t\t\t\t\t<img loading=\"lazy\" decoding=\"async\" width=\"1080\" height=\"1080\" src=\"https:\/\/www.conam.org.ar\/web\/wp-content\/uploads\/2021\/03\/20_20210412_204328_0019-1.png\" class=\"attachment-1536x1536 size-1536x1536 wp-image-4632\" alt=\"\" srcset=\"https:\/\/www.conam.org.ar\/web\/wp-content\/uploads\/2021\/03\/20_20210412_204328_0019-1.png 1080w, https:\/\/www.conam.org.ar\/web\/wp-content\/uploads\/2021\/03\/20_20210412_204328_0019-1-300x300.png 300w, https:\/\/www.conam.org.ar\/web\/wp-content\/uploads\/2021\/03\/20_20210412_204328_0019-1-1024x1024.png 1024w, https:\/\/www.conam.org.ar\/web\/wp-content\/uploads\/2021\/03\/20_20210412_204328_0019-1-150x150.png 150w, https:\/\/www.conam.org.ar\/web\/wp-content\/uploads\/2021\/03\/20_20210412_204328_0019-1-768x768.png 768w, https:\/\/www.conam.org.ar\/web\/wp-content\/uploads\/2021\/03\/20_20210412_204328_0019-1-120x120.png 120w, https:\/\/www.conam.org.ar\/web\/wp-content\/uploads\/2021\/03\/20_20210412_204328_0019-1-105x105.png 105w, https:\/\/www.conam.org.ar\/web\/wp-content\/uploads\/2021\/03\/20_20210412_204328_0019-1-570x570.png 570w, https:\/\/www.conam.org.ar\/web\/wp-content\/uploads\/2021\/03\/20_20210412_204328_0019-1-380x380.png 380w, https:\/\/www.conam.org.ar\/web\/wp-content\/uploads\/2021\/03\/20_20210412_204328_0019-1-285x285.png 285w\" sizes=\"(max-width: 1080px) 100vw, 1080px\" \/>\t\t\t\t\t\t\t\t<\/a>\n\t\t\t\t\t\t\t\t\t\t\t\t\t\t\t<\/div>\n\t\t\t\t<\/div>\n\t\t\t\t\t<\/div>\n\t\t<\/div>\n\t\t\t\t\t<\/div>\n\t\t<\/section>\n\t\t\t\t<section class=\"elementor-section elementor-top-section elementor-element elementor-element-34f85709 elementor-section-full_width elementor-section-height-default elementor-section-height-default\" data-id=\"34f85709\" data-element_type=\"section\" data-e-type=\"section\">\n\t\t\t\t\t\t<div class=\"elementor-container elementor-column-gap-default\">\n\t\t\t\t\t<div class=\"elementor-column elementor-col-100 elementor-top-column elementor-element elementor-element-17a2dbec\" data-id=\"17a2dbec\" data-element_type=\"column\" data-e-type=\"column\">\n\t\t\t<div class=\"elementor-widget-wrap elementor-element-populated\">\n\t\t\t\t\t\t<div class=\"elementor-element elementor-element-5393075d elementor-widget elementor-widget-shortcode\" data-id=\"5393075d\" data-element_type=\"widget\" data-e-type=\"widget\" data-widget_type=\"shortcode.default\">\n\t\t\t\t<div class=\"elementor-widget-container\">\n\t\t\t\t\t\t\t<div class=\"elementor-shortcode\">\t\t<div data-elementor-type=\"footer\" data-elementor-id=\"4235\" class=\"elementor elementor-4235\" data-elementor-post-type=\"elementor_library\">\n\t\t\t\t\t<section class=\"elementor-section elementor-top-section elementor-element elementor-element-f02ad73 elementor-section-boxed elementor-section-height-default elementor-section-height-default\" data-id=\"f02ad73\" data-element_type=\"section\" data-e-type=\"section\">\n\t\t\t\t\t\t<div class=\"elementor-container elementor-column-gap-default\">\n\t\t\t\t\t<div class=\"elementor-column elementor-col-100 elementor-top-column elementor-element elementor-element-eef0fef\" data-id=\"eef0fef\" data-element_type=\"column\" data-e-type=\"column\">\n\t\t\t<div class=\"elementor-widget-wrap elementor-element-populated\">\n\t\t\t\t\t\t<div class=\"elementor-element elementor-element-a83cf47 elementor-widget elementor-widget-heading\" data-id=\"a83cf47\" data-element_type=\"widget\" data-e-type=\"widget\" data-widget_type=\"heading.default\">\n\t\t\t\t<div class=\"elementor-widget-container\">\n\t\t\t\t\t<h1 class=\"elementor-heading-title elementor-size-default\">VER M\u00c1S<\/h1>\t\t\t\t<\/div>\n\t\t\t\t<\/div>\n\t\t\t\t<div class=\"elementor-element elementor-element-6738753 elementor-widget elementor-widget-shortcode\" data-id=\"6738753\" data-element_type=\"widget\" data-e-type=\"widget\" data-widget_type=\"shortcode.default\">\n\t\t\t\t<div class=\"elementor-widget-container\">\n\t\t\t\t\t\t\t<div class=\"elementor-shortcode\">        <div class=\"wcp-carousel-main-wrap rpc-crsl-5 default\">\r\n        <section class=\"wcp-slick  matchheightenable\"   data-dots = on data-pauseonhover = on data-slidesToShow = 4 data-slidesToShowmob = 1 data-slidesToScroll = 1 data-cssEase = ease data-arrows = on id=\"carousel-3981\">\r\n\r\n                            <div class=\"slick-slide carousel-item-17736\">\r\n                    <figure class=\"rpc-style-5 rpc-wrapper\">\r\n  <div class=\"image\">\r\n    <div class=\"fixed-height-image\"><img loading=\"lazy\" decoding=\"async\" width=\"1638\" height=\"1070\" src=\"https:\/\/www.conam.org.ar\/web\/wp-content\/uploads\/2026\/04\/FEDETUR-Primer-Encuentro-Binacional-de-Mutuales-de-Turismo-en-PARAGUAY-2.jpeg\" class=\"attachment-2048x2048 size-2048x2048 wp-post-image\" alt=\"\" srcset=\"https:\/\/www.conam.org.ar\/web\/wp-content\/uploads\/2026\/04\/FEDETUR-Primer-Encuentro-Binacional-de-Mutuales-de-Turismo-en-PARAGUAY-2.jpeg 1638w, https:\/\/www.conam.org.ar\/web\/wp-content\/uploads\/2026\/04\/FEDETUR-Primer-Encuentro-Binacional-de-Mutuales-de-Turismo-en-PARAGUAY-2-300x196.jpeg 300w, https:\/\/www.conam.org.ar\/web\/wp-content\/uploads\/2026\/04\/FEDETUR-Primer-Encuentro-Binacional-de-Mutuales-de-Turismo-en-PARAGUAY-2-1024x669.jpeg 1024w, https:\/\/www.conam.org.ar\/web\/wp-content\/uploads\/2026\/04\/FEDETUR-Primer-Encuentro-Binacional-de-Mutuales-de-Turismo-en-PARAGUAY-2-768x502.jpeg 768w, https:\/\/www.conam.org.ar\/web\/wp-content\/uploads\/2026\/04\/FEDETUR-Primer-Encuentro-Binacional-de-Mutuales-de-Turismo-en-PARAGUAY-2-1536x1003.jpeg 1536w\" sizes=\"(max-width: 1638px) 100vw, 1638px\" \/><\/div>  <\/div>\r\n  <figcaption class=\"rpc_bg\">\r\n    <h5 class=\"rpc_title\">\r\n      FEDETUR CRUZA FRONTERAS Y CONSOLIDA UNA AGENDA...    <\/h5>\r\n    <h3 class=\"rpc_desc\">\r\n          <\/h3>\r\n    <footer class=\"rpc_footer\">\r\n      <div class=\"date\">24 abril, 2026<\/div>\r\n      <div class=\"icons\">\r\n        <div class=\"views\">\r\n          <i class=\"fa fa-comments\"><\/i>\r\n        0        <\/div>\r\n      <\/div>\r\n    <\/footer>\r\n  <\/figcaption>\r\n  <a target=\"_self\" href=\"https:\/\/www.conam.org.ar\/web\/2026\/04\/24\/fedetur-cruza-fronteras-y-consolida-una-agenda-regional-para-el-turismo-mutual-y-cooperativo\/\"><\/a>\r\n<\/figure>                <\/div>    \r\n\r\n                            <div class=\"slick-slide carousel-item-17726\">\r\n                    <figure class=\"rpc-style-5 rpc-wrapper\">\r\n  <div class=\"image\">\r\n    <div class=\"fixed-height-image\"><img loading=\"lazy\" decoding=\"async\" width=\"1024\" height=\"1024\" src=\"https:\/\/www.conam.org.ar\/web\/wp-content\/uploads\/2026\/04\/34-ANOS-CONSTRUYENDO-MUTUALISMO.jpeg\" class=\"attachment-2048x2048 size-2048x2048 wp-post-image\" alt=\"\" srcset=\"https:\/\/www.conam.org.ar\/web\/wp-content\/uploads\/2026\/04\/34-ANOS-CONSTRUYENDO-MUTUALISMO.jpeg 1024w, https:\/\/www.conam.org.ar\/web\/wp-content\/uploads\/2026\/04\/34-ANOS-CONSTRUYENDO-MUTUALISMO-300x300.jpeg 300w, https:\/\/www.conam.org.ar\/web\/wp-content\/uploads\/2026\/04\/34-ANOS-CONSTRUYENDO-MUTUALISMO-150x150.jpeg 150w, https:\/\/www.conam.org.ar\/web\/wp-content\/uploads\/2026\/04\/34-ANOS-CONSTRUYENDO-MUTUALISMO-768x768.jpeg 768w, https:\/\/www.conam.org.ar\/web\/wp-content\/uploads\/2026\/04\/34-ANOS-CONSTRUYENDO-MUTUALISMO-120x120.jpeg 120w, https:\/\/www.conam.org.ar\/web\/wp-content\/uploads\/2026\/04\/34-ANOS-CONSTRUYENDO-MUTUALISMO-105x105.jpeg 105w, https:\/\/www.conam.org.ar\/web\/wp-content\/uploads\/2026\/04\/34-ANOS-CONSTRUYENDO-MUTUALISMO-570x570.jpeg 570w, https:\/\/www.conam.org.ar\/web\/wp-content\/uploads\/2026\/04\/34-ANOS-CONSTRUYENDO-MUTUALISMO-380x380.jpeg 380w, https:\/\/www.conam.org.ar\/web\/wp-content\/uploads\/2026\/04\/34-ANOS-CONSTRUYENDO-MUTUALISMO-285x285.jpeg 285w\" sizes=\"(max-width: 1024px) 100vw, 1024px\" \/><\/div>  <\/div>\r\n  <figcaption class=\"rpc_bg\">\r\n    <h5 class=\"rpc_title\">\r\n      34 A\u00d1OS CONSTRUYENDO MUTUALISMO: NUEVO ANIVERSARIO DE...    <\/h5>\r\n    <h3 class=\"rpc_desc\">\r\n          <\/h3>\r\n    <footer class=\"rpc_footer\">\r\n      <div class=\"date\">23 abril, 2026<\/div>\r\n      <div class=\"icons\">\r\n        <div class=\"views\">\r\n          <i class=\"fa fa-comments\"><\/i>\r\n        0        <\/div>\r\n      <\/div>\r\n    <\/footer>\r\n  <\/figcaption>\r\n  <a target=\"_self\" href=\"https:\/\/www.conam.org.ar\/web\/2026\/04\/23\/34-anos-construyendo-mutualismo-nuevo-aniversario-de-conam\/\"><\/a>\r\n<\/figure>                <\/div>    \r\n\r\n                            <div class=\"slick-slide carousel-item-17715\">\r\n                    <figure class=\"rpc-style-5 rpc-wrapper\">\r\n  <div class=\"image\">\r\n    <div class=\"fixed-height-image\"><img loading=\"lazy\" decoding=\"async\" width=\"1280\" height=\"960\" src=\"https:\/\/www.conam.org.ar\/web\/wp-content\/uploads\/2026\/04\/FEDETUR-CONSOLIDA-SU-PROYECCION-NACIONAL-ASAMBLEA-Y-FIRMA-DE-UN-CONVENIO-PARA-POTENCIAR-AL-TURISMO-MUTUAL-Y-COOPERATIVO-3.jpeg\" class=\"attachment-2048x2048 size-2048x2048 wp-post-image\" alt=\"\" srcset=\"https:\/\/www.conam.org.ar\/web\/wp-content\/uploads\/2026\/04\/FEDETUR-CONSOLIDA-SU-PROYECCION-NACIONAL-ASAMBLEA-Y-FIRMA-DE-UN-CONVENIO-PARA-POTENCIAR-AL-TURISMO-MUTUAL-Y-COOPERATIVO-3.jpeg 1280w, https:\/\/www.conam.org.ar\/web\/wp-content\/uploads\/2026\/04\/FEDETUR-CONSOLIDA-SU-PROYECCION-NACIONAL-ASAMBLEA-Y-FIRMA-DE-UN-CONVENIO-PARA-POTENCIAR-AL-TURISMO-MUTUAL-Y-COOPERATIVO-3-300x225.jpeg 300w, https:\/\/www.conam.org.ar\/web\/wp-content\/uploads\/2026\/04\/FEDETUR-CONSOLIDA-SU-PROYECCION-NACIONAL-ASAMBLEA-Y-FIRMA-DE-UN-CONVENIO-PARA-POTENCIAR-AL-TURISMO-MUTUAL-Y-COOPERATIVO-3-1024x768.jpeg 1024w, https:\/\/www.conam.org.ar\/web\/wp-content\/uploads\/2026\/04\/FEDETUR-CONSOLIDA-SU-PROYECCION-NACIONAL-ASAMBLEA-Y-FIRMA-DE-UN-CONVENIO-PARA-POTENCIAR-AL-TURISMO-MUTUAL-Y-COOPERATIVO-3-768x576.jpeg 768w, https:\/\/www.conam.org.ar\/web\/wp-content\/uploads\/2026\/04\/FEDETUR-CONSOLIDA-SU-PROYECCION-NACIONAL-ASAMBLEA-Y-FIRMA-DE-UN-CONVENIO-PARA-POTENCIAR-AL-TURISMO-MUTUAL-Y-COOPERATIVO-3-380x285.jpeg 380w, https:\/\/www.conam.org.ar\/web\/wp-content\/uploads\/2026\/04\/FEDETUR-CONSOLIDA-SU-PROYECCION-NACIONAL-ASAMBLEA-Y-FIRMA-DE-UN-CONVENIO-PARA-POTENCIAR-AL-TURISMO-MUTUAL-Y-COOPERATIVO-3-285x214.jpeg 285w\" sizes=\"(max-width: 1280px) 100vw, 1280px\" \/><\/div>  <\/div>\r\n  <figcaption class=\"rpc_bg\">\r\n    <h5 class=\"rpc_title\">\r\n      FEDETUR CONSOLIDA SU PROYECCI\u00d3N NACIONAL: ASAMBLEA Y...    <\/h5>\r\n    <h3 class=\"rpc_desc\">\r\n          <\/h3>\r\n    <footer class=\"rpc_footer\">\r\n      <div class=\"date\">23 abril, 2026<\/div>\r\n      <div class=\"icons\">\r\n        <div class=\"views\">\r\n          <i class=\"fa fa-comments\"><\/i>\r\n        0        <\/div>\r\n      <\/div>\r\n    <\/footer>\r\n  <\/figcaption>\r\n  <a target=\"_self\" href=\"https:\/\/www.conam.org.ar\/web\/2026\/04\/23\/fedetur-consolida-su-proyeccion-nacional-asamblea-y-firma-de-un-convenio-para-potenciar-al-turismo-mutual-y-cooperativo\/\"><\/a>\r\n<\/figure>                <\/div>    \r\n\r\n                            <div class=\"slick-slide carousel-item-17698\">\r\n                    <figure class=\"rpc-style-5 rpc-wrapper\">\r\n  <div class=\"image\">\r\n    <div class=\"fixed-height-image\"><img loading=\"lazy\" decoding=\"async\" width=\"1600\" height=\"1200\" src=\"https:\/\/www.conam.org.ar\/web\/wp-content\/uploads\/2026\/04\/TECNOLOGIA-INVERSIONES-Y-FUTURO-MAS-DE-150-PERSONAS-PARTICIPARON-DEL-MEGA-EVENTO-FINTECH-PARA-EL-MUTUALISMO-9.jpeg\" class=\"attachment-2048x2048 size-2048x2048 wp-post-image\" alt=\"\" srcset=\"https:\/\/www.conam.org.ar\/web\/wp-content\/uploads\/2026\/04\/TECNOLOGIA-INVERSIONES-Y-FUTURO-MAS-DE-150-PERSONAS-PARTICIPARON-DEL-MEGA-EVENTO-FINTECH-PARA-EL-MUTUALISMO-9.jpeg 1600w, https:\/\/www.conam.org.ar\/web\/wp-content\/uploads\/2026\/04\/TECNOLOGIA-INVERSIONES-Y-FUTURO-MAS-DE-150-PERSONAS-PARTICIPARON-DEL-MEGA-EVENTO-FINTECH-PARA-EL-MUTUALISMO-9-300x225.jpeg 300w, https:\/\/www.conam.org.ar\/web\/wp-content\/uploads\/2026\/04\/TECNOLOGIA-INVERSIONES-Y-FUTURO-MAS-DE-150-PERSONAS-PARTICIPARON-DEL-MEGA-EVENTO-FINTECH-PARA-EL-MUTUALISMO-9-1024x768.jpeg 1024w, https:\/\/www.conam.org.ar\/web\/wp-content\/uploads\/2026\/04\/TECNOLOGIA-INVERSIONES-Y-FUTURO-MAS-DE-150-PERSONAS-PARTICIPARON-DEL-MEGA-EVENTO-FINTECH-PARA-EL-MUTUALISMO-9-768x576.jpeg 768w, https:\/\/www.conam.org.ar\/web\/wp-content\/uploads\/2026\/04\/TECNOLOGIA-INVERSIONES-Y-FUTURO-MAS-DE-150-PERSONAS-PARTICIPARON-DEL-MEGA-EVENTO-FINTECH-PARA-EL-MUTUALISMO-9-1536x1152.jpeg 1536w, https:\/\/www.conam.org.ar\/web\/wp-content\/uploads\/2026\/04\/TECNOLOGIA-INVERSIONES-Y-FUTURO-MAS-DE-150-PERSONAS-PARTICIPARON-DEL-MEGA-EVENTO-FINTECH-PARA-EL-MUTUALISMO-9-380x285.jpeg 380w, https:\/\/www.conam.org.ar\/web\/wp-content\/uploads\/2026\/04\/TECNOLOGIA-INVERSIONES-Y-FUTURO-MAS-DE-150-PERSONAS-PARTICIPARON-DEL-MEGA-EVENTO-FINTECH-PARA-EL-MUTUALISMO-9-285x214.jpeg 285w\" sizes=\"(max-width: 1600px) 100vw, 1600px\" \/><\/div>  <\/div>\r\n  <figcaption class=\"rpc_bg\">\r\n    <h5 class=\"rpc_title\">\r\n      TECNOLOG\u00cdA, INVERSIONES Y FUTURO: M\u00c1S DE 150...    <\/h5>\r\n    <h3 class=\"rpc_desc\">\r\n          <\/h3>\r\n    <footer class=\"rpc_footer\">\r\n      <div class=\"date\">22 abril, 2026<\/div>\r\n      <div class=\"icons\">\r\n        <div class=\"views\">\r\n          <i class=\"fa fa-comments\"><\/i>\r\n        0        <\/div>\r\n      <\/div>\r\n    <\/footer>\r\n  <\/figcaption>\r\n  <a target=\"_self\" href=\"https:\/\/www.conam.org.ar\/web\/2026\/04\/22\/tecnologia-inversiones-y-futuro-mas-de-150-personas-participaron-del-mega-evento-fintech-para-el-mutualismo\/\"><\/a>\r\n<\/figure>                <\/div>    \r\n\r\n                            <div class=\"slick-slide carousel-item-17681\">\r\n                    <figure class=\"rpc-style-5 rpc-wrapper\">\r\n  <div class=\"image\">\r\n    <div class=\"fixed-height-image\"><img loading=\"lazy\" decoding=\"async\" width=\"1126\" height=\"906\" src=\"https:\/\/www.conam.org.ar\/web\/wp-content\/uploads\/2026\/04\/CONAM-CELEBRO-SU-ASAMBLEA-GENERAL-ORDINARIA-JUNTO-A-SUS-FEDERACIONES-3.jpeg\" class=\"attachment-2048x2048 size-2048x2048 wp-post-image\" alt=\"\" srcset=\"https:\/\/www.conam.org.ar\/web\/wp-content\/uploads\/2026\/04\/CONAM-CELEBRO-SU-ASAMBLEA-GENERAL-ORDINARIA-JUNTO-A-SUS-FEDERACIONES-3.jpeg 1126w, https:\/\/www.conam.org.ar\/web\/wp-content\/uploads\/2026\/04\/CONAM-CELEBRO-SU-ASAMBLEA-GENERAL-ORDINARIA-JUNTO-A-SUS-FEDERACIONES-3-300x241.jpeg 300w, https:\/\/www.conam.org.ar\/web\/wp-content\/uploads\/2026\/04\/CONAM-CELEBRO-SU-ASAMBLEA-GENERAL-ORDINARIA-JUNTO-A-SUS-FEDERACIONES-3-1024x824.jpeg 1024w, https:\/\/www.conam.org.ar\/web\/wp-content\/uploads\/2026\/04\/CONAM-CELEBRO-SU-ASAMBLEA-GENERAL-ORDINARIA-JUNTO-A-SUS-FEDERACIONES-3-768x618.jpeg 768w\" sizes=\"(max-width: 1126px) 100vw, 1126px\" \/><\/div>  <\/div>\r\n  <figcaption class=\"rpc_bg\">\r\n    <h5 class=\"rpc_title\">\r\n      CONAM CELEBR\u00d3 SU ASAMBLEA GENERAL ORDINARIA JUNTO...    <\/h5>\r\n    <h3 class=\"rpc_desc\">\r\n          <\/h3>\r\n    <footer class=\"rpc_footer\">\r\n      <div class=\"date\">20 abril, 2026<\/div>\r\n      <div class=\"icons\">\r\n        <div class=\"views\">\r\n          <i class=\"fa fa-comments\"><\/i>\r\n        0        <\/div>\r\n      <\/div>\r\n    <\/footer>\r\n  <\/figcaption>\r\n  <a target=\"_self\" href=\"https:\/\/www.conam.org.ar\/web\/2026\/04\/20\/conam-celebro-su-asamblea-general-ordinaria-junto-a-sus-federaciones\/\"><\/a>\r\n<\/figure>                <\/div>    \r\n\r\n                            <div class=\"slick-slide carousel-item-17667\">\r\n                    <figure class=\"rpc-style-5 rpc-wrapper\">\r\n  <div class=\"image\">\r\n    <div class=\"fixed-height-image\"><img loading=\"lazy\" decoding=\"async\" width=\"960\" height=\"1280\" src=\"https:\/\/www.conam.org.ar\/web\/wp-content\/uploads\/2026\/04\/FESMAP-IMPULSA-EL-CRECIMIENTO-MUTUALISTA-EN-SANTA-FE-INAUGURACION-DE-UNA-NUEVA-ENTIDAD-Y-EXPANSION-DE-LA-SEDE-DE-OTRA-MUTUAL-6.jpeg\" class=\"attachment-2048x2048 size-2048x2048 wp-post-image\" alt=\"\" srcset=\"https:\/\/www.conam.org.ar\/web\/wp-content\/uploads\/2026\/04\/FESMAP-IMPULSA-EL-CRECIMIENTO-MUTUALISTA-EN-SANTA-FE-INAUGURACION-DE-UNA-NUEVA-ENTIDAD-Y-EXPANSION-DE-LA-SEDE-DE-OTRA-MUTUAL-6.jpeg 960w, https:\/\/www.conam.org.ar\/web\/wp-content\/uploads\/2026\/04\/FESMAP-IMPULSA-EL-CRECIMIENTO-MUTUALISTA-EN-SANTA-FE-INAUGURACION-DE-UNA-NUEVA-ENTIDAD-Y-EXPANSION-DE-LA-SEDE-DE-OTRA-MUTUAL-6-225x300.jpeg 225w, https:\/\/www.conam.org.ar\/web\/wp-content\/uploads\/2026\/04\/FESMAP-IMPULSA-EL-CRECIMIENTO-MUTUALISTA-EN-SANTA-FE-INAUGURACION-DE-UNA-NUEVA-ENTIDAD-Y-EXPANSION-DE-LA-SEDE-DE-OTRA-MUTUAL-6-768x1024.jpeg 768w\" sizes=\"(max-width: 960px) 100vw, 960px\" \/><\/div>  <\/div>\r\n  <figcaption class=\"rpc_bg\">\r\n    <h5 class=\"rpc_title\">\r\n      FESMAP IMPULSA EL CRECIMIENTO MUTUALISTA EN SANTA...    <\/h5>\r\n    <h3 class=\"rpc_desc\">\r\n          <\/h3>\r\n    <footer class=\"rpc_footer\">\r\n      <div class=\"date\">1 abril, 2026<\/div>\r\n      <div class=\"icons\">\r\n        <div class=\"views\">\r\n          <i class=\"fa fa-comments\"><\/i>\r\n        0        <\/div>\r\n      <\/div>\r\n    <\/footer>\r\n  <\/figcaption>\r\n  <a target=\"_self\" href=\"https:\/\/www.conam.org.ar\/web\/2026\/04\/01\/fesmap-impulsa-el-crecimiento-mutualista-en-santa-fe-inauguracion-de-una-nueva-entidad-y-expansion-de-la-sede-de-otra-mutual\/\"><\/a>\r\n<\/figure>                <\/div>    \r\n\r\n                            <div class=\"slick-slide carousel-item-17639\">\r\n                    <figure class=\"rpc-style-5 rpc-wrapper\">\r\n  <div class=\"image\">\r\n    <div class=\"fixed-height-image\"><img loading=\"lazy\" decoding=\"async\" width=\"1080\" height=\"1080\" src=\"https:\/\/www.conam.org.ar\/web\/wp-content\/uploads\/2026\/03\/NUEVA-CAPACITACION-UIF-ACTUALIZATE-CON-LAS-ULTIMAS-NORMATIVAS-Y-RESOLUCIONES-DEL-2026.png\" class=\"attachment-2048x2048 size-2048x2048 wp-post-image\" alt=\"\" srcset=\"https:\/\/www.conam.org.ar\/web\/wp-content\/uploads\/2026\/03\/NUEVA-CAPACITACION-UIF-ACTUALIZATE-CON-LAS-ULTIMAS-NORMATIVAS-Y-RESOLUCIONES-DEL-2026.png 1080w, https:\/\/www.conam.org.ar\/web\/wp-content\/uploads\/2026\/03\/NUEVA-CAPACITACION-UIF-ACTUALIZATE-CON-LAS-ULTIMAS-NORMATIVAS-Y-RESOLUCIONES-DEL-2026-300x300.png 300w, https:\/\/www.conam.org.ar\/web\/wp-content\/uploads\/2026\/03\/NUEVA-CAPACITACION-UIF-ACTUALIZATE-CON-LAS-ULTIMAS-NORMATIVAS-Y-RESOLUCIONES-DEL-2026-1024x1024.png 1024w, https:\/\/www.conam.org.ar\/web\/wp-content\/uploads\/2026\/03\/NUEVA-CAPACITACION-UIF-ACTUALIZATE-CON-LAS-ULTIMAS-NORMATIVAS-Y-RESOLUCIONES-DEL-2026-150x150.png 150w, https:\/\/www.conam.org.ar\/web\/wp-content\/uploads\/2026\/03\/NUEVA-CAPACITACION-UIF-ACTUALIZATE-CON-LAS-ULTIMAS-NORMATIVAS-Y-RESOLUCIONES-DEL-2026-768x768.png 768w, https:\/\/www.conam.org.ar\/web\/wp-content\/uploads\/2026\/03\/NUEVA-CAPACITACION-UIF-ACTUALIZATE-CON-LAS-ULTIMAS-NORMATIVAS-Y-RESOLUCIONES-DEL-2026-120x120.png 120w, https:\/\/www.conam.org.ar\/web\/wp-content\/uploads\/2026\/03\/NUEVA-CAPACITACION-UIF-ACTUALIZATE-CON-LAS-ULTIMAS-NORMATIVAS-Y-RESOLUCIONES-DEL-2026-105x105.png 105w, https:\/\/www.conam.org.ar\/web\/wp-content\/uploads\/2026\/03\/NUEVA-CAPACITACION-UIF-ACTUALIZATE-CON-LAS-ULTIMAS-NORMATIVAS-Y-RESOLUCIONES-DEL-2026-570x570.png 570w, https:\/\/www.conam.org.ar\/web\/wp-content\/uploads\/2026\/03\/NUEVA-CAPACITACION-UIF-ACTUALIZATE-CON-LAS-ULTIMAS-NORMATIVAS-Y-RESOLUCIONES-DEL-2026-380x380.png 380w, https:\/\/www.conam.org.ar\/web\/wp-content\/uploads\/2026\/03\/NUEVA-CAPACITACION-UIF-ACTUALIZATE-CON-LAS-ULTIMAS-NORMATIVAS-Y-RESOLUCIONES-DEL-2026-285x285.png 285w\" sizes=\"(max-width: 1080px) 100vw, 1080px\" \/><\/div>  <\/div>\r\n  <figcaption class=\"rpc_bg\">\r\n    <h5 class=\"rpc_title\">\r\n      NUEVA CAPACITACI\u00d3N UIF: ACTUALIZATE CON LAS \u00daLTIMAS...    <\/h5>\r\n    <h3 class=\"rpc_desc\">\r\n          <\/h3>\r\n    <footer class=\"rpc_footer\">\r\n      <div class=\"date\">20 marzo, 2026<\/div>\r\n      <div class=\"icons\">\r\n        <div class=\"views\">\r\n          <i class=\"fa fa-comments\"><\/i>\r\n        0        <\/div>\r\n      <\/div>\r\n    <\/footer>\r\n  <\/figcaption>\r\n  <a target=\"_self\" href=\"https:\/\/www.conam.org.ar\/web\/2026\/03\/20\/nueva-capacitacion-uif-actualizate-con-las-ultimas-normativas-y-resoluciones-del-2026\/\"><\/a>\r\n<\/figure>                <\/div>    \r\n\r\n                \r\n        <\/section>\r\n        <\/div>\r\n        <style>#carousel-3981 { background-color: ; } #carousel-3981 .slick-slide { margin: 2px ; } #carousel-3981.slick-vertical .slick-slide { margin:  2px; } #carousel-3981 .fixed-height-image { height: 270px; } #carousel-3981 .slick-slide .rpc_bg { background-color: #FFFFFF !important; } #carousel-3981 .slick-slide .rpc_title { color: #000000 !important; } #carousel-3981 .slick-slide .rpc_title { font-size:  !important; } #carousel-3981 .slick-slide .rpc_title { font-family:  !important; } #carousel-3981 .slick-slide .rpc_title { line-height:  !important; } #carousel-3981 .slick-slide .rpc_desc { color:  !important; } #carousel-3981 .slick-slide .rpc_desc { font-size:  !important; } #carousel-3981 .slick-slide .rpc_desc { font-family:  !important; } #carousel-3981 .slick-slide .rpc_desc { line-height:  !important; } #carousel-3981 .slick-slide .rpc_footer { background-color:  !important; } #carousel-3981 .slick-slide .rpc_footer { color:  !important; } #carousel-3981 .slick-slide .rpc-wrapper { border-style: none !important; } #carousel-3981 .slick-slide .rpc-wrapper { border-width:  !important; } #carousel-3981 .slick-slide .rpc-wrapper { border-color:  !important; } #carousel-3981 .slick-slide .rpc-wrapper { box-shadow: 0 0 5px rgba(0, 0, 0, 0.15) !important; } .topright #carousel-3981 .slick-next { right: ; }.topright #carousel-3981 .slick-prev { right: 29px; left: inherit; } .topleft #carousel-3981 .slick-prev { left: ; }.topleft #carousel-3981 .slick-next { left: 29px; right: inherit; } .aboveposts #carousel-3981 .slick-prev { left: ; }.aboveposts #carousel-3981 .slick-next { right: ; left: inherit; } #carousel-3981 .slick-dots li button:before { color:  ; }#carousel-3981 .slick-prev:before, #carousel-3981 .slick-next:before { color: #0066bf !important;}#carousel-3981 .slick-next:before { content: '\\ \\f0a9 '; } #carousel-3981 .slick-prev:before { content: '\\ \\f0a8'; }#carousel-3981 .slick-next:before, #carousel-3981 .slick-prev:before { background-color: #ffffff; padding: 2px 5px; border-radius: 50%; } #carousel-3981 .slick-next:before, #carousel-3981 .slick-prev:before { font-size: 20px; }#carousel-3981 .slick-next, #carousel-3981 .slick-prev { width: 20px; height: 20px; }<\/style><\/div>\n\t\t\t\t\t\t<\/div>\n\t\t\t\t<\/div>\n\t\t\t\t<div class=\"elementor-element elementor-element-0ab9eff elementor-widget__width-inherit elementor-hidden-tablet elementor-hidden-phone elementor-widget elementor-widget-wp-widget-wpmegamenu_widget\" data-id=\"0ab9eff\" data-element_type=\"widget\" data-e-type=\"widget\" data-widget_type=\"wp-widget-wpmegamenu_widget.default\">\n\t\t\t\t<div class=\"elementor-widget-container\">\n\t\t\t\t\t<div id=\"wpmm-wrap-header_menu\" class=\"wp-megamenu-main-wrapper wpmm-ctheme-wrapper wpmm-hide-toggle wpmega-default-theme wpmega-enabled-mobile-menu wpmm-hideallicons-mobile  wpmm-toggle-accordion wpmm-onhover wpmm-orientation-horizontal  wpmm-flip-effect \"><div class=\"wpmegamenu-toggle wpmega-enabled-menutoggle\" data-responsive-breakpoint=\"910px\"><div class='wp-mega-toggle-block'><div class='wpmega-closeblock'><i class='dashicons dashicons-editor-justify'><\/i><\/div><div class='wpmega-openblock'><i class='dashicons dashicons-no'><\/i><\/div><div class='menutoggle'>Menu<\/div><\/div><\/div><ul id=\"wpmega-menu-header_menu\" class=\"wpmm-mega-wrapper wpmemgamenu-pro\" data-advanced-click=\"wpmm-click-submenu\" data-trigger-effect=\"wpmm-onhover\"><li class='menu-item menu-item-type-custom menu-item-object-custom menu-item-home menu-item-has-children wpmega-menu-flyout wpmega-show-arrow wpmm-menu-align-left wpmega-hide-menu-icon wpmega-flyout-horizontal-right menu-item-4097 menu-item-depth-0 wpmm-submenu-align-left no-dropdown' id='wp_nav_menu-item-4097'><a class=\"wp-mega-menu-link\" href=\"https:\/\/www.conam.org.ar\/web\/\"><span class=\"wpmm-mega-menu-href-title\">Institucional<\/span><\/a>\n<div class='wpmm-sub-menu-wrapper wpmm-menu0'><ul class=\"wp-mega-sub-menu\">\n\t<li class='menu-item menu-item-type-post_type menu-item-object-page wp-mega-menu-header wpmega-show-arrow wpmm-menu-align-left wpmega-hide-menu-icon menu-item-767 menu-item-depth-1 wpmm-submenu-align-left no-dropdown' id='wp_nav_menu-item-767'><a class=\"wp-mega-menu-link\" href=\"https:\/\/www.conam.org.ar\/web\/mision\/\"><span class=\"wpmm-mega-menu-href-title\">Misi\u00f3n y objetivos<\/span><\/a><\/li>\t<li class='menu-item menu-item-type-post_type menu-item-object-page wp-mega-menu-header wpmega-show-arrow wpmm-menu-align-left wpmega-hide-menu-icon menu-item-766 menu-item-depth-1 wpmm-submenu-align-left no-dropdown' id='wp_nav_menu-item-766'><a class=\"wp-mega-menu-link\" href=\"https:\/\/www.conam.org.ar\/web\/vision\/\"><span class=\"wpmm-mega-menu-href-title\">Visi\u00f3n<\/span><\/a><\/li>\t<li class='menu-item menu-item-type-post_type menu-item-object-page wp-mega-menu-header wpmega-show-arrow wpmm-menu-align-left wpmega-hide-menu-icon menu-item-765 menu-item-depth-1 wpmm-submenu-align-left no-dropdown' id='wp_nav_menu-item-765'><a class=\"wp-mega-menu-link\" href=\"https:\/\/www.conam.org.ar\/web\/sobre-conam\/\"><span class=\"wpmm-mega-menu-href-title\">Sobre CONAM<\/span><\/a><\/li>\t<li class='menu-item menu-item-type-post_type menu-item-object-page wp-mega-menu-header wpmega-show-arrow wpmm-menu-align-left wpmega-hide-menu-icon menu-item-3920 menu-item-depth-1 wpmm-submenu-align-left no-dropdown' id='wp_nav_menu-item-3920'><a class=\"wp-mega-menu-link\" href=\"https:\/\/www.conam.org.ar\/web\/estatutos\/\"><span class=\"wpmm-mega-menu-href-title\">Estatuto<\/span><\/a><\/li>\t<li class='menu-item menu-item-type-post_type menu-item-object-page wp-mega-menu-header wpmega-show-arrow wpmm-menu-align-left wpmega-hide-menu-icon menu-item-768 menu-item-depth-1 wpmm-submenu-align-left no-dropdown' id='wp_nav_menu-item-768'><a class=\"wp-mega-menu-link\" href=\"https:\/\/www.conam.org.ar\/web\/autoridades\/\"><span class=\"wpmm-mega-menu-href-title\">Autoridades<\/span><\/a><\/li><\/ul><\/div>\n<\/li><li class='menu-item menu-item-type-post_type menu-item-object-page wpmega-menu-flyout wpmega-show-arrow wpmm-menu-align-left wpmega-hide-menu-icon wpmega-flyout-horizontal-right menu-item-4052 menu-item-depth-0 wpmm-submenu-align-left no-dropdown' id='wp_nav_menu-item-4052'><a class=\"wp-mega-menu-link\" href=\"https:\/\/www.conam.org.ar\/web\/federaciones\/\"><span class=\"wpmm-mega-menu-href-title\">Federaciones<\/span><\/a><\/li><li class='menu-item menu-item-type-post_type menu-item-object-page menu-item-has-children wpmega-menu-flyout wpmega-show-arrow wpmm-menu-align-left wpmega-hide-menu-icon wpmega-flyout-horizontal-right menu-item-770 menu-item-depth-0 wpmm-submenu-align-left no-dropdown' id='wp_nav_menu-item-770'><a class=\"wp-mega-menu-link\" href=\"https:\/\/www.conam.org.ar\/web\/economia-solidaria\/\"><span class=\"wpmm-mega-menu-href-title\">Econom\u00eda Solidaria<\/span><\/a>\n<div class='wpmm-sub-menu-wrapper wpmm-menu0'><ul class=\"wp-mega-sub-menu\">\n\t<li class='menu-item menu-item-type-post_type menu-item-object-page wp-mega-menu-header wpmega-show-arrow wpmm-menu-align-left wpmega-hide-menu-icon menu-item-771 menu-item-depth-1 wpmm-submenu-align-left no-dropdown' id='wp_nav_menu-item-771'><a class=\"wp-mega-menu-link\" href=\"https:\/\/www.conam.org.ar\/web\/mutual-y-sus-principios\/\"><span class=\"wpmm-mega-menu-href-title\">Mutual y sus principios<\/span><\/a><\/li>\t<li class='menu-item menu-item-type-post_type menu-item-object-page wp-mega-menu-header wpmega-show-arrow wpmm-menu-align-left wpmega-hide-menu-icon menu-item-772 menu-item-depth-1 wpmm-submenu-align-left no-dropdown' id='wp_nav_menu-item-772'><a class=\"wp-mega-menu-link\" href=\"https:\/\/www.conam.org.ar\/web\/actividad-de-las-mutuales\/\"><span class=\"wpmm-mega-menu-href-title\">Actividad de las mutuales<\/span><\/a><\/li>\t<li class='menu-item menu-item-type-post_type menu-item-object-page wp-mega-menu-header wpmega-show-arrow wpmm-menu-align-left wpmega-hide-menu-icon menu-item-773 menu-item-depth-1 wpmm-submenu-align-left no-dropdown' id='wp_nav_menu-item-773'><a class=\"wp-mega-menu-link\" href=\"https:\/\/www.conam.org.ar\/web\/normativa\/\"><span class=\"wpmm-mega-menu-href-title\">Normativa<\/span><\/a><\/li><\/ul><\/div>\n<\/li><li class='menu-item menu-item-type-post_type menu-item-object-page wpmega-menu-flyout wpmega-show-arrow wpmm-menu-align-left wpmega-hide-menu-icon wpmega-flyout-horizontal-right menu-item-775 menu-item-depth-0 wpmm-submenu-align-left no-dropdown' id='wp_nav_menu-item-775'><a class=\"wp-mega-menu-link\" href=\"https:\/\/www.conam.org.ar\/web\/mutuales-en-red\/\"><span class=\"wpmm-mega-menu-href-title\">Servicios en red<\/span><\/a><\/li><li class='menu-item menu-item-type-post_type menu-item-object-page wpmega-menu-flyout wpmega-show-arrow wpmm-menu-align-left wpmega-hide-menu-icon wpmega-flyout-horizontal-right menu-item-1610 menu-item-depth-0 wpmm-submenu-align-left no-dropdown' id='wp_nav_menu-item-1610'><a class=\"wp-mega-menu-link\" href=\"https:\/\/www.conam.org.ar\/web\/novedades\/\"><span class=\"wpmm-mega-menu-href-title\">Novedades<\/span><\/a><\/li><\/ul><\/div>\t\t\t\t<\/div>\n\t\t\t\t<\/div>\n\t\t\t\t\t<\/div>\n\t\t<\/div>\n\t\t\t\t\t<\/div>\n\t\t<\/section>\n\t\t\t\t<section class=\"elementor-section elementor-top-section elementor-element elementor-element-77dd5d4 elementor-section-full_width elementor-section-height-default elementor-section-height-default\" data-id=\"77dd5d4\" data-element_type=\"section\" data-e-type=\"section\">\n\t\t\t\t\t\t<div class=\"elementor-container elementor-column-gap-default\">\n\t\t\t\t\t<div class=\"elementor-column elementor-col-33 elementor-top-column elementor-element elementor-element-57eaae5\" data-id=\"57eaae5\" data-element_type=\"column\" data-e-type=\"column\">\n\t\t\t<div class=\"elementor-widget-wrap elementor-element-populated\">\n\t\t\t\t\t\t<div class=\"elementor-element elementor-element-b236e72 elementor-widget elementor-widget-theme-site-logo elementor-widget-image\" data-id=\"b236e72\" data-element_type=\"widget\" data-e-type=\"widget\" data-widget_type=\"theme-site-logo.default\">\n\t\t\t\t<div class=\"elementor-widget-container\">\n\t\t\t\t\t\t\t\t\t\t\t<a href=\"https:\/\/www.conam.org.ar\/web\">\n\t\t\t<img decoding=\"async\" width=\"357\" height=\"109\" src=\"https:\/\/www.conam.org.ar\/web\/wp-content\/uploads\/2021\/03\/thumbnail_logo-sin-color-de-fondo.png\" class=\"attachment-full size-full wp-image-2800\" alt=\"\" srcset=\"https:\/\/www.conam.org.ar\/web\/wp-content\/uploads\/2021\/03\/thumbnail_logo-sin-color-de-fondo.png 357w, https:\/\/www.conam.org.ar\/web\/wp-content\/uploads\/2021\/03\/thumbnail_logo-sin-color-de-fondo-300x92.png 300w\" sizes=\"(max-width: 357px) 100vw, 357px\" \/>\t\t\t\t<\/a>\n\t\t\t\t\t\t\t\t\t\t\t<\/div>\n\t\t\t\t<\/div>\n\t\t\t\t\t<\/div>\n\t\t<\/div>\n\t\t\t\t<div class=\"elementor-column elementor-col-33 elementor-top-column elementor-element elementor-element-24d9719\" data-id=\"24d9719\" data-element_type=\"column\" data-e-type=\"column\">\n\t\t\t<div class=\"elementor-widget-wrap elementor-element-populated\">\n\t\t\t\t\t\t<div class=\"elementor-element elementor-element-f2251ad elementor-widget elementor-widget-text-editor\" data-id=\"f2251ad\" data-element_type=\"widget\" data-e-type=\"widget\" data-widget_type=\"text-editor.default\">\n\t\t\t\t<div class=\"elementor-widget-container\">\n\t\t\t\t\t\t\t\t\t<h4 style=\"text-align: center;\"><span style=\"text-decoration: underline;\"><strong><span style=\"color: #000000; text-decoration: underline;\">Humberto Primo 986 5to 32\u00a0&#8211; CABA<\/span><\/strong><\/span><\/h4><h4 style=\"text-align: center;\"><span style=\"color: #000000;\"><strong>011-4800-2268\u00a0<\/strong><\/span><\/h4><h4 style=\"text-align: center;\"><span style=\"color: #000000;\"><strong>info@conam.org.ar<\/strong><\/span><\/h4>\t\t\t\t\t\t\t\t<\/div>\n\t\t\t\t<\/div>\n\t\t\t\t\t<\/div>\n\t\t<\/div>\n\t\t\t\t<div class=\"elementor-column elementor-col-33 elementor-top-column elementor-element elementor-element-c6e4ac2\" data-id=\"c6e4ac2\" data-element_type=\"column\" data-e-type=\"column\">\n\t\t\t<div class=\"elementor-widget-wrap elementor-element-populated\">\n\t\t\t\t\t\t<div class=\"elementor-element elementor-element-2fe3a63 elementor-shape-circle elementor-grid-0 e-grid-align-center elementor-widget elementor-widget-social-icons\" data-id=\"2fe3a63\" data-element_type=\"widget\" data-e-type=\"widget\" data-widget_type=\"social-icons.default\">\n\t\t\t\t<div class=\"elementor-widget-container\">\n\t\t\t\t\t\t\t<div class=\"elementor-social-icons-wrapper elementor-grid\" role=\"list\">\n\t\t\t\t\t\t\t<span class=\"elementor-grid-item\" role=\"listitem\">\n\t\t\t\t\t<a class=\"elementor-icon elementor-social-icon elementor-social-icon-facebook-f elementor-repeater-item-7e76215\" href=\"https:\/\/www.facebook.com\/ConamMutualismo\" target=\"_blank\">\n\t\t\t\t\t\t<span class=\"elementor-screen-only\">Facebook-f<\/span>\n\t\t\t\t\t\t<i aria-hidden=\"true\" class=\"fab fa-facebook-f\"><\/i>\t\t\t\t\t<\/a>\n\t\t\t\t<\/span>\n\t\t\t\t\t\t\t<span class=\"elementor-grid-item\" role=\"listitem\">\n\t\t\t\t\t<a class=\"elementor-icon elementor-social-icon elementor-social-icon-x-twitter elementor-repeater-item-f4248f0\" href=\"https:\/\/x.com\/ConamMutual\" target=\"_blank\">\n\t\t\t\t\t\t<span class=\"elementor-screen-only\">X-twitter<\/span>\n\t\t\t\t\t\t<i aria-hidden=\"true\" class=\"fab fa-x-twitter\"><\/i>\t\t\t\t\t<\/a>\n\t\t\t\t<\/span>\n\t\t\t\t\t\t\t<span class=\"elementor-grid-item\" role=\"listitem\">\n\t\t\t\t\t<a class=\"elementor-icon elementor-social-icon elementor-social-icon-instagram elementor-repeater-item-8b02ba4\" href=\"https:\/\/www.instagram.com\/conammutualismo\/\" target=\"_blank\">\n\t\t\t\t\t\t<span class=\"elementor-screen-only\">Instagram<\/span>\n\t\t\t\t\t\t<i aria-hidden=\"true\" class=\"fab fa-instagram\"><\/i>\t\t\t\t\t<\/a>\n\t\t\t\t<\/span>\n\t\t\t\t\t\t\t<span class=\"elementor-grid-item\" role=\"listitem\">\n\t\t\t\t\t<a class=\"elementor-icon elementor-social-icon elementor-social-icon-envelope elementor-repeater-item-742fba0\" href=\"mailto:info@conam.org.ar\" target=\"_blank\">\n\t\t\t\t\t\t<span class=\"elementor-screen-only\">Envelope<\/span>\n\t\t\t\t\t\t<i aria-hidden=\"true\" class=\"far fa-envelope\"><\/i>\t\t\t\t\t<\/a>\n\t\t\t\t<\/span>\n\t\t\t\t\t\t\t<span class=\"elementor-grid-item\" role=\"listitem\">\n\t\t\t\t\t<a class=\"elementor-icon elementor-social-icon elementor-social-icon-youtube elementor-repeater-item-ace45c9\" href=\"https:\/\/www.youtube.com\/channel\/UC7KxMlgG6jBLkTb5_MT1Mag\" target=\"_blank\">\n\t\t\t\t\t\t<span class=\"elementor-screen-only\">Youtube<\/span>\n\t\t\t\t\t\t<i aria-hidden=\"true\" class=\"fab fa-youtube\"><\/i>\t\t\t\t\t<\/a>\n\t\t\t\t<\/span>\n\t\t\t\t\t\t\t<span class=\"elementor-grid-item\" role=\"listitem\">\n\t\t\t\t\t<a class=\"elementor-icon elementor-social-icon elementor-social-icon-whatsapp elementor-repeater-item-f9a6816\" href=\"https:\/\/www.whatsapp.com\/channel\/0029VbAb94eGOj9wgl4q133o\" target=\"_blank\">\n\t\t\t\t\t\t<span class=\"elementor-screen-only\">Whatsapp<\/span>\n\t\t\t\t\t\t<i aria-hidden=\"true\" class=\"fab fa-whatsapp\"><\/i>\t\t\t\t\t<\/a>\n\t\t\t\t<\/span>\n\t\t\t\t\t<\/div>\n\t\t\t\t\t\t<\/div>\n\t\t\t\t<\/div>\n\t\t\t\t\t<\/div>\n\t\t<\/div>\n\t\t\t\t\t<\/div>\n\t\t<\/section>\n\t\t\t\t<\/div>\n\t\t<\/div>\n\t\t\t\t\t\t<\/div>\n\t\t\t\t<\/div>\n\t\t\t\t\t<\/div>\n\t\t<\/div>\n\t\t\t\t\t<\/div>\n\t\t<\/section>\n\t\t\t\t<\/div>\n\t\t","protected":false},"excerpt":{"rendered":"<p>FEDEMUR PARTICIP\u00d3 EN LA MULTITUDINARIA JORNADA \u201cNOS MOVEMOS POR LOS DERECHOS DE LAS PERSONAS MAYORES\u201d EN LA RIOJA Facebook-f Twitter Instagram Envelope Youtube La Federaci\u00f3n de Mutuales Riojanas (FEDEMUR) particip\u00f3 en la multitudinaria jornada \u201cNos Movemos por los Derechos de las Personas Mayores\u201d organizada por la Direcci\u00f3n General del Consejo Provincial de Adultos Mayores de<\/p>\n<p class=\"more-link\"><a href=\"https:\/\/www.conam.org.ar\/web\/2026\/03\/20\/nueva-capacitacion-uif-actualizate-con-las-ultimas-normativas-y-resoluciones-del-2026\/\" class=\"themebutton\">Read More<\/a><\/p>\n","protected":false},"author":3,"featured_media":14122,"comment_status":"open","ping_status":"open","sticky":false,"template":"elementor_canvas","format":"standard","meta":{"footnotes":""},"categories":[15,1],"tags":[559,21,23,24,85,89,22,557,556],"class_list":["post-14121","post","type-post","status-publish","format-standard","has-post-thumbnail","hentry","category-noticias-de-confederacion","category-ultimas-noticias","tag-alfredo-menem","tag-conam","tag-economia-social","tag-economia-solidaria","tag-fedemur","tag-maria-mabel-paez","tag-mutualismo","tag-universidad-para-el-adulto-mayor","tag-upam"],"aioseo_notices":[],"_links":{"self":[{"href":"https:\/\/www.conam.org.ar\/web\/wp-json\/wp\/v2\/posts\/14121","targetHints":{"allow":["GET"]}}],"collection":[{"href":"https:\/\/www.conam.org.ar\/web\/wp-json\/wp\/v2\/posts"}],"about":[{"href":"https:\/\/www.conam.org.ar\/web\/wp-json\/wp\/v2\/types\/post"}],"author":[{"embeddable":true,"href":"https:\/\/www.conam.org.ar\/web\/wp-json\/wp\/v2\/users\/3"}],"replies":[{"embeddable":true,"href":"https:\/\/www.conam.org.ar\/web\/wp-json\/wp\/v2\/comments?post=14121"}],"version-history":[{"count":5,"href":"https:\/\/www.conam.org.ar\/web\/wp-json\/wp\/v2\/posts\/14121\/revisions"}],"predecessor-version":[{"id":14134,"href":"https:\/\/www.conam.org.ar\/web\/wp-json\/wp\/v2\/posts\/14121\/revisions\/14134"}],"wp:featuredmedia":[{"embeddable":true,"href":"https:\/\/www.conam.org.ar\/web\/wp-json\/wp\/v2\/media\/14122"}],"wp:attachment":[{"href":"https:\/\/www.conam.org.ar\/web\/wp-json\/wp\/v2\/media?parent=14121"}],"wp:term":[{"taxonomy":"category","embeddable":true,"href":"https:\/\/www.conam.org.ar\/web\/wp-json\/wp\/v2\/categories?post=14121"},{"taxonomy":"post_tag","embeddable":true,"href":"https:\/\/www.conam.org.ar\/web\/wp-json\/wp\/v2\/tags?post=14121"}],"curies":[{"name":"wp","href":"https:\/\/api.w.org\/{rel}","templated":true}]}}