{"id":14659,"date":"2023-12-01T13:04:44","date_gmt":"2023-12-01T16:04:44","guid":{"rendered":"https:\/\/www.conam.org.ar\/web\/?p=14659"},"modified":"2023-12-01T13:20:57","modified_gmt":"2023-12-01T16:20:57","slug":"conam-fmrlp-y-utedyc-la-plata-realizaron-una-charla-debate-por-el-dia-internacional-de-eliminacion-de-la-violencia-contra-la-mujer","status":"publish","type":"post","link":"https:\/\/www.conam.org.ar\/web\/2023\/12\/01\/conam-fmrlp-y-utedyc-la-plata-realizaron-una-charla-debate-por-el-dia-internacional-de-eliminacion-de-la-violencia-contra-la-mujer\/","title":{"rendered":"CONAM, FMRLP Y UTEDYC LA PLATA REALIZARON UNA CHARLA DEBATE POR EL D\u00cdA INTERNACIONAL DE ELIMINACI\u00d3N DE LA VIOLENCIA CONTRA LA MUJER"},"content":{"rendered":"\t\t<div data-elementor-type=\"wp-post\" data-elementor-id=\"14659\" class=\"elementor elementor-14659\" data-elementor-post-type=\"post\">\n\t\t\t\t\t\t<section class=\"elementor-section elementor-top-section elementor-element elementor-element-513bec25 elementor-section-full_width elementor-section-height-default elementor-section-height-default\" data-id=\"513bec25\" data-element_type=\"section\" data-e-type=\"section\">\n\t\t\t\t\t\t<div class=\"elementor-container elementor-column-gap-default\">\n\t\t\t\t\t<div class=\"elementor-column elementor-col-100 elementor-top-column elementor-element elementor-element-231f8379\" data-id=\"231f8379\" data-element_type=\"column\" data-e-type=\"column\">\n\t\t\t<div class=\"elementor-widget-wrap elementor-element-populated\">\n\t\t\t\t\t\t<div class=\"elementor-element elementor-element-6049259a elementor-widget elementor-widget-shortcode\" data-id=\"6049259a\" data-element_type=\"widget\" data-e-type=\"widget\" data-widget_type=\"shortcode.default\">\n\t\t\t\t<div class=\"elementor-widget-container\">\n\t\t\t\t\t\t\t<div class=\"elementor-shortcode\">\t\t<div data-elementor-type=\"header\" data-elementor-id=\"2792\" class=\"elementor elementor-2792\" data-elementor-post-type=\"elementor_library\">\n\t\t\t\t\t<section class=\"elementor-section elementor-top-section elementor-element elementor-element-e36ce06 elementor-section-boxed elementor-section-height-default elementor-section-height-default\" data-id=\"e36ce06\" data-element_type=\"section\" data-e-type=\"section\">\n\t\t\t\t\t\t<div class=\"elementor-container elementor-column-gap-no\">\n\t\t\t\t\t<div class=\"elementor-column elementor-col-50 elementor-top-column elementor-element elementor-element-196edba\" data-id=\"196edba\" data-element_type=\"column\" data-e-type=\"column\">\n\t\t\t<div class=\"elementor-widget-wrap elementor-element-populated\">\n\t\t\t\t\t\t<div class=\"elementor-element elementor-element-2c1d154 elementor-hidden-tablet elementor-hidden-phone elementor-widget elementor-widget-heading\" data-id=\"2c1d154\" data-element_type=\"widget\" data-e-type=\"widget\" data-widget_type=\"heading.default\">\n\t\t\t\t<div class=\"elementor-widget-container\">\n\t\t\t\t\t<h6 class=\"elementor-heading-title elementor-size-default\">&nbsp;011-4800-2268&nbsp; &nbsp; &nbsp; &nbsp; Humberto Primo 986 5to 32&nbsp;- CABA<\/h6>\t\t\t\t<\/div>\n\t\t\t\t<\/div>\n\t\t\t\t\t<\/div>\n\t\t<\/div>\n\t\t\t\t<div class=\"elementor-column elementor-col-50 elementor-top-column elementor-element elementor-element-3ed4958\" data-id=\"3ed4958\" data-element_type=\"column\" data-e-type=\"column\">\n\t\t\t<div class=\"elementor-widget-wrap elementor-element-populated\">\n\t\t\t\t\t\t<div class=\"elementor-element elementor-element-af8bf08 elementor-shape-circle e-grid-align-right elementor-hidden-tablet elementor-hidden-phone elementor-grid-0 elementor-widget elementor-widget-social-icons\" data-id=\"af8bf08\" data-element_type=\"widget\" data-e-type=\"widget\" data-widget_type=\"social-icons.default\">\n\t\t\t\t<div class=\"elementor-widget-container\">\n\t\t\t\t\t\t\t<div class=\"elementor-social-icons-wrapper elementor-grid\" role=\"list\">\n\t\t\t\t\t\t\t<span class=\"elementor-grid-item\" role=\"listitem\">\n\t\t\t\t\t<a class=\"elementor-icon elementor-social-icon elementor-social-icon-facebook-f elementor-repeater-item-7e76215\" href=\"https:\/\/www.facebook.com\/ConamMutualismo\" target=\"_blank\">\n\t\t\t\t\t\t<span class=\"elementor-screen-only\">Facebook-f<\/span>\n\t\t\t\t\t\t<i aria-hidden=\"true\" class=\"fab fa-facebook-f\"><\/i>\t\t\t\t\t<\/a>\n\t\t\t\t<\/span>\n\t\t\t\t\t\t\t<span class=\"elementor-grid-item\" role=\"listitem\">\n\t\t\t\t\t<a class=\"elementor-icon elementor-social-icon elementor-social-icon-x-twitter elementor-repeater-item-f4248f0\" href=\"https:\/\/x.com\/ConamMutual\" target=\"_blank\">\n\t\t\t\t\t\t<span class=\"elementor-screen-only\">X-twitter<\/span>\n\t\t\t\t\t\t<i aria-hidden=\"true\" class=\"fab fa-x-twitter\"><\/i>\t\t\t\t\t<\/a>\n\t\t\t\t<\/span>\n\t\t\t\t\t\t\t<span class=\"elementor-grid-item\" role=\"listitem\">\n\t\t\t\t\t<a class=\"elementor-icon elementor-social-icon elementor-social-icon-instagram elementor-repeater-item-8b02ba4\" href=\"https:\/\/www.instagram.com\/conammutualismo\/\" target=\"_blank\">\n\t\t\t\t\t\t<span class=\"elementor-screen-only\">Instagram<\/span>\n\t\t\t\t\t\t<i aria-hidden=\"true\" class=\"fab fa-instagram\"><\/i>\t\t\t\t\t<\/a>\n\t\t\t\t<\/span>\n\t\t\t\t\t\t\t<span class=\"elementor-grid-item\" role=\"listitem\">\n\t\t\t\t\t<a class=\"elementor-icon elementor-social-icon elementor-social-icon-envelope elementor-repeater-item-742fba0\" href=\"mailto:info@conam.org.ar%20\" target=\"_blank\">\n\t\t\t\t\t\t<span class=\"elementor-screen-only\">Envelope<\/span>\n\t\t\t\t\t\t<i aria-hidden=\"true\" class=\"far fa-envelope\"><\/i>\t\t\t\t\t<\/a>\n\t\t\t\t<\/span>\n\t\t\t\t\t\t\t<span class=\"elementor-grid-item\" role=\"listitem\">\n\t\t\t\t\t<a class=\"elementor-icon elementor-social-icon elementor-social-icon-youtube elementor-repeater-item-ace45c9\" href=\"https:\/\/www.youtube.com\/channel\/UC7KxMlgG6jBLkTb5_MT1Mag\" target=\"_blank\">\n\t\t\t\t\t\t<span class=\"elementor-screen-only\">Youtube<\/span>\n\t\t\t\t\t\t<i aria-hidden=\"true\" class=\"fab fa-youtube\"><\/i>\t\t\t\t\t<\/a>\n\t\t\t\t<\/span>\n\t\t\t\t\t\t\t<span class=\"elementor-grid-item\" role=\"listitem\">\n\t\t\t\t\t<a class=\"elementor-icon elementor-social-icon elementor-social-icon-whatsapp elementor-repeater-item-21cc4b7\" href=\"https:\/\/www.whatsapp.com\/channel\/0029VbAb94eGOj9wgl4q133o\" target=\"_blank\">\n\t\t\t\t\t\t<span class=\"elementor-screen-only\">Whatsapp<\/span>\n\t\t\t\t\t\t<i aria-hidden=\"true\" class=\"fab fa-whatsapp\"><\/i>\t\t\t\t\t<\/a>\n\t\t\t\t<\/span>\n\t\t\t\t\t<\/div>\n\t\t\t\t\t\t<\/div>\n\t\t\t\t<\/div>\n\t\t\t\t\t<\/div>\n\t\t<\/div>\n\t\t\t\t\t<\/div>\n\t\t<\/section>\n\t\t\t\t<section class=\"elementor-section elementor-top-section elementor-element elementor-element-629d88b elementor-section-full_width elementor-section-height-default elementor-section-height-default\" data-id=\"629d88b\" data-element_type=\"section\" data-e-type=\"section\">\n\t\t\t\t\t\t<div class=\"elementor-container elementor-column-gap-no\">\n\t\t\t\t\t<div class=\"elementor-column elementor-col-100 elementor-top-column elementor-element elementor-element-3a1d78f\" data-id=\"3a1d78f\" data-element_type=\"column\" data-e-type=\"column\">\n\t\t\t<div class=\"elementor-widget-wrap elementor-element-populated\">\n\t\t\t\t\t\t<div class=\"elementor-element elementor-element-89c407a elementor-hidden-tablet elementor-hidden-phone elementor-widget-divider--view-line elementor-widget elementor-widget-divider\" data-id=\"89c407a\" data-element_type=\"widget\" data-e-type=\"widget\" data-widget_type=\"divider.default\">\n\t\t\t\t<div class=\"elementor-widget-container\">\n\t\t\t\t\t\t\t<div class=\"elementor-divider\">\n\t\t\t<span class=\"elementor-divider-separator\">\n\t\t\t\t\t\t<\/span>\n\t\t<\/div>\n\t\t\t\t\t\t<\/div>\n\t\t\t\t<\/div>\n\t\t\t\t\t<\/div>\n\t\t<\/div>\n\t\t\t\t\t<\/div>\n\t\t<\/section>\n\t\t\t\t<section class=\"elementor-section elementor-top-section elementor-element elementor-element-8df3edb elementor-section-full_width elementor-section-content-middle elementor-section-height-default elementor-section-height-default\" data-id=\"8df3edb\" data-element_type=\"section\" data-e-type=\"section\">\n\t\t\t\t\t\t<div class=\"elementor-container elementor-column-gap-default\">\n\t\t\t\t\t<div class=\"elementor-column elementor-col-33 elementor-top-column elementor-element elementor-element-4634086\" data-id=\"4634086\" data-element_type=\"column\" data-e-type=\"column\">\n\t\t\t<div class=\"elementor-widget-wrap elementor-element-populated\">\n\t\t\t\t\t\t<div class=\"elementor-element elementor-element-643d4bd elementor-widget elementor-widget-theme-site-logo elementor-widget-image\" data-id=\"643d4bd\" data-element_type=\"widget\" data-e-type=\"widget\" data-widget_type=\"theme-site-logo.default\">\n\t\t\t\t<div class=\"elementor-widget-container\">\n\t\t\t\t\t\t\t\t\t\t\t<a href=\"https:\/\/www.conam.org.ar\/web\">\n\t\t\t<img decoding=\"async\" width=\"357\" height=\"109\" src=\"https:\/\/www.conam.org.ar\/web\/wp-content\/uploads\/2021\/03\/thumbnail_logo-sin-color-de-fondo.png\" class=\"attachment-full size-full wp-image-2800\" alt=\"\" srcset=\"https:\/\/www.conam.org.ar\/web\/wp-content\/uploads\/2021\/03\/thumbnail_logo-sin-color-de-fondo.png 357w, https:\/\/www.conam.org.ar\/web\/wp-content\/uploads\/2021\/03\/thumbnail_logo-sin-color-de-fondo-300x92.png 300w\" sizes=\"(max-width: 357px) 100vw, 357px\" \/>\t\t\t\t<\/a>\n\t\t\t\t\t\t\t\t\t\t\t<\/div>\n\t\t\t\t<\/div>\n\t\t\t\t\t<\/div>\n\t\t<\/div>\n\t\t\t\t<div class=\"elementor-column elementor-col-33 elementor-top-column elementor-element elementor-element-7ad5816\" data-id=\"7ad5816\" data-element_type=\"column\" data-e-type=\"column\">\n\t\t\t<div class=\"elementor-widget-wrap elementor-element-populated\">\n\t\t\t\t\t\t<div class=\"elementor-element elementor-element-1630c3a elementor-widget-tablet__width-initial elementor-hidden-desktop elementor-hidden-phone elementor-search-form--skin-classic elementor-search-form--button-type-icon elementor-search-form--icon-search elementor-widget elementor-widget-search-form\" data-id=\"1630c3a\" data-element_type=\"widget\" data-e-type=\"widget\" data-settings=\"{&quot;skin&quot;:&quot;classic&quot;}\" data-widget_type=\"search-form.default\">\n\t\t\t\t<div class=\"elementor-widget-container\">\n\t\t\t\t\t\t\t<search role=\"search\">\n\t\t\t<form class=\"elementor-search-form\" action=\"https:\/\/www.conam.org.ar\/web\" method=\"get\">\n\t\t\t\t\t\t\t\t\t\t\t\t<div class=\"elementor-search-form__container\">\n\t\t\t\t\t<label class=\"elementor-screen-only\" for=\"elementor-search-form-1630c3a\">Search<\/label>\n\n\t\t\t\t\t\n\t\t\t\t\t<input id=\"elementor-search-form-1630c3a\" placeholder=\"Buscar\" class=\"elementor-search-form__input\" type=\"search\" name=\"s\" value=\"\">\n\t\t\t\t\t\n\t\t\t\t\t\t\t\t\t\t\t<button class=\"elementor-search-form__submit\" type=\"submit\" aria-label=\"Search\">\n\t\t\t\t\t\t\t\t\t\t\t\t\t\t\t<i aria-hidden=\"true\" class=\"fas fa-search\"><\/i>\t\t\t\t\t\t\t\t\t\t\t\t\t<\/button>\n\t\t\t\t\t\n\t\t\t\t\t\t\t\t\t<\/div>\n\t\t\t<\/form>\n\t\t<\/search>\n\t\t\t\t\t\t<\/div>\n\t\t\t\t<\/div>\n\t\t\t\t<div class=\"elementor-element elementor-element-352c26d elementor-hidden-tablet elementor-widget elementor-widget-wp-widget-wpmegamenu_widget\" data-id=\"352c26d\" data-element_type=\"widget\" data-e-type=\"widget\" data-widget_type=\"wp-widget-wpmegamenu_widget.default\">\n\t\t\t\t<div class=\"elementor-widget-container\">\n\t\t\t\t\t<div id=\"wpmm-wrap-header_menu\" class=\"wp-megamenu-main-wrapper wpmm-ctheme-wrapper wpmm-hide-toggle wpmega-default-theme wpmega-enabled-mobile-menu wpmm-hideallicons-mobile  wpmm-toggle-accordion wpmm-onhover wpmm-orientation-horizontal  wpmm-flip-effect \"><div class=\"wpmegamenu-toggle wpmega-enabled-menutoggle\" data-responsive-breakpoint=\"910px\"><div class='wp-mega-toggle-block'><div class='wpmega-closeblock'><i class='dashicons dashicons-editor-justify'><\/i><\/div><div class='wpmega-openblock'><i class='dashicons dashicons-no'><\/i><\/div><div class='menutoggle'>Menu<\/div><\/div><\/div><ul id=\"wpmega-menu-header_menu\" class=\"wpmm-mega-wrapper wpmemgamenu-pro\" data-advanced-click=\"wpmm-click-submenu\" data-trigger-effect=\"wpmm-onhover\"><li class='menu-item menu-item-type-custom menu-item-object-custom menu-item-home menu-item-has-children wpmega-menu-flyout wpmega-show-arrow wpmm-menu-align-left wpmega-hide-menu-icon wpmega-flyout-horizontal-right menu-item-4097 menu-item-depth-0 wpmm-submenu-align-left no-dropdown' id='wp_nav_menu-item-4097'><a class=\"wp-mega-menu-link\" href=\"https:\/\/www.conam.org.ar\/web\/\"><span class=\"wpmm-mega-menu-href-title\">Institucional<\/span><\/a>\n<div class='wpmm-sub-menu-wrapper wpmm-menu0'><ul class=\"wp-mega-sub-menu\">\n\t<li class='menu-item menu-item-type-post_type menu-item-object-page wp-mega-menu-header wpmega-show-arrow wpmm-menu-align-left wpmega-hide-menu-icon menu-item-767 menu-item-depth-1 wpmm-submenu-align-left no-dropdown' id='wp_nav_menu-item-767'><a class=\"wp-mega-menu-link\" href=\"https:\/\/www.conam.org.ar\/web\/mision\/\"><span class=\"wpmm-mega-menu-href-title\">Misi\u00f3n y objetivos<\/span><\/a><\/li>\t<li class='menu-item menu-item-type-post_type menu-item-object-page wp-mega-menu-header wpmega-show-arrow wpmm-menu-align-left wpmega-hide-menu-icon menu-item-766 menu-item-depth-1 wpmm-submenu-align-left no-dropdown' id='wp_nav_menu-item-766'><a class=\"wp-mega-menu-link\" href=\"https:\/\/www.conam.org.ar\/web\/vision\/\"><span class=\"wpmm-mega-menu-href-title\">Visi\u00f3n<\/span><\/a><\/li>\t<li class='menu-item menu-item-type-post_type menu-item-object-page wp-mega-menu-header wpmega-show-arrow wpmm-menu-align-left wpmega-hide-menu-icon menu-item-765 menu-item-depth-1 wpmm-submenu-align-left no-dropdown' id='wp_nav_menu-item-765'><a class=\"wp-mega-menu-link\" href=\"https:\/\/www.conam.org.ar\/web\/sobre-conam\/\"><span class=\"wpmm-mega-menu-href-title\">Sobre CONAM<\/span><\/a><\/li>\t<li class='menu-item menu-item-type-post_type menu-item-object-page wp-mega-menu-header wpmega-show-arrow wpmm-menu-align-left wpmega-hide-menu-icon menu-item-3920 menu-item-depth-1 wpmm-submenu-align-left no-dropdown' id='wp_nav_menu-item-3920'><a class=\"wp-mega-menu-link\" href=\"https:\/\/www.conam.org.ar\/web\/estatutos\/\"><span class=\"wpmm-mega-menu-href-title\">Estatuto<\/span><\/a><\/li>\t<li class='menu-item menu-item-type-post_type menu-item-object-page wp-mega-menu-header wpmega-show-arrow wpmm-menu-align-left wpmega-hide-menu-icon menu-item-768 menu-item-depth-1 wpmm-submenu-align-left no-dropdown' id='wp_nav_menu-item-768'><a class=\"wp-mega-menu-link\" href=\"https:\/\/www.conam.org.ar\/web\/autoridades\/\"><span class=\"wpmm-mega-menu-href-title\">Autoridades<\/span><\/a><\/li><\/ul><\/div>\n<\/li><li class='menu-item menu-item-type-post_type menu-item-object-page wpmega-menu-flyout wpmega-show-arrow wpmm-menu-align-left wpmega-hide-menu-icon wpmega-flyout-horizontal-right menu-item-4052 menu-item-depth-0 wpmm-submenu-align-left no-dropdown' id='wp_nav_menu-item-4052'><a class=\"wp-mega-menu-link\" href=\"https:\/\/www.conam.org.ar\/web\/federaciones\/\"><span class=\"wpmm-mega-menu-href-title\">Federaciones<\/span><\/a><\/li><li class='menu-item menu-item-type-post_type menu-item-object-page menu-item-has-children wpmega-menu-flyout wpmega-show-arrow wpmm-menu-align-left wpmega-hide-menu-icon wpmega-flyout-horizontal-right menu-item-770 menu-item-depth-0 wpmm-submenu-align-left no-dropdown' id='wp_nav_menu-item-770'><a class=\"wp-mega-menu-link\" href=\"https:\/\/www.conam.org.ar\/web\/economia-solidaria\/\"><span class=\"wpmm-mega-menu-href-title\">Econom\u00eda Solidaria<\/span><\/a>\n<div class='wpmm-sub-menu-wrapper wpmm-menu0'><ul class=\"wp-mega-sub-menu\">\n\t<li class='menu-item menu-item-type-post_type menu-item-object-page wp-mega-menu-header wpmega-show-arrow wpmm-menu-align-left wpmega-hide-menu-icon menu-item-771 menu-item-depth-1 wpmm-submenu-align-left no-dropdown' id='wp_nav_menu-item-771'><a class=\"wp-mega-menu-link\" href=\"https:\/\/www.conam.org.ar\/web\/mutual-y-sus-principios\/\"><span class=\"wpmm-mega-menu-href-title\">Mutual y sus principios<\/span><\/a><\/li>\t<li class='menu-item menu-item-type-post_type menu-item-object-page wp-mega-menu-header wpmega-show-arrow wpmm-menu-align-left wpmega-hide-menu-icon menu-item-772 menu-item-depth-1 wpmm-submenu-align-left no-dropdown' id='wp_nav_menu-item-772'><a class=\"wp-mega-menu-link\" href=\"https:\/\/www.conam.org.ar\/web\/actividad-de-las-mutuales\/\"><span class=\"wpmm-mega-menu-href-title\">Actividad de las mutuales<\/span><\/a><\/li>\t<li class='menu-item menu-item-type-post_type menu-item-object-page wp-mega-menu-header wpmega-show-arrow wpmm-menu-align-left wpmega-hide-menu-icon menu-item-773 menu-item-depth-1 wpmm-submenu-align-left no-dropdown' id='wp_nav_menu-item-773'><a class=\"wp-mega-menu-link\" href=\"https:\/\/www.conam.org.ar\/web\/normativa\/\"><span class=\"wpmm-mega-menu-href-title\">Normativa<\/span><\/a><\/li><\/ul><\/div>\n<\/li><li class='menu-item menu-item-type-post_type menu-item-object-page wpmega-menu-flyout wpmega-show-arrow wpmm-menu-align-left wpmega-hide-menu-icon wpmega-flyout-horizontal-right menu-item-775 menu-item-depth-0 wpmm-submenu-align-left no-dropdown' id='wp_nav_menu-item-775'><a class=\"wp-mega-menu-link\" href=\"https:\/\/www.conam.org.ar\/web\/mutuales-en-red\/\"><span class=\"wpmm-mega-menu-href-title\">Servicios en red<\/span><\/a><\/li><li class='menu-item menu-item-type-post_type menu-item-object-page wpmega-menu-flyout wpmega-show-arrow wpmm-menu-align-left wpmega-hide-menu-icon wpmega-flyout-horizontal-right menu-item-1610 menu-item-depth-0 wpmm-submenu-align-left no-dropdown' id='wp_nav_menu-item-1610'><a class=\"wp-mega-menu-link\" href=\"https:\/\/www.conam.org.ar\/web\/novedades\/\"><span class=\"wpmm-mega-menu-href-title\">Novedades<\/span><\/a><\/li><\/ul><\/div>\t\t\t\t<\/div>\n\t\t\t\t<\/div>\n\t\t\t\t\t<\/div>\n\t\t<\/div>\n\t\t\t\t<div class=\"elementor-column elementor-col-33 elementor-top-column elementor-element elementor-element-f467f19\" data-id=\"f467f19\" data-element_type=\"column\" data-e-type=\"column\">\n\t\t\t<div class=\"elementor-widget-wrap elementor-element-populated\">\n\t\t\t\t\t\t<div class=\"elementor-element elementor-element-f6a9a59 elementor-widget-tablet__width-initial elementor-hidden-tablet elementor-hidden-mobile elementor-search-form--skin-classic elementor-search-form--button-type-icon elementor-search-form--icon-search elementor-widget elementor-widget-search-form\" data-id=\"f6a9a59\" data-element_type=\"widget\" data-e-type=\"widget\" data-settings=\"{&quot;skin&quot;:&quot;classic&quot;}\" data-widget_type=\"search-form.default\">\n\t\t\t\t<div class=\"elementor-widget-container\">\n\t\t\t\t\t\t\t<search role=\"search\">\n\t\t\t<form class=\"elementor-search-form\" action=\"https:\/\/www.conam.org.ar\/web\" method=\"get\">\n\t\t\t\t\t\t\t\t\t\t\t\t<div class=\"elementor-search-form__container\">\n\t\t\t\t\t<label class=\"elementor-screen-only\" for=\"elementor-search-form-f6a9a59\">Search<\/label>\n\n\t\t\t\t\t\n\t\t\t\t\t<input id=\"elementor-search-form-f6a9a59\" placeholder=\"Buscar\" class=\"elementor-search-form__input\" type=\"search\" name=\"s\" value=\"\">\n\t\t\t\t\t\n\t\t\t\t\t\t\t\t\t\t\t<button class=\"elementor-search-form__submit\" type=\"submit\" aria-label=\"Search\">\n\t\t\t\t\t\t\t\t\t\t\t\t\t\t\t<i aria-hidden=\"true\" class=\"fas fa-search\"><\/i>\t\t\t\t\t\t\t\t\t\t\t\t\t<\/button>\n\t\t\t\t\t\n\t\t\t\t\t\t\t\t\t<\/div>\n\t\t\t<\/form>\n\t\t<\/search>\n\t\t\t\t\t\t<\/div>\n\t\t\t\t<\/div>\n\t\t\t\t<div class=\"elementor-element elementor-element-3197658 elementor-hidden-desktop elementor-nav-menu--stretch elementor-nav-menu__align-center elementor-hidden-mobile elementor-nav-menu--dropdown-tablet elementor-nav-menu__text-align-aside elementor-nav-menu--toggle elementor-nav-menu--burger elementor-widget elementor-widget-nav-menu\" data-id=\"3197658\" data-element_type=\"widget\" data-e-type=\"widget\" data-settings=\"{&quot;full_width&quot;:&quot;stretch&quot;,&quot;layout&quot;:&quot;horizontal&quot;,&quot;submenu_icon&quot;:{&quot;value&quot;:&quot;&lt;i class=\\&quot;fas fa-caret-down\\&quot;&gt;&lt;\\\/i&gt;&quot;,&quot;library&quot;:&quot;fa-solid&quot;},&quot;toggle&quot;:&quot;burger&quot;}\" data-widget_type=\"nav-menu.default\">\n\t\t\t\t<div class=\"elementor-widget-container\">\n\t\t\t\t\t\t\t\t<nav aria-label=\"Menu\" class=\"elementor-nav-menu--main elementor-nav-menu__container elementor-nav-menu--layout-horizontal e--pointer-underline e--animation-fade\">\n\t\t\t\t<ul id=\"menu-1-3197658\" class=\"elementor-nav-menu\"><li class=\"menu-item menu-item-type-custom menu-item-object-custom menu-item-home menu-item-has-children menu-item-4097\"><a href=\"https:\/\/www.conam.org.ar\/web\/\" class=\"elementor-item\">Institucional<\/a>\n<ul class=\"sub-menu elementor-nav-menu--dropdown\">\n\t<li class=\"menu-item menu-item-type-post_type menu-item-object-page menu-item-767\"><a href=\"https:\/\/www.conam.org.ar\/web\/mision\/\" class=\"elementor-sub-item\">Misi\u00f3n y objetivos<\/a><\/li>\n\t<li class=\"menu-item menu-item-type-post_type menu-item-object-page menu-item-766\"><a href=\"https:\/\/www.conam.org.ar\/web\/vision\/\" class=\"elementor-sub-item\">Visi\u00f3n<\/a><\/li>\n\t<li class=\"menu-item menu-item-type-post_type menu-item-object-page menu-item-765\"><a href=\"https:\/\/www.conam.org.ar\/web\/sobre-conam\/\" class=\"elementor-sub-item\">Sobre CONAM<\/a><\/li>\n\t<li class=\"menu-item menu-item-type-post_type menu-item-object-page menu-item-3920\"><a href=\"https:\/\/www.conam.org.ar\/web\/estatutos\/\" class=\"elementor-sub-item\">Estatuto<\/a><\/li>\n\t<li class=\"menu-item menu-item-type-post_type menu-item-object-page menu-item-768\"><a href=\"https:\/\/www.conam.org.ar\/web\/autoridades\/\" class=\"elementor-sub-item\">Autoridades<\/a><\/li>\n<\/ul>\n<\/li>\n<li class=\"menu-item menu-item-type-post_type menu-item-object-page menu-item-4052\"><a href=\"https:\/\/www.conam.org.ar\/web\/federaciones\/\" class=\"elementor-item\">Federaciones<\/a><\/li>\n<li class=\"menu-item menu-item-type-post_type menu-item-object-page menu-item-has-children menu-item-770\"><a href=\"https:\/\/www.conam.org.ar\/web\/economia-solidaria\/\" class=\"elementor-item\">Econom\u00eda Solidaria<\/a>\n<ul class=\"sub-menu elementor-nav-menu--dropdown\">\n\t<li class=\"menu-item menu-item-type-post_type menu-item-object-page menu-item-771\"><a href=\"https:\/\/www.conam.org.ar\/web\/mutual-y-sus-principios\/\" class=\"elementor-sub-item\">Mutual y sus principios<\/a><\/li>\n\t<li class=\"menu-item menu-item-type-post_type menu-item-object-page menu-item-772\"><a href=\"https:\/\/www.conam.org.ar\/web\/actividad-de-las-mutuales\/\" class=\"elementor-sub-item\">Actividad de las mutuales<\/a><\/li>\n\t<li class=\"menu-item menu-item-type-post_type menu-item-object-page menu-item-773\"><a href=\"https:\/\/www.conam.org.ar\/web\/normativa\/\" class=\"elementor-sub-item\">Normativa<\/a><\/li>\n<\/ul>\n<\/li>\n<li class=\"menu-item menu-item-type-post_type menu-item-object-page menu-item-775\"><a href=\"https:\/\/www.conam.org.ar\/web\/mutuales-en-red\/\" class=\"elementor-item\">Servicios en red<\/a><\/li>\n<li class=\"menu-item menu-item-type-post_type menu-item-object-page menu-item-1610\"><a href=\"https:\/\/www.conam.org.ar\/web\/novedades\/\" class=\"elementor-item\">Novedades<\/a><\/li>\n<\/ul>\t\t\t<\/nav>\n\t\t\t\t\t<div class=\"elementor-menu-toggle\" role=\"button\" tabindex=\"0\" aria-label=\"Menu Toggle\" aria-expanded=\"false\">\n\t\t\t<i aria-hidden=\"true\" role=\"presentation\" class=\"elementor-menu-toggle__icon--open eicon-menu-bar\"><\/i><i aria-hidden=\"true\" role=\"presentation\" class=\"elementor-menu-toggle__icon--close eicon-close\"><\/i>\t\t<\/div>\n\t\t\t\t\t<nav class=\"elementor-nav-menu--dropdown elementor-nav-menu__container\" aria-hidden=\"true\">\n\t\t\t\t<ul id=\"menu-2-3197658\" class=\"elementor-nav-menu\"><li class=\"menu-item menu-item-type-custom menu-item-object-custom menu-item-home menu-item-has-children menu-item-4097\"><a href=\"https:\/\/www.conam.org.ar\/web\/\" class=\"elementor-item\" tabindex=\"-1\">Institucional<\/a>\n<ul class=\"sub-menu elementor-nav-menu--dropdown\">\n\t<li class=\"menu-item menu-item-type-post_type menu-item-object-page menu-item-767\"><a href=\"https:\/\/www.conam.org.ar\/web\/mision\/\" class=\"elementor-sub-item\" tabindex=\"-1\">Misi\u00f3n y objetivos<\/a><\/li>\n\t<li class=\"menu-item menu-item-type-post_type menu-item-object-page menu-item-766\"><a href=\"https:\/\/www.conam.org.ar\/web\/vision\/\" class=\"elementor-sub-item\" tabindex=\"-1\">Visi\u00f3n<\/a><\/li>\n\t<li class=\"menu-item menu-item-type-post_type menu-item-object-page menu-item-765\"><a href=\"https:\/\/www.conam.org.ar\/web\/sobre-conam\/\" class=\"elementor-sub-item\" tabindex=\"-1\">Sobre CONAM<\/a><\/li>\n\t<li class=\"menu-item menu-item-type-post_type menu-item-object-page menu-item-3920\"><a href=\"https:\/\/www.conam.org.ar\/web\/estatutos\/\" class=\"elementor-sub-item\" tabindex=\"-1\">Estatuto<\/a><\/li>\n\t<li class=\"menu-item menu-item-type-post_type menu-item-object-page menu-item-768\"><a href=\"https:\/\/www.conam.org.ar\/web\/autoridades\/\" class=\"elementor-sub-item\" tabindex=\"-1\">Autoridades<\/a><\/li>\n<\/ul>\n<\/li>\n<li class=\"menu-item menu-item-type-post_type menu-item-object-page menu-item-4052\"><a href=\"https:\/\/www.conam.org.ar\/web\/federaciones\/\" class=\"elementor-item\" tabindex=\"-1\">Federaciones<\/a><\/li>\n<li class=\"menu-item menu-item-type-post_type menu-item-object-page menu-item-has-children menu-item-770\"><a href=\"https:\/\/www.conam.org.ar\/web\/economia-solidaria\/\" class=\"elementor-item\" tabindex=\"-1\">Econom\u00eda Solidaria<\/a>\n<ul class=\"sub-menu elementor-nav-menu--dropdown\">\n\t<li class=\"menu-item menu-item-type-post_type menu-item-object-page menu-item-771\"><a href=\"https:\/\/www.conam.org.ar\/web\/mutual-y-sus-principios\/\" class=\"elementor-sub-item\" tabindex=\"-1\">Mutual y sus principios<\/a><\/li>\n\t<li class=\"menu-item menu-item-type-post_type menu-item-object-page menu-item-772\"><a href=\"https:\/\/www.conam.org.ar\/web\/actividad-de-las-mutuales\/\" class=\"elementor-sub-item\" tabindex=\"-1\">Actividad de las mutuales<\/a><\/li>\n\t<li class=\"menu-item menu-item-type-post_type menu-item-object-page menu-item-773\"><a href=\"https:\/\/www.conam.org.ar\/web\/normativa\/\" class=\"elementor-sub-item\" tabindex=\"-1\">Normativa<\/a><\/li>\n<\/ul>\n<\/li>\n<li class=\"menu-item menu-item-type-post_type menu-item-object-page menu-item-775\"><a href=\"https:\/\/www.conam.org.ar\/web\/mutuales-en-red\/\" class=\"elementor-item\" tabindex=\"-1\">Servicios en red<\/a><\/li>\n<li class=\"menu-item menu-item-type-post_type menu-item-object-page menu-item-1610\"><a href=\"https:\/\/www.conam.org.ar\/web\/novedades\/\" class=\"elementor-item\" tabindex=\"-1\">Novedades<\/a><\/li>\n<\/ul>\t\t\t<\/nav>\n\t\t\t\t\t\t<\/div>\n\t\t\t\t<\/div>\n\t\t\t\t\t<\/div>\n\t\t<\/div>\n\t\t\t\t\t<\/div>\n\t\t<\/section>\n\t\t\t\t<section class=\"elementor-section elementor-top-section elementor-element elementor-element-a540f51 elementor-section-full_width elementor-hidden-tablet elementor-hidden-phone elementor-section-height-default elementor-section-height-default\" data-id=\"a540f51\" data-element_type=\"section\" data-e-type=\"section\">\n\t\t\t\t\t\t<div class=\"elementor-container elementor-column-gap-default\">\n\t\t\t\t\t<div class=\"elementor-column elementor-col-100 elementor-top-column elementor-element elementor-element-e87a7ee\" data-id=\"e87a7ee\" data-element_type=\"column\" data-e-type=\"column\">\n\t\t\t<div class=\"elementor-widget-wrap elementor-element-populated\">\n\t\t\t\t\t\t<div class=\"elementor-element elementor-element-f563717 elementor-widget elementor-widget-spacer\" data-id=\"f563717\" data-element_type=\"widget\" data-e-type=\"widget\" data-widget_type=\"spacer.default\">\n\t\t\t\t<div class=\"elementor-widget-container\">\n\t\t\t\t\t\t\t<div class=\"elementor-spacer\">\n\t\t\t<div class=\"elementor-spacer-inner\"><\/div>\n\t\t<\/div>\n\t\t\t\t\t\t<\/div>\n\t\t\t\t<\/div>\n\t\t\t\t\t<\/div>\n\t\t<\/div>\n\t\t\t\t\t<\/div>\n\t\t<\/section>\n\t\t\t\t<\/div>\n\t\t<\/div>\n\t\t\t\t\t\t<\/div>\n\t\t\t\t<\/div>\n\t\t\t\t\t<\/div>\n\t\t<\/div>\n\t\t\t\t\t<\/div>\n\t\t<\/section>\n\t\t\t\t<section class=\"elementor-section elementor-top-section elementor-element elementor-element-133e661b elementor-section-boxed elementor-section-height-default elementor-section-height-default\" data-id=\"133e661b\" data-element_type=\"section\" data-e-type=\"section\">\n\t\t\t\t\t\t<div class=\"elementor-container elementor-column-gap-default\">\n\t\t\t\t\t<div class=\"elementor-column elementor-col-100 elementor-top-column elementor-element elementor-element-3e59b1f\" data-id=\"3e59b1f\" data-element_type=\"column\" data-e-type=\"column\">\n\t\t\t<div class=\"elementor-widget-wrap elementor-element-populated\">\n\t\t\t\t\t\t<div class=\"elementor-element elementor-element-2d1b2d35 elementor-widget elementor-widget-heading\" data-id=\"2d1b2d35\" data-element_type=\"widget\" data-e-type=\"widget\" data-widget_type=\"heading.default\">\n\t\t\t\t<div class=\"elementor-widget-container\">\n\t\t\t\t\t<h1 class=\"elementor-heading-title elementor-size-default\">CONAM, FMRLP Y UTEDYC LA PLATA REALIZARON UNA CHARLA DEBATE POR EL D\u00cdA INTERNACIONAL DE ELIMINACI\u00d3N DE LA VIOLENCIA CONTRA LA MUJER<\/h1>\t\t\t\t<\/div>\n\t\t\t\t<\/div>\n\t\t\t\t\t<\/div>\n\t\t<\/div>\n\t\t\t\t\t<\/div>\n\t\t<\/section>\n\t\t\t\t<section class=\"elementor-section elementor-top-section elementor-element elementor-element-465f272a elementor-section-boxed elementor-section-height-default elementor-section-height-default\" data-id=\"465f272a\" data-element_type=\"section\" data-e-type=\"section\">\n\t\t\t\t\t\t<div class=\"elementor-container elementor-column-gap-default\">\n\t\t\t\t\t<div class=\"elementor-column elementor-col-100 elementor-top-column elementor-element elementor-element-1d70622a\" data-id=\"1d70622a\" data-element_type=\"column\" data-e-type=\"column\">\n\t\t\t<div class=\"elementor-widget-wrap elementor-element-populated\">\n\t\t\t\t\t\t<div class=\"elementor-element elementor-element-5f6fdda elementor-widget elementor-widget-image\" data-id=\"5f6fdda\" data-element_type=\"widget\" data-e-type=\"widget\" data-widget_type=\"image.default\">\n\t\t\t\t<div class=\"elementor-widget-container\">\n\t\t\t\t\t\t\t\t\t\t\t\t\t\t\t<img fetchpriority=\"high\" decoding=\"async\" width=\"1280\" height=\"960\" src=\"https:\/\/www.conam.org.ar\/web\/wp-content\/uploads\/2023\/12\/CONAM-FMRLP-Y-UTEDYC-LA-PLATA-REALIZARON-UNA-CHARLA-DEBATE-POR-EL-DIA-INTERNACIONAL-DE-ELIMINACION-DE-LA-VIOLENCIA-CONTRA-LA-MUJER-1.jpeg\" class=\"attachment-1536x1536 size-1536x1536 wp-image-14660\" alt=\"\" srcset=\"https:\/\/www.conam.org.ar\/web\/wp-content\/uploads\/2023\/12\/CONAM-FMRLP-Y-UTEDYC-LA-PLATA-REALIZARON-UNA-CHARLA-DEBATE-POR-EL-DIA-INTERNACIONAL-DE-ELIMINACION-DE-LA-VIOLENCIA-CONTRA-LA-MUJER-1.jpeg 1280w, https:\/\/www.conam.org.ar\/web\/wp-content\/uploads\/2023\/12\/CONAM-FMRLP-Y-UTEDYC-LA-PLATA-REALIZARON-UNA-CHARLA-DEBATE-POR-EL-DIA-INTERNACIONAL-DE-ELIMINACION-DE-LA-VIOLENCIA-CONTRA-LA-MUJER-1-300x225.jpeg 300w, https:\/\/www.conam.org.ar\/web\/wp-content\/uploads\/2023\/12\/CONAM-FMRLP-Y-UTEDYC-LA-PLATA-REALIZARON-UNA-CHARLA-DEBATE-POR-EL-DIA-INTERNACIONAL-DE-ELIMINACION-DE-LA-VIOLENCIA-CONTRA-LA-MUJER-1-1024x768.jpeg 1024w, https:\/\/www.conam.org.ar\/web\/wp-content\/uploads\/2023\/12\/CONAM-FMRLP-Y-UTEDYC-LA-PLATA-REALIZARON-UNA-CHARLA-DEBATE-POR-EL-DIA-INTERNACIONAL-DE-ELIMINACION-DE-LA-VIOLENCIA-CONTRA-LA-MUJER-1-768x576.jpeg 768w, https:\/\/www.conam.org.ar\/web\/wp-content\/uploads\/2023\/12\/CONAM-FMRLP-Y-UTEDYC-LA-PLATA-REALIZARON-UNA-CHARLA-DEBATE-POR-EL-DIA-INTERNACIONAL-DE-ELIMINACION-DE-LA-VIOLENCIA-CONTRA-LA-MUJER-1-380x285.jpeg 380w, https:\/\/www.conam.org.ar\/web\/wp-content\/uploads\/2023\/12\/CONAM-FMRLP-Y-UTEDYC-LA-PLATA-REALIZARON-UNA-CHARLA-DEBATE-POR-EL-DIA-INTERNACIONAL-DE-ELIMINACION-DE-LA-VIOLENCIA-CONTRA-LA-MUJER-1-285x214.jpeg 285w\" sizes=\"(max-width: 1280px) 100vw, 1280px\" \/>\t\t\t\t\t\t\t\t\t\t\t\t\t\t\t<\/div>\n\t\t\t\t<\/div>\n\t\t\t\t\t<\/div>\n\t\t<\/div>\n\t\t\t\t\t<\/div>\n\t\t<\/section>\n\t\t\t\t<section class=\"elementor-section elementor-top-section elementor-element elementor-element-6f77c2a7 elementor-section-boxed elementor-section-height-default elementor-section-height-default\" data-id=\"6f77c2a7\" data-element_type=\"section\" data-e-type=\"section\">\n\t\t\t\t\t\t<div class=\"elementor-container elementor-column-gap-default\">\n\t\t\t\t\t<div class=\"elementor-column elementor-col-50 elementor-top-column elementor-element elementor-element-4436e5d3\" data-id=\"4436e5d3\" data-element_type=\"column\" data-e-type=\"column\">\n\t\t\t<div class=\"elementor-widget-wrap elementor-element-populated\">\n\t\t\t\t\t\t<div class=\"elementor-element elementor-element-18d5b39c elementor-widget-divider--view-line elementor-widget elementor-widget-divider\" data-id=\"18d5b39c\" data-element_type=\"widget\" data-e-type=\"widget\" data-widget_type=\"divider.default\">\n\t\t\t\t<div class=\"elementor-widget-container\">\n\t\t\t\t\t\t\t<div class=\"elementor-divider\">\n\t\t\t<span class=\"elementor-divider-separator\">\n\t\t\t\t\t\t<\/span>\n\t\t<\/div>\n\t\t\t\t\t\t<\/div>\n\t\t\t\t<\/div>\n\t\t\t\t<div class=\"elementor-element elementor-element-1ad1500f elementor-shape-circle elementor-grid-mobile-0 elementor-grid-0 e-grid-align-center elementor-widget elementor-widget-social-icons\" data-id=\"1ad1500f\" data-element_type=\"widget\" data-e-type=\"widget\" data-widget_type=\"social-icons.default\">\n\t\t\t\t<div class=\"elementor-widget-container\">\n\t\t\t\t\t\t\t<div class=\"elementor-social-icons-wrapper elementor-grid\" role=\"list\">\n\t\t\t\t\t\t\t<span class=\"elementor-grid-item\" role=\"listitem\">\n\t\t\t\t\t<a class=\"elementor-icon elementor-social-icon elementor-social-icon-facebook-f elementor-repeater-item-7e76215\" href=\"https:\/\/www.facebook.com\/ConamMutualismo\" target=\"_blank\">\n\t\t\t\t\t\t<span class=\"elementor-screen-only\">Facebook-f<\/span>\n\t\t\t\t\t\t<i aria-hidden=\"true\" class=\"fab fa-facebook-f\"><\/i>\t\t\t\t\t<\/a>\n\t\t\t\t<\/span>\n\t\t\t\t\t\t\t<span class=\"elementor-grid-item\" role=\"listitem\">\n\t\t\t\t\t<a class=\"elementor-icon elementor-social-icon elementor-social-icon-twitter elementor-repeater-item-f4248f0\" href=\"https:\/\/twitter.com\/conammutual?lang=es\" target=\"_blank\">\n\t\t\t\t\t\t<span class=\"elementor-screen-only\">Twitter<\/span>\n\t\t\t\t\t\t<i aria-hidden=\"true\" class=\"fab fa-twitter\"><\/i>\t\t\t\t\t<\/a>\n\t\t\t\t<\/span>\n\t\t\t\t\t\t\t<span class=\"elementor-grid-item\" role=\"listitem\">\n\t\t\t\t\t<a class=\"elementor-icon elementor-social-icon elementor-social-icon-instagram elementor-repeater-item-8b02ba4\" href=\"https:\/\/www.instagram.com\/conammutualismo\/\" target=\"_blank\">\n\t\t\t\t\t\t<span class=\"elementor-screen-only\">Instagram<\/span>\n\t\t\t\t\t\t<i aria-hidden=\"true\" class=\"fab fa-instagram\"><\/i>\t\t\t\t\t<\/a>\n\t\t\t\t<\/span>\n\t\t\t\t\t\t\t<span class=\"elementor-grid-item\" role=\"listitem\">\n\t\t\t\t\t<a class=\"elementor-icon elementor-social-icon elementor-social-icon-envelope elementor-repeater-item-742fba0\" target=\"_blank\">\n\t\t\t\t\t\t<span class=\"elementor-screen-only\">Envelope<\/span>\n\t\t\t\t\t\t<i aria-hidden=\"true\" class=\"far fa-envelope\"><\/i>\t\t\t\t\t<\/a>\n\t\t\t\t<\/span>\n\t\t\t\t\t\t\t<span class=\"elementor-grid-item\" role=\"listitem\">\n\t\t\t\t\t<a class=\"elementor-icon elementor-social-icon elementor-social-icon-youtube elementor-repeater-item-ace45c9\" href=\"https:\/\/www.youtube.com\/channel\/UC7KxMlgG6jBLkTb5_MT1Mag\" target=\"_blank\">\n\t\t\t\t\t\t<span class=\"elementor-screen-only\">Youtube<\/span>\n\t\t\t\t\t\t<i aria-hidden=\"true\" class=\"fab fa-youtube\"><\/i>\t\t\t\t\t<\/a>\n\t\t\t\t<\/span>\n\t\t\t\t\t<\/div>\n\t\t\t\t\t\t<\/div>\n\t\t\t\t<\/div>\n\t\t\t\t<div class=\"elementor-element elementor-element-745d514b elementor-widget-divider--view-line elementor-widget elementor-widget-divider\" data-id=\"745d514b\" data-element_type=\"widget\" data-e-type=\"widget\" data-widget_type=\"divider.default\">\n\t\t\t\t<div class=\"elementor-widget-container\">\n\t\t\t\t\t\t\t<div class=\"elementor-divider\">\n\t\t\t<span class=\"elementor-divider-separator\">\n\t\t\t\t\t\t<\/span>\n\t\t<\/div>\n\t\t\t\t\t\t<\/div>\n\t\t\t\t<\/div>\n\t\t\t\t<div class=\"elementor-element elementor-element-6fa5606a elementor-widget elementor-widget-text-editor\" data-id=\"6fa5606a\" data-element_type=\"widget\" data-e-type=\"widget\" data-widget_type=\"text-editor.default\">\n\t\t\t\t<div class=\"elementor-widget-container\">\n\t\t\t\t\t\t\t\t\t<p><strong>La Comisi\u00f3n de G\u00e9nero y Diversidad de la Confederaci\u00f3n Nacional de Mutualidades de la Rep\u00fablica Argentina (CONAM), la Federaci\u00f3n de Mutuales Regional La Plata (FMRLP) y UTEDYC La Plata llevaron a cabo una Charla Debate conmemorativa por el D\u00eda Internacional de la Eliminaci\u00f3n de la Violencia contra la Mujer,<\/strong> el pasado 29 de noviembre, en el sal\u00f3n auditorio que tiene el sindicato en La Plata.<\/p>\t\t\t\t\t\t\t\t<\/div>\n\t\t\t\t<\/div>\n\t\t\t\t<div class=\"elementor-element elementor-element-309ea373 elementor-widget elementor-widget-text-editor\" data-id=\"309ea373\" data-element_type=\"widget\" data-e-type=\"widget\" data-widget_type=\"text-editor.default\">\n\t\t\t\t<div class=\"elementor-widget-container\">\n\t\t\t\t\t\t\t\t\t<p>Durante el encuentro, que cont\u00f3 con la presencia de gran cantidad de mujeres y hombres, <strong>se puso el foco principal en las diferentes problem\u00e1ticas que a\u00fan enfrentan las mujeres y diversidades en el \u00e1mbito familiar y laboral.<\/strong> En este sentido, se proyectaron dos videos que fueron utilizados como puntapi\u00e9 para el espacio de debate. Asimismo<strong>, tambi\u00e9n se reforz\u00f3 el aprendizaje en conjunto a medida que se iban escuchando diversos testimonios y experiencias de empoderamiento y visibilidad de g\u00e9nero por parte de los presentes.<\/strong><\/p>\t\t\t\t\t\t\t\t<\/div>\n\t\t\t\t<\/div>\n\t\t\t\t<div class=\"elementor-element elementor-element-a9b4b38 elementor-widget elementor-widget-image\" data-id=\"a9b4b38\" data-element_type=\"widget\" data-e-type=\"widget\" data-widget_type=\"image.default\">\n\t\t\t\t<div class=\"elementor-widget-container\">\n\t\t\t\t\t\t\t\t\t\t\t\t\t\t\t<img decoding=\"async\" width=\"768\" height=\"1024\" src=\"https:\/\/www.conam.org.ar\/web\/wp-content\/uploads\/2023\/12\/CONAM-FMRLP-Y-UTEDYC-LA-PLATA-REALIZARON-UNA-CHARLA-DEBATE-POR-EL-DIA-INTERNACIONAL-DE-ELIMINACION-DE-LA-VIOLENCIA-CONTRA-LA-MUJER-31-768x1024.jpeg\" class=\"attachment-large size-large wp-image-14665\" alt=\"\" srcset=\"https:\/\/www.conam.org.ar\/web\/wp-content\/uploads\/2023\/12\/CONAM-FMRLP-Y-UTEDYC-LA-PLATA-REALIZARON-UNA-CHARLA-DEBATE-POR-EL-DIA-INTERNACIONAL-DE-ELIMINACION-DE-LA-VIOLENCIA-CONTRA-LA-MUJER-31-768x1024.jpeg 768w, https:\/\/www.conam.org.ar\/web\/wp-content\/uploads\/2023\/12\/CONAM-FMRLP-Y-UTEDYC-LA-PLATA-REALIZARON-UNA-CHARLA-DEBATE-POR-EL-DIA-INTERNACIONAL-DE-ELIMINACION-DE-LA-VIOLENCIA-CONTRA-LA-MUJER-31-225x300.jpeg 225w, https:\/\/www.conam.org.ar\/web\/wp-content\/uploads\/2023\/12\/CONAM-FMRLP-Y-UTEDYC-LA-PLATA-REALIZARON-UNA-CHARLA-DEBATE-POR-EL-DIA-INTERNACIONAL-DE-ELIMINACION-DE-LA-VIOLENCIA-CONTRA-LA-MUJER-31-1152x1536.jpeg 1152w, https:\/\/www.conam.org.ar\/web\/wp-content\/uploads\/2023\/12\/CONAM-FMRLP-Y-UTEDYC-LA-PLATA-REALIZARON-UNA-CHARLA-DEBATE-POR-EL-DIA-INTERNACIONAL-DE-ELIMINACION-DE-LA-VIOLENCIA-CONTRA-LA-MUJER-31.jpeg 1200w\" sizes=\"(max-width: 768px) 100vw, 768px\" \/>\t\t\t\t\t\t\t\t\t\t\t\t\t\t\t<\/div>\n\t\t\t\t<\/div>\n\t\t\t\t<div class=\"elementor-element elementor-element-45f29b58 elementor-widget elementor-widget-image\" data-id=\"45f29b58\" data-element_type=\"widget\" data-e-type=\"widget\" data-widget_type=\"image.default\">\n\t\t\t\t<div class=\"elementor-widget-container\">\n\t\t\t\t\t\t\t\t\t\t\t\t\t\t\t<img loading=\"lazy\" decoding=\"async\" width=\"1536\" height=\"1152\" src=\"https:\/\/www.conam.org.ar\/web\/wp-content\/uploads\/2023\/12\/CONAM-FMRLP-Y-UTEDYC-LA-PLATA-REALIZARON-UNA-CHARLA-DEBATE-POR-EL-DIA-INTERNACIONAL-DE-ELIMINACION-DE-LA-VIOLENCIA-CONTRA-LA-MUJER-16-1536x1152.jpeg\" class=\"attachment-1536x1536 size-1536x1536 wp-image-14666\" alt=\"\" srcset=\"https:\/\/www.conam.org.ar\/web\/wp-content\/uploads\/2023\/12\/CONAM-FMRLP-Y-UTEDYC-LA-PLATA-REALIZARON-UNA-CHARLA-DEBATE-POR-EL-DIA-INTERNACIONAL-DE-ELIMINACION-DE-LA-VIOLENCIA-CONTRA-LA-MUJER-16-1536x1152.jpeg 1536w, https:\/\/www.conam.org.ar\/web\/wp-content\/uploads\/2023\/12\/CONAM-FMRLP-Y-UTEDYC-LA-PLATA-REALIZARON-UNA-CHARLA-DEBATE-POR-EL-DIA-INTERNACIONAL-DE-ELIMINACION-DE-LA-VIOLENCIA-CONTRA-LA-MUJER-16-300x225.jpeg 300w, https:\/\/www.conam.org.ar\/web\/wp-content\/uploads\/2023\/12\/CONAM-FMRLP-Y-UTEDYC-LA-PLATA-REALIZARON-UNA-CHARLA-DEBATE-POR-EL-DIA-INTERNACIONAL-DE-ELIMINACION-DE-LA-VIOLENCIA-CONTRA-LA-MUJER-16-1024x768.jpeg 1024w, https:\/\/www.conam.org.ar\/web\/wp-content\/uploads\/2023\/12\/CONAM-FMRLP-Y-UTEDYC-LA-PLATA-REALIZARON-UNA-CHARLA-DEBATE-POR-EL-DIA-INTERNACIONAL-DE-ELIMINACION-DE-LA-VIOLENCIA-CONTRA-LA-MUJER-16-768x576.jpeg 768w, https:\/\/www.conam.org.ar\/web\/wp-content\/uploads\/2023\/12\/CONAM-FMRLP-Y-UTEDYC-LA-PLATA-REALIZARON-UNA-CHARLA-DEBATE-POR-EL-DIA-INTERNACIONAL-DE-ELIMINACION-DE-LA-VIOLENCIA-CONTRA-LA-MUJER-16-2048x1536.jpeg 2048w, https:\/\/www.conam.org.ar\/web\/wp-content\/uploads\/2023\/12\/CONAM-FMRLP-Y-UTEDYC-LA-PLATA-REALIZARON-UNA-CHARLA-DEBATE-POR-EL-DIA-INTERNACIONAL-DE-ELIMINACION-DE-LA-VIOLENCIA-CONTRA-LA-MUJER-16-380x285.jpeg 380w, https:\/\/www.conam.org.ar\/web\/wp-content\/uploads\/2023\/12\/CONAM-FMRLP-Y-UTEDYC-LA-PLATA-REALIZARON-UNA-CHARLA-DEBATE-POR-EL-DIA-INTERNACIONAL-DE-ELIMINACION-DE-LA-VIOLENCIA-CONTRA-LA-MUJER-16-285x214.jpeg 285w\" sizes=\"(max-width: 1536px) 100vw, 1536px\" \/>\t\t\t\t\t\t\t\t\t\t\t\t\t\t\t<\/div>\n\t\t\t\t<\/div>\n\t\t\t\t<div class=\"elementor-element elementor-element-4971416e elementor-widget elementor-widget-text-editor\" data-id=\"4971416e\" data-element_type=\"widget\" data-e-type=\"widget\" data-widget_type=\"text-editor.default\">\n\t\t\t\t<div class=\"elementor-widget-container\">\n\t\t\t\t\t\t\t\t\t<p>A su vez, <strong>el Panel Principal cont\u00f3 con la participaci\u00f3n de la Presidenta de CONAM, Rosa B. Rodr\u00edguez; y la Secretaria General de UTEDYC La Plata, Mari\u00e1ngeles Sot\u00e9s, destacando el hecho de que ambas fueron mujeres pioneras en sus respectivos espacios dirigenciales.<\/strong> Al respecto el encuentro se inici\u00f3 con las palabras de Sot\u00e9s, quien agradeci\u00f3 por la nutrida concurrencia y ponder\u00f3 el trabajo que viene realizando el sindicato, en especial \u00e9nfasis en las \u00e1reas de capacitaci\u00f3n y derechos humanos. A tales efectos, tambi\u00e9n agradeci\u00f3 la presencia del Secretario de Cultura Capacitaci\u00f3n y DDHH de UTEDYC La Plata, <strong>Marcos Picchi;<\/strong> y de la Secretaria de G\u00e9nero de la (FMRLP), <strong>Valeria Negreiro<\/strong>; quien ofici\u00f3 de moderadora en el evento.<\/p>\t\t\t\t\t\t\t\t<\/div>\n\t\t\t\t<\/div>\n\t\t\t\t<div class=\"elementor-element elementor-element-33668bec elementor-widget elementor-widget-image\" data-id=\"33668bec\" data-element_type=\"widget\" data-e-type=\"widget\" data-widget_type=\"image.default\">\n\t\t\t\t<div class=\"elementor-widget-container\">\n\t\t\t\t\t\t\t\t\t\t\t\t\t\t\t<img loading=\"lazy\" decoding=\"async\" width=\"1024\" height=\"768\" src=\"https:\/\/www.conam.org.ar\/web\/wp-content\/uploads\/2023\/12\/CONAM-FMRLP-Y-UTEDYC-LA-PLATA-REALIZARON-UNA-CHARLA-DEBATE-POR-EL-DIA-INTERNACIONAL-DE-ELIMINACION-DE-LA-VIOLENCIA-CONTRA-LA-MUJER-2-1024x768.jpeg\" class=\"attachment-large size-large wp-image-14667\" alt=\"\" srcset=\"https:\/\/www.conam.org.ar\/web\/wp-content\/uploads\/2023\/12\/CONAM-FMRLP-Y-UTEDYC-LA-PLATA-REALIZARON-UNA-CHARLA-DEBATE-POR-EL-DIA-INTERNACIONAL-DE-ELIMINACION-DE-LA-VIOLENCIA-CONTRA-LA-MUJER-2-1024x768.jpeg 1024w, https:\/\/www.conam.org.ar\/web\/wp-content\/uploads\/2023\/12\/CONAM-FMRLP-Y-UTEDYC-LA-PLATA-REALIZARON-UNA-CHARLA-DEBATE-POR-EL-DIA-INTERNACIONAL-DE-ELIMINACION-DE-LA-VIOLENCIA-CONTRA-LA-MUJER-2-300x225.jpeg 300w, https:\/\/www.conam.org.ar\/web\/wp-content\/uploads\/2023\/12\/CONAM-FMRLP-Y-UTEDYC-LA-PLATA-REALIZARON-UNA-CHARLA-DEBATE-POR-EL-DIA-INTERNACIONAL-DE-ELIMINACION-DE-LA-VIOLENCIA-CONTRA-LA-MUJER-2-768x576.jpeg 768w, https:\/\/www.conam.org.ar\/web\/wp-content\/uploads\/2023\/12\/CONAM-FMRLP-Y-UTEDYC-LA-PLATA-REALIZARON-UNA-CHARLA-DEBATE-POR-EL-DIA-INTERNACIONAL-DE-ELIMINACION-DE-LA-VIOLENCIA-CONTRA-LA-MUJER-2-380x285.jpeg 380w, https:\/\/www.conam.org.ar\/web\/wp-content\/uploads\/2023\/12\/CONAM-FMRLP-Y-UTEDYC-LA-PLATA-REALIZARON-UNA-CHARLA-DEBATE-POR-EL-DIA-INTERNACIONAL-DE-ELIMINACION-DE-LA-VIOLENCIA-CONTRA-LA-MUJER-2-285x214.jpeg 285w, https:\/\/www.conam.org.ar\/web\/wp-content\/uploads\/2023\/12\/CONAM-FMRLP-Y-UTEDYC-LA-PLATA-REALIZARON-UNA-CHARLA-DEBATE-POR-EL-DIA-INTERNACIONAL-DE-ELIMINACION-DE-LA-VIOLENCIA-CONTRA-LA-MUJER-2.jpeg 1280w\" sizes=\"(max-width: 1024px) 100vw, 1024px\" \/>\t\t\t\t\t\t\t\t\t\t\t\t\t\t\t<\/div>\n\t\t\t\t<\/div>\n\t\t\t\t<div class=\"elementor-element elementor-element-aa41cd0 elementor-testimonial--skin-default elementor-testimonial--layout-image_inline elementor-testimonial--align-center elementor-arrows-yes elementor-pagination-type-bullets elementor-widget elementor-widget-testimonial-carousel\" data-id=\"aa41cd0\" data-element_type=\"widget\" data-e-type=\"widget\" data-settings=\"{&quot;show_arrows&quot;:&quot;yes&quot;,&quot;pagination&quot;:&quot;bullets&quot;,&quot;speed&quot;:500,&quot;autoplay&quot;:&quot;yes&quot;,&quot;autoplay_speed&quot;:5000,&quot;loop&quot;:&quot;yes&quot;,&quot;pause_on_hover&quot;:&quot;yes&quot;,&quot;pause_on_interaction&quot;:&quot;yes&quot;,&quot;space_between&quot;:{&quot;unit&quot;:&quot;px&quot;,&quot;size&quot;:10,&quot;sizes&quot;:[]},&quot;space_between_tablet&quot;:{&quot;unit&quot;:&quot;px&quot;,&quot;size&quot;:10,&quot;sizes&quot;:[]},&quot;space_between_mobile&quot;:{&quot;unit&quot;:&quot;px&quot;,&quot;size&quot;:10,&quot;sizes&quot;:[]}}\" data-widget_type=\"testimonial-carousel.default\">\n\t\t\t\t<div class=\"elementor-widget-container\">\n\t\t\t\t\t\t\t\t\t<div class=\"elementor-swiper\">\n\t\t\t\t\t<div class=\"elementor-main-swiper swiper\" role=\"region\" aria-roledescription=\"carousel\" aria-label=\"Slides\">\n\t\t\t\t<div class=\"swiper-wrapper\">\n\t\t\t\t\t\t\t\t\t\t\t<div class=\"swiper-slide\" role=\"group\" aria-roledescription=\"slide\">\n\t\t\t\t\t\t\t\t\t<div class=\"elementor-testimonial\">\n\t\t\t\t\t\t\t<div class=\"elementor-testimonial__content\">\n\t\t\t\t\t<div class=\"elementor-testimonial__text\">\n\t\t\t\t\t\t\u201cLa violencia se manifiesta en todo tipo de \u00e1mbitos: en lo laboral, social, familiar, econ\u00f3mico, f\u00edsico, psicol\u00f3gico. Hay diferentes tipos de violencia pero espacios como este aportan su granito en la concientizaci\u00f3n para erradicarlas\u201d.\t\t\t\t\t<\/div>\n\t\t\t\t\t\t\t\t\t<\/div>\n\t\t\t\t\t\t<div class=\"elementor-testimonial__footer\">\n\t\t\t\t\t\t\t\t\t<div class=\"elementor-testimonial__image\">\n\t\t\t\t\t\t<img decoding=\"async\" src=\"https:\/\/www.conam.org.ar\/web\/wp-content\/uploads\/2021\/12\/IMG-20211216-WA0034.jpg\" alt=\"Dra. Rosa B. Rodr\u00edguez\">\n\t\t\t\t\t\t\t\t\t\t\t<\/div>\n\t\t\t\t\t\t\t\t<cite class=\"elementor-testimonial__cite\"><span class=\"elementor-testimonial__name\">Dra. Rosa B. Rodr\u00edguez<\/span><span class=\"elementor-testimonial__title\">Presidenta de CONAM<\/span><\/cite>\t\t\t<\/div>\n\t\t<\/div>\n\t\t\t\t\t\t\t\t<\/div>\n\t\t\t\t\t\t\t\t\t<\/div>\n\t\t\t\t\t\t\t<\/div>\n\t\t\t\t<\/div>\n\t\t\t\t\t\t\t\t<\/div>\n\t\t\t\t<\/div>\n\t\t\t\t<div class=\"elementor-element elementor-element-4e86bb4b elementor-widget elementor-widget-text-editor\" data-id=\"4e86bb4b\" data-element_type=\"widget\" data-e-type=\"widget\" data-widget_type=\"text-editor.default\">\n\t\t\t\t<div class=\"elementor-widget-container\">\n\t\t\t\t\t\t\t\t\t<p>En su discurso,<strong> la Presidenta de CONAM hizo un repaso por los aspectos hist\u00f3ricos que llevaron a la proclamaci\u00f3n del D\u00eda<\/strong> Internacional de la Eliminaci\u00f3n de la Violencia contra la Mujer, que se conmemora cada 25 de noviembre, y destac\u00f3 el compromiso de las instituciones que componen CONAM para trabajar en la erradicaci\u00f3n de la violencia de g\u00e9nero. Asimismo, <strong>tambi\u00e9n se refiri\u00f3 al impacto que signific\u00f3 la \u2018\u2018pandemia oculta\u2019\u2019 cuyas consecuencias a\u00fan hoy en d\u00eda se siguen viendo, llamada as\u00ed a la oleada de casos de mujeres y diversidades que empeoraron su situaci\u00f3n de violencia debido a que estuvieron en sus hogares con sus victimarios mayor tiempo por el aislamiento.<\/strong><\/p>\t\t\t\t\t\t\t\t<\/div>\n\t\t\t\t<\/div>\n\t\t\t\t<div class=\"elementor-element elementor-element-de07024 elementor-widget elementor-widget-text-editor\" data-id=\"de07024\" data-element_type=\"widget\" data-e-type=\"widget\" data-widget_type=\"text-editor.default\">\n\t\t\t\t<div class=\"elementor-widget-container\">\n\t\t\t\t\t\t\t\t\t<p><strong>La Comisi\u00f3n de G\u00e9nero y Diversidad de CONAM sigue comprometida en su labor, iniciada hace 10 a\u00f1os, para que los derechos de las mujeres no se vean reducidos, para que puedan ocupar cargos de liderazgo en las instituciones que pertenecen, trabajando por la igualdad, el empoderamiento de la mujer y luchando contra la violencia por cuestiones de g\u00e9nero.<\/strong><\/p>\t\t\t\t\t\t\t\t<\/div>\n\t\t\t\t<\/div>\n\t\t\t\t<div class=\"elementor-element elementor-element-62c7906c elementor-widget elementor-widget-image\" data-id=\"62c7906c\" data-element_type=\"widget\" data-e-type=\"widget\" data-widget_type=\"image.default\">\n\t\t\t\t<div class=\"elementor-widget-container\">\n\t\t\t\t\t\t\t\t\t\t\t\t\t\t\t<img loading=\"lazy\" decoding=\"async\" width=\"1024\" height=\"768\" src=\"https:\/\/www.conam.org.ar\/web\/wp-content\/uploads\/2023\/12\/CONAM-FMRLP-Y-UTEDYC-LA-PLATA-REALIZARON-UNA-CHARLA-DEBATE-POR-EL-DIA-INTERNACIONAL-DE-ELIMINACION-DE-LA-VIOLENCIA-CONTRA-LA-MUJER-25-1024x768.jpeg\" class=\"attachment-large size-large wp-image-14663\" alt=\"\" srcset=\"https:\/\/www.conam.org.ar\/web\/wp-content\/uploads\/2023\/12\/CONAM-FMRLP-Y-UTEDYC-LA-PLATA-REALIZARON-UNA-CHARLA-DEBATE-POR-EL-DIA-INTERNACIONAL-DE-ELIMINACION-DE-LA-VIOLENCIA-CONTRA-LA-MUJER-25-1024x768.jpeg 1024w, https:\/\/www.conam.org.ar\/web\/wp-content\/uploads\/2023\/12\/CONAM-FMRLP-Y-UTEDYC-LA-PLATA-REALIZARON-UNA-CHARLA-DEBATE-POR-EL-DIA-INTERNACIONAL-DE-ELIMINACION-DE-LA-VIOLENCIA-CONTRA-LA-MUJER-25-300x225.jpeg 300w, https:\/\/www.conam.org.ar\/web\/wp-content\/uploads\/2023\/12\/CONAM-FMRLP-Y-UTEDYC-LA-PLATA-REALIZARON-UNA-CHARLA-DEBATE-POR-EL-DIA-INTERNACIONAL-DE-ELIMINACION-DE-LA-VIOLENCIA-CONTRA-LA-MUJER-25-768x576.jpeg 768w, https:\/\/www.conam.org.ar\/web\/wp-content\/uploads\/2023\/12\/CONAM-FMRLP-Y-UTEDYC-LA-PLATA-REALIZARON-UNA-CHARLA-DEBATE-POR-EL-DIA-INTERNACIONAL-DE-ELIMINACION-DE-LA-VIOLENCIA-CONTRA-LA-MUJER-25-380x285.jpeg 380w, https:\/\/www.conam.org.ar\/web\/wp-content\/uploads\/2023\/12\/CONAM-FMRLP-Y-UTEDYC-LA-PLATA-REALIZARON-UNA-CHARLA-DEBATE-POR-EL-DIA-INTERNACIONAL-DE-ELIMINACION-DE-LA-VIOLENCIA-CONTRA-LA-MUJER-25-285x214.jpeg 285w, https:\/\/www.conam.org.ar\/web\/wp-content\/uploads\/2023\/12\/CONAM-FMRLP-Y-UTEDYC-LA-PLATA-REALIZARON-UNA-CHARLA-DEBATE-POR-EL-DIA-INTERNACIONAL-DE-ELIMINACION-DE-LA-VIOLENCIA-CONTRA-LA-MUJER-25.jpeg 1160w\" sizes=\"(max-width: 1024px) 100vw, 1024px\" \/>\t\t\t\t\t\t\t\t\t\t\t\t\t\t\t<\/div>\n\t\t\t\t<\/div>\n\t\t\t\t\t<\/div>\n\t\t<\/div>\n\t\t\t\t<div class=\"elementor-column elementor-col-50 elementor-top-column elementor-element elementor-element-175457bc elementor-hidden-phone\" data-id=\"175457bc\" data-element_type=\"column\" data-e-type=\"column\">\n\t\t\t<div class=\"elementor-widget-wrap elementor-element-populated\">\n\t\t\t\t\t\t<div class=\"elementor-element elementor-element-2c60bff9 elementor-widget elementor-widget-spacer\" data-id=\"2c60bff9\" data-element_type=\"widget\" data-e-type=\"widget\" data-widget_type=\"spacer.default\">\n\t\t\t\t<div class=\"elementor-widget-container\">\n\t\t\t\t\t\t\t<div class=\"elementor-spacer\">\n\t\t\t<div class=\"elementor-spacer-inner\"><\/div>\n\t\t<\/div>\n\t\t\t\t\t\t<\/div>\n\t\t\t\t<\/div>\n\t\t\t\t<div class=\"elementor-element elementor-element-6c70fcbd elementor-widget elementor-widget-heading\" data-id=\"6c70fcbd\" data-element_type=\"widget\" data-e-type=\"widget\" data-widget_type=\"heading.default\">\n\t\t\t\t<div class=\"elementor-widget-container\">\n\t\t\t\t\t<h1 class=\"elementor-heading-title elementor-size-default\">REDES SOCIALES<\/h1>\t\t\t\t<\/div>\n\t\t\t\t<\/div>\n\t\t\t\t<div class=\"elementor-element elementor-element-52cfa410 elementor-widget elementor-widget-spacer\" data-id=\"52cfa410\" data-element_type=\"widget\" data-e-type=\"widget\" data-widget_type=\"spacer.default\">\n\t\t\t\t<div class=\"elementor-widget-container\">\n\t\t\t\t\t\t\t<div class=\"elementor-spacer\">\n\t\t\t<div class=\"elementor-spacer-inner\"><\/div>\n\t\t<\/div>\n\t\t\t\t\t\t<\/div>\n\t\t\t\t<\/div>\n\t\t\t\t<div class=\"elementor-element elementor-element-3e183d1f elementor-hidden-tablet elementor-hidden-phone elementor-widget elementor-widget-html\" data-id=\"3e183d1f\" data-element_type=\"widget\" data-e-type=\"widget\" data-widget_type=\"html.default\">\n\t\t\t\t<div class=\"elementor-widget-container\">\n\t\t\t\t\t<iframe src=\"https:\/\/www.facebook.com\/plugins\/page.php?href=https%3A%2F%2Fwww.facebook.com%2FConamMutualismo&tabs=timeline&width=415&height=500&small_header=false&adapt_container_width=false&hide_cover=false&show_facepile=true&appId\" width=\"415\" height=\"500\" style=\"border:none;overflow:hidden\" scrolling=\"no\" frameborder=\"0\" allowfullscreen=\"true\" allow=\"autoplay; clipboard-write; encrypted-media; picture-in-picture; web-share\"><\/iframe>\t\t\t\t<\/div>\n\t\t\t\t<\/div>\n\t\t\t\t<div class=\"elementor-element elementor-element-467528a9 elementor-hidden-desktop elementor-hidden-phone elementor-widget elementor-widget-html\" data-id=\"467528a9\" data-element_type=\"widget\" data-e-type=\"widget\" data-widget_type=\"html.default\">\n\t\t\t\t<div class=\"elementor-widget-container\">\n\t\t\t\t\t<iframe src=\"https:\/\/www.facebook.com\/plugins\/page.php?href=https%3A%2F%2Fwww.facebook.com%2FConamMutualismo&tabs=timeline&width=250&height=500&small_header=false&adapt_container_width=false&hide_cover=false&show_facepile=true&appId\" width=\"415\" height=\"500\" style=\"border:none;overflow:hidden\" scrolling=\"no\" frameborder=\"0\" allowfullscreen=\"true\" allow=\"autoplay; clipboard-write; encrypted-media; picture-in-picture; web-share\"><\/iframe>\t\t\t\t<\/div>\n\t\t\t\t<\/div>\n\t\t\t\t<div class=\"elementor-element elementor-element-3082764 elementor-widget elementor-widget-spacer\" data-id=\"3082764\" data-element_type=\"widget\" data-e-type=\"widget\" data-widget_type=\"spacer.default\">\n\t\t\t\t<div class=\"elementor-widget-container\">\n\t\t\t\t\t\t\t<div class=\"elementor-spacer\">\n\t\t\t<div class=\"elementor-spacer-inner\"><\/div>\n\t\t<\/div>\n\t\t\t\t\t\t<\/div>\n\t\t\t\t<\/div>\n\t\t\t\t<div class=\"elementor-element elementor-element-34a73cca elementor-widget__width-auto elementor-widget elementor-widget-shortcode\" data-id=\"34a73cca\" data-element_type=\"widget\" data-e-type=\"widget\" data-widget_type=\"shortcode.default\">\n\t\t\t\t<div class=\"elementor-widget-container\">\n\t\t\t\t\t\t\t<div class=\"elementor-shortcode\"><a class=\"twitter-timeline\" data-width=\"500\" data-height=\"500\" data-theme=\"light\" href=\"https:\/\/twitter.com\/ConamMutual?ref_src=twsrc%5Etfw\">Tweets by ConamMutual<\/a> <script async src=\"https:\/\/platform.twitter.com\/widgets.js\" charset=\"utf-8\"><\/script><\/div>\n\t\t\t\t\t\t<\/div>\n\t\t\t\t<\/div>\n\t\t\t\t<div class=\"elementor-element elementor-element-2d114fd6 elementor-widget elementor-widget-spacer\" data-id=\"2d114fd6\" data-element_type=\"widget\" data-e-type=\"widget\" data-widget_type=\"spacer.default\">\n\t\t\t\t<div class=\"elementor-widget-container\">\n\t\t\t\t\t\t\t<div class=\"elementor-spacer\">\n\t\t\t<div class=\"elementor-spacer-inner\"><\/div>\n\t\t<\/div>\n\t\t\t\t\t\t<\/div>\n\t\t\t\t<\/div>\n\t\t\t\t<div class=\"elementor-element elementor-element-2085ded elementor-widget elementor-widget-heading\" data-id=\"2085ded\" data-element_type=\"widget\" data-e-type=\"widget\" data-widget_type=\"heading.default\">\n\t\t\t\t<div class=\"elementor-widget-container\">\n\t\t\t\t\t<h1 class=\"elementor-heading-title elementor-size-default\">CONAM MEDIA<\/h1>\t\t\t\t<\/div>\n\t\t\t\t<\/div>\n\t\t\t\t<div class=\"elementor-element elementor-element-57370e4c elementor-widget elementor-widget-image\" data-id=\"57370e4c\" data-element_type=\"widget\" data-e-type=\"widget\" data-widget_type=\"image.default\">\n\t\t\t\t<div class=\"elementor-widget-container\">\n\t\t\t\t\t\t\t\t\t\t\t\t\t\t\t\t<a href=\"https:\/\/www.youtube.com\/channel\/UC7KxMlgG6jBLkTb5_MT1Mag\">\n\t\t\t\t\t\t\t<img loading=\"lazy\" decoding=\"async\" width=\"1080\" height=\"1080\" src=\"https:\/\/www.conam.org.ar\/web\/wp-content\/uploads\/2021\/03\/20_20210412_204328_0019-1.png\" class=\"attachment-1536x1536 size-1536x1536 wp-image-4632\" alt=\"\" srcset=\"https:\/\/www.conam.org.ar\/web\/wp-content\/uploads\/2021\/03\/20_20210412_204328_0019-1.png 1080w, https:\/\/www.conam.org.ar\/web\/wp-content\/uploads\/2021\/03\/20_20210412_204328_0019-1-300x300.png 300w, https:\/\/www.conam.org.ar\/web\/wp-content\/uploads\/2021\/03\/20_20210412_204328_0019-1-1024x1024.png 1024w, https:\/\/www.conam.org.ar\/web\/wp-content\/uploads\/2021\/03\/20_20210412_204328_0019-1-150x150.png 150w, https:\/\/www.conam.org.ar\/web\/wp-content\/uploads\/2021\/03\/20_20210412_204328_0019-1-768x768.png 768w, https:\/\/www.conam.org.ar\/web\/wp-content\/uploads\/2021\/03\/20_20210412_204328_0019-1-120x120.png 120w, https:\/\/www.conam.org.ar\/web\/wp-content\/uploads\/2021\/03\/20_20210412_204328_0019-1-105x105.png 105w, https:\/\/www.conam.org.ar\/web\/wp-content\/uploads\/2021\/03\/20_20210412_204328_0019-1-570x570.png 570w, https:\/\/www.conam.org.ar\/web\/wp-content\/uploads\/2021\/03\/20_20210412_204328_0019-1-380x380.png 380w, https:\/\/www.conam.org.ar\/web\/wp-content\/uploads\/2021\/03\/20_20210412_204328_0019-1-285x285.png 285w\" sizes=\"(max-width: 1080px) 100vw, 1080px\" \/>\t\t\t\t\t\t\t\t<\/a>\n\t\t\t\t\t\t\t\t\t\t\t\t\t\t\t<\/div>\n\t\t\t\t<\/div>\n\t\t\t\t\t<\/div>\n\t\t<\/div>\n\t\t\t\t\t<\/div>\n\t\t<\/section>\n\t\t\t\t<section class=\"elementor-section elementor-top-section elementor-element elementor-element-1566d1c elementor-section-full_width elementor-section-height-default elementor-section-height-default\" data-id=\"1566d1c\" data-element_type=\"section\" data-e-type=\"section\">\n\t\t\t\t\t\t<div class=\"elementor-container elementor-column-gap-default\">\n\t\t\t\t\t<div class=\"elementor-column elementor-col-100 elementor-top-column elementor-element elementor-element-6a27a24f\" data-id=\"6a27a24f\" data-element_type=\"column\" data-e-type=\"column\">\n\t\t\t<div class=\"elementor-widget-wrap elementor-element-populated\">\n\t\t\t\t\t\t<div class=\"elementor-element elementor-element-6aec8838 elementor-widget elementor-widget-shortcode\" data-id=\"6aec8838\" data-element_type=\"widget\" data-e-type=\"widget\" data-widget_type=\"shortcode.default\">\n\t\t\t\t<div class=\"elementor-widget-container\">\n\t\t\t\t\t\t\t<div class=\"elementor-shortcode\">\t\t<div data-elementor-type=\"footer\" data-elementor-id=\"4235\" class=\"elementor elementor-4235\" data-elementor-post-type=\"elementor_library\">\n\t\t\t\t\t<section class=\"elementor-section elementor-top-section elementor-element elementor-element-f02ad73 elementor-section-boxed elementor-section-height-default elementor-section-height-default\" data-id=\"f02ad73\" data-element_type=\"section\" data-e-type=\"section\">\n\t\t\t\t\t\t<div class=\"elementor-container elementor-column-gap-default\">\n\t\t\t\t\t<div class=\"elementor-column elementor-col-100 elementor-top-column elementor-element elementor-element-eef0fef\" data-id=\"eef0fef\" data-element_type=\"column\" data-e-type=\"column\">\n\t\t\t<div class=\"elementor-widget-wrap elementor-element-populated\">\n\t\t\t\t\t\t<div class=\"elementor-element elementor-element-a83cf47 elementor-widget elementor-widget-heading\" data-id=\"a83cf47\" data-element_type=\"widget\" data-e-type=\"widget\" data-widget_type=\"heading.default\">\n\t\t\t\t<div class=\"elementor-widget-container\">\n\t\t\t\t\t<h1 class=\"elementor-heading-title elementor-size-default\">VER M\u00c1S<\/h1>\t\t\t\t<\/div>\n\t\t\t\t<\/div>\n\t\t\t\t<div class=\"elementor-element elementor-element-6738753 elementor-widget elementor-widget-shortcode\" data-id=\"6738753\" data-element_type=\"widget\" data-e-type=\"widget\" data-widget_type=\"shortcode.default\">\n\t\t\t\t<div class=\"elementor-widget-container\">\n\t\t\t\t\t\t\t<div class=\"elementor-shortcode\">        <div class=\"wcp-carousel-main-wrap rpc-crsl-5 default\">\r\n        <section class=\"wcp-slick  matchheightenable\"   data-dots = on data-pauseonhover = on data-slidesToShow = 4 data-slidesToShowmob = 1 data-slidesToScroll = 1 data-cssEase = ease data-arrows = on id=\"carousel-3981\">\r\n\r\n                            <div class=\"slick-slide carousel-item-17736\">\r\n                    <figure class=\"rpc-style-5 rpc-wrapper\">\r\n  <div class=\"image\">\r\n    <div class=\"fixed-height-image\"><img loading=\"lazy\" decoding=\"async\" width=\"1638\" height=\"1070\" src=\"https:\/\/www.conam.org.ar\/web\/wp-content\/uploads\/2026\/04\/FEDETUR-Primer-Encuentro-Binacional-de-Mutuales-de-Turismo-en-PARAGUAY-2.jpeg\" class=\"attachment-2048x2048 size-2048x2048 wp-post-image\" alt=\"\" srcset=\"https:\/\/www.conam.org.ar\/web\/wp-content\/uploads\/2026\/04\/FEDETUR-Primer-Encuentro-Binacional-de-Mutuales-de-Turismo-en-PARAGUAY-2.jpeg 1638w, https:\/\/www.conam.org.ar\/web\/wp-content\/uploads\/2026\/04\/FEDETUR-Primer-Encuentro-Binacional-de-Mutuales-de-Turismo-en-PARAGUAY-2-300x196.jpeg 300w, https:\/\/www.conam.org.ar\/web\/wp-content\/uploads\/2026\/04\/FEDETUR-Primer-Encuentro-Binacional-de-Mutuales-de-Turismo-en-PARAGUAY-2-1024x669.jpeg 1024w, https:\/\/www.conam.org.ar\/web\/wp-content\/uploads\/2026\/04\/FEDETUR-Primer-Encuentro-Binacional-de-Mutuales-de-Turismo-en-PARAGUAY-2-768x502.jpeg 768w, https:\/\/www.conam.org.ar\/web\/wp-content\/uploads\/2026\/04\/FEDETUR-Primer-Encuentro-Binacional-de-Mutuales-de-Turismo-en-PARAGUAY-2-1536x1003.jpeg 1536w\" sizes=\"(max-width: 1638px) 100vw, 1638px\" \/><\/div>  <\/div>\r\n  <figcaption class=\"rpc_bg\">\r\n    <h5 class=\"rpc_title\">\r\n      FEDETUR CRUZA FRONTERAS Y CONSOLIDA UNA AGENDA...    <\/h5>\r\n    <h3 class=\"rpc_desc\">\r\n          <\/h3>\r\n    <footer class=\"rpc_footer\">\r\n      <div class=\"date\">24 abril, 2026<\/div>\r\n      <div class=\"icons\">\r\n        <div class=\"views\">\r\n          <i class=\"fa fa-comments\"><\/i>\r\n        0        <\/div>\r\n      <\/div>\r\n    <\/footer>\r\n  <\/figcaption>\r\n  <a target=\"_self\" href=\"https:\/\/www.conam.org.ar\/web\/2026\/04\/24\/fedetur-cruza-fronteras-y-consolida-una-agenda-regional-para-el-turismo-mutual-y-cooperativo\/\"><\/a>\r\n<\/figure>                <\/div>    \r\n\r\n                            <div class=\"slick-slide carousel-item-17726\">\r\n                    <figure class=\"rpc-style-5 rpc-wrapper\">\r\n  <div class=\"image\">\r\n    <div class=\"fixed-height-image\"><img loading=\"lazy\" decoding=\"async\" width=\"1024\" height=\"1024\" src=\"https:\/\/www.conam.org.ar\/web\/wp-content\/uploads\/2026\/04\/34-ANOS-CONSTRUYENDO-MUTUALISMO.jpeg\" class=\"attachment-2048x2048 size-2048x2048 wp-post-image\" alt=\"\" srcset=\"https:\/\/www.conam.org.ar\/web\/wp-content\/uploads\/2026\/04\/34-ANOS-CONSTRUYENDO-MUTUALISMO.jpeg 1024w, https:\/\/www.conam.org.ar\/web\/wp-content\/uploads\/2026\/04\/34-ANOS-CONSTRUYENDO-MUTUALISMO-300x300.jpeg 300w, https:\/\/www.conam.org.ar\/web\/wp-content\/uploads\/2026\/04\/34-ANOS-CONSTRUYENDO-MUTUALISMO-150x150.jpeg 150w, https:\/\/www.conam.org.ar\/web\/wp-content\/uploads\/2026\/04\/34-ANOS-CONSTRUYENDO-MUTUALISMO-768x768.jpeg 768w, https:\/\/www.conam.org.ar\/web\/wp-content\/uploads\/2026\/04\/34-ANOS-CONSTRUYENDO-MUTUALISMO-120x120.jpeg 120w, https:\/\/www.conam.org.ar\/web\/wp-content\/uploads\/2026\/04\/34-ANOS-CONSTRUYENDO-MUTUALISMO-105x105.jpeg 105w, https:\/\/www.conam.org.ar\/web\/wp-content\/uploads\/2026\/04\/34-ANOS-CONSTRUYENDO-MUTUALISMO-570x570.jpeg 570w, https:\/\/www.conam.org.ar\/web\/wp-content\/uploads\/2026\/04\/34-ANOS-CONSTRUYENDO-MUTUALISMO-380x380.jpeg 380w, https:\/\/www.conam.org.ar\/web\/wp-content\/uploads\/2026\/04\/34-ANOS-CONSTRUYENDO-MUTUALISMO-285x285.jpeg 285w\" sizes=\"(max-width: 1024px) 100vw, 1024px\" \/><\/div>  <\/div>\r\n  <figcaption class=\"rpc_bg\">\r\n    <h5 class=\"rpc_title\">\r\n      34 A\u00d1OS CONSTRUYENDO MUTUALISMO: NUEVO ANIVERSARIO DE...    <\/h5>\r\n    <h3 class=\"rpc_desc\">\r\n          <\/h3>\r\n    <footer class=\"rpc_footer\">\r\n      <div class=\"date\">23 abril, 2026<\/div>\r\n      <div class=\"icons\">\r\n        <div class=\"views\">\r\n          <i class=\"fa fa-comments\"><\/i>\r\n        0        <\/div>\r\n      <\/div>\r\n    <\/footer>\r\n  <\/figcaption>\r\n  <a target=\"_self\" href=\"https:\/\/www.conam.org.ar\/web\/2026\/04\/23\/34-anos-construyendo-mutualismo-nuevo-aniversario-de-conam\/\"><\/a>\r\n<\/figure>                <\/div>    \r\n\r\n                            <div class=\"slick-slide carousel-item-17715\">\r\n                    <figure class=\"rpc-style-5 rpc-wrapper\">\r\n  <div class=\"image\">\r\n    <div class=\"fixed-height-image\"><img loading=\"lazy\" decoding=\"async\" width=\"1280\" height=\"960\" src=\"https:\/\/www.conam.org.ar\/web\/wp-content\/uploads\/2026\/04\/FEDETUR-CONSOLIDA-SU-PROYECCION-NACIONAL-ASAMBLEA-Y-FIRMA-DE-UN-CONVENIO-PARA-POTENCIAR-AL-TURISMO-MUTUAL-Y-COOPERATIVO-3.jpeg\" class=\"attachment-2048x2048 size-2048x2048 wp-post-image\" alt=\"\" srcset=\"https:\/\/www.conam.org.ar\/web\/wp-content\/uploads\/2026\/04\/FEDETUR-CONSOLIDA-SU-PROYECCION-NACIONAL-ASAMBLEA-Y-FIRMA-DE-UN-CONVENIO-PARA-POTENCIAR-AL-TURISMO-MUTUAL-Y-COOPERATIVO-3.jpeg 1280w, https:\/\/www.conam.org.ar\/web\/wp-content\/uploads\/2026\/04\/FEDETUR-CONSOLIDA-SU-PROYECCION-NACIONAL-ASAMBLEA-Y-FIRMA-DE-UN-CONVENIO-PARA-POTENCIAR-AL-TURISMO-MUTUAL-Y-COOPERATIVO-3-300x225.jpeg 300w, https:\/\/www.conam.org.ar\/web\/wp-content\/uploads\/2026\/04\/FEDETUR-CONSOLIDA-SU-PROYECCION-NACIONAL-ASAMBLEA-Y-FIRMA-DE-UN-CONVENIO-PARA-POTENCIAR-AL-TURISMO-MUTUAL-Y-COOPERATIVO-3-1024x768.jpeg 1024w, https:\/\/www.conam.org.ar\/web\/wp-content\/uploads\/2026\/04\/FEDETUR-CONSOLIDA-SU-PROYECCION-NACIONAL-ASAMBLEA-Y-FIRMA-DE-UN-CONVENIO-PARA-POTENCIAR-AL-TURISMO-MUTUAL-Y-COOPERATIVO-3-768x576.jpeg 768w, https:\/\/www.conam.org.ar\/web\/wp-content\/uploads\/2026\/04\/FEDETUR-CONSOLIDA-SU-PROYECCION-NACIONAL-ASAMBLEA-Y-FIRMA-DE-UN-CONVENIO-PARA-POTENCIAR-AL-TURISMO-MUTUAL-Y-COOPERATIVO-3-380x285.jpeg 380w, https:\/\/www.conam.org.ar\/web\/wp-content\/uploads\/2026\/04\/FEDETUR-CONSOLIDA-SU-PROYECCION-NACIONAL-ASAMBLEA-Y-FIRMA-DE-UN-CONVENIO-PARA-POTENCIAR-AL-TURISMO-MUTUAL-Y-COOPERATIVO-3-285x214.jpeg 285w\" sizes=\"(max-width: 1280px) 100vw, 1280px\" \/><\/div>  <\/div>\r\n  <figcaption class=\"rpc_bg\">\r\n    <h5 class=\"rpc_title\">\r\n      FEDETUR CONSOLIDA SU PROYECCI\u00d3N NACIONAL: ASAMBLEA Y...    <\/h5>\r\n    <h3 class=\"rpc_desc\">\r\n          <\/h3>\r\n    <footer class=\"rpc_footer\">\r\n      <div class=\"date\">23 abril, 2026<\/div>\r\n      <div class=\"icons\">\r\n        <div class=\"views\">\r\n          <i class=\"fa fa-comments\"><\/i>\r\n        0        <\/div>\r\n      <\/div>\r\n    <\/footer>\r\n  <\/figcaption>\r\n  <a target=\"_self\" href=\"https:\/\/www.conam.org.ar\/web\/2026\/04\/23\/fedetur-consolida-su-proyeccion-nacional-asamblea-y-firma-de-un-convenio-para-potenciar-al-turismo-mutual-y-cooperativo\/\"><\/a>\r\n<\/figure>                <\/div>    \r\n\r\n                            <div class=\"slick-slide carousel-item-17698\">\r\n                    <figure class=\"rpc-style-5 rpc-wrapper\">\r\n  <div class=\"image\">\r\n    <div class=\"fixed-height-image\"><img loading=\"lazy\" decoding=\"async\" width=\"1600\" height=\"1200\" src=\"https:\/\/www.conam.org.ar\/web\/wp-content\/uploads\/2026\/04\/TECNOLOGIA-INVERSIONES-Y-FUTURO-MAS-DE-150-PERSONAS-PARTICIPARON-DEL-MEGA-EVENTO-FINTECH-PARA-EL-MUTUALISMO-9.jpeg\" class=\"attachment-2048x2048 size-2048x2048 wp-post-image\" alt=\"\" srcset=\"https:\/\/www.conam.org.ar\/web\/wp-content\/uploads\/2026\/04\/TECNOLOGIA-INVERSIONES-Y-FUTURO-MAS-DE-150-PERSONAS-PARTICIPARON-DEL-MEGA-EVENTO-FINTECH-PARA-EL-MUTUALISMO-9.jpeg 1600w, https:\/\/www.conam.org.ar\/web\/wp-content\/uploads\/2026\/04\/TECNOLOGIA-INVERSIONES-Y-FUTURO-MAS-DE-150-PERSONAS-PARTICIPARON-DEL-MEGA-EVENTO-FINTECH-PARA-EL-MUTUALISMO-9-300x225.jpeg 300w, https:\/\/www.conam.org.ar\/web\/wp-content\/uploads\/2026\/04\/TECNOLOGIA-INVERSIONES-Y-FUTURO-MAS-DE-150-PERSONAS-PARTICIPARON-DEL-MEGA-EVENTO-FINTECH-PARA-EL-MUTUALISMO-9-1024x768.jpeg 1024w, https:\/\/www.conam.org.ar\/web\/wp-content\/uploads\/2026\/04\/TECNOLOGIA-INVERSIONES-Y-FUTURO-MAS-DE-150-PERSONAS-PARTICIPARON-DEL-MEGA-EVENTO-FINTECH-PARA-EL-MUTUALISMO-9-768x576.jpeg 768w, https:\/\/www.conam.org.ar\/web\/wp-content\/uploads\/2026\/04\/TECNOLOGIA-INVERSIONES-Y-FUTURO-MAS-DE-150-PERSONAS-PARTICIPARON-DEL-MEGA-EVENTO-FINTECH-PARA-EL-MUTUALISMO-9-1536x1152.jpeg 1536w, https:\/\/www.conam.org.ar\/web\/wp-content\/uploads\/2026\/04\/TECNOLOGIA-INVERSIONES-Y-FUTURO-MAS-DE-150-PERSONAS-PARTICIPARON-DEL-MEGA-EVENTO-FINTECH-PARA-EL-MUTUALISMO-9-380x285.jpeg 380w, https:\/\/www.conam.org.ar\/web\/wp-content\/uploads\/2026\/04\/TECNOLOGIA-INVERSIONES-Y-FUTURO-MAS-DE-150-PERSONAS-PARTICIPARON-DEL-MEGA-EVENTO-FINTECH-PARA-EL-MUTUALISMO-9-285x214.jpeg 285w\" sizes=\"(max-width: 1600px) 100vw, 1600px\" \/><\/div>  <\/div>\r\n  <figcaption class=\"rpc_bg\">\r\n    <h5 class=\"rpc_title\">\r\n      TECNOLOG\u00cdA, INVERSIONES Y FUTURO: M\u00c1S DE 150...    <\/h5>\r\n    <h3 class=\"rpc_desc\">\r\n          <\/h3>\r\n    <footer class=\"rpc_footer\">\r\n      <div class=\"date\">22 abril, 2026<\/div>\r\n      <div class=\"icons\">\r\n        <div class=\"views\">\r\n          <i class=\"fa fa-comments\"><\/i>\r\n        0        <\/div>\r\n      <\/div>\r\n    <\/footer>\r\n  <\/figcaption>\r\n  <a target=\"_self\" href=\"https:\/\/www.conam.org.ar\/web\/2026\/04\/22\/tecnologia-inversiones-y-futuro-mas-de-150-personas-participaron-del-mega-evento-fintech-para-el-mutualismo\/\"><\/a>\r\n<\/figure>                <\/div>    \r\n\r\n                            <div class=\"slick-slide carousel-item-17681\">\r\n                    <figure class=\"rpc-style-5 rpc-wrapper\">\r\n  <div class=\"image\">\r\n    <div class=\"fixed-height-image\"><img loading=\"lazy\" decoding=\"async\" width=\"1126\" height=\"906\" src=\"https:\/\/www.conam.org.ar\/web\/wp-content\/uploads\/2026\/04\/CONAM-CELEBRO-SU-ASAMBLEA-GENERAL-ORDINARIA-JUNTO-A-SUS-FEDERACIONES-3.jpeg\" class=\"attachment-2048x2048 size-2048x2048 wp-post-image\" alt=\"\" srcset=\"https:\/\/www.conam.org.ar\/web\/wp-content\/uploads\/2026\/04\/CONAM-CELEBRO-SU-ASAMBLEA-GENERAL-ORDINARIA-JUNTO-A-SUS-FEDERACIONES-3.jpeg 1126w, https:\/\/www.conam.org.ar\/web\/wp-content\/uploads\/2026\/04\/CONAM-CELEBRO-SU-ASAMBLEA-GENERAL-ORDINARIA-JUNTO-A-SUS-FEDERACIONES-3-300x241.jpeg 300w, https:\/\/www.conam.org.ar\/web\/wp-content\/uploads\/2026\/04\/CONAM-CELEBRO-SU-ASAMBLEA-GENERAL-ORDINARIA-JUNTO-A-SUS-FEDERACIONES-3-1024x824.jpeg 1024w, https:\/\/www.conam.org.ar\/web\/wp-content\/uploads\/2026\/04\/CONAM-CELEBRO-SU-ASAMBLEA-GENERAL-ORDINARIA-JUNTO-A-SUS-FEDERACIONES-3-768x618.jpeg 768w\" sizes=\"(max-width: 1126px) 100vw, 1126px\" \/><\/div>  <\/div>\r\n  <figcaption class=\"rpc_bg\">\r\n    <h5 class=\"rpc_title\">\r\n      CONAM CELEBR\u00d3 SU ASAMBLEA GENERAL ORDINARIA JUNTO...    <\/h5>\r\n    <h3 class=\"rpc_desc\">\r\n          <\/h3>\r\n    <footer class=\"rpc_footer\">\r\n      <div class=\"date\">20 abril, 2026<\/div>\r\n      <div class=\"icons\">\r\n        <div class=\"views\">\r\n          <i class=\"fa fa-comments\"><\/i>\r\n        0        <\/div>\r\n      <\/div>\r\n    <\/footer>\r\n  <\/figcaption>\r\n  <a target=\"_self\" href=\"https:\/\/www.conam.org.ar\/web\/2026\/04\/20\/conam-celebro-su-asamblea-general-ordinaria-junto-a-sus-federaciones\/\"><\/a>\r\n<\/figure>                <\/div>    \r\n\r\n                            <div class=\"slick-slide carousel-item-17667\">\r\n                    <figure class=\"rpc-style-5 rpc-wrapper\">\r\n  <div class=\"image\">\r\n    <div class=\"fixed-height-image\"><img loading=\"lazy\" decoding=\"async\" width=\"960\" height=\"1280\" src=\"https:\/\/www.conam.org.ar\/web\/wp-content\/uploads\/2026\/04\/FESMAP-IMPULSA-EL-CRECIMIENTO-MUTUALISTA-EN-SANTA-FE-INAUGURACION-DE-UNA-NUEVA-ENTIDAD-Y-EXPANSION-DE-LA-SEDE-DE-OTRA-MUTUAL-6.jpeg\" class=\"attachment-2048x2048 size-2048x2048 wp-post-image\" alt=\"\" srcset=\"https:\/\/www.conam.org.ar\/web\/wp-content\/uploads\/2026\/04\/FESMAP-IMPULSA-EL-CRECIMIENTO-MUTUALISTA-EN-SANTA-FE-INAUGURACION-DE-UNA-NUEVA-ENTIDAD-Y-EXPANSION-DE-LA-SEDE-DE-OTRA-MUTUAL-6.jpeg 960w, https:\/\/www.conam.org.ar\/web\/wp-content\/uploads\/2026\/04\/FESMAP-IMPULSA-EL-CRECIMIENTO-MUTUALISTA-EN-SANTA-FE-INAUGURACION-DE-UNA-NUEVA-ENTIDAD-Y-EXPANSION-DE-LA-SEDE-DE-OTRA-MUTUAL-6-225x300.jpeg 225w, https:\/\/www.conam.org.ar\/web\/wp-content\/uploads\/2026\/04\/FESMAP-IMPULSA-EL-CRECIMIENTO-MUTUALISTA-EN-SANTA-FE-INAUGURACION-DE-UNA-NUEVA-ENTIDAD-Y-EXPANSION-DE-LA-SEDE-DE-OTRA-MUTUAL-6-768x1024.jpeg 768w\" sizes=\"(max-width: 960px) 100vw, 960px\" \/><\/div>  <\/div>\r\n  <figcaption class=\"rpc_bg\">\r\n    <h5 class=\"rpc_title\">\r\n      FESMAP IMPULSA EL CRECIMIENTO MUTUALISTA EN SANTA...    <\/h5>\r\n    <h3 class=\"rpc_desc\">\r\n          <\/h3>\r\n    <footer class=\"rpc_footer\">\r\n      <div class=\"date\">1 abril, 2026<\/div>\r\n      <div class=\"icons\">\r\n        <div class=\"views\">\r\n          <i class=\"fa fa-comments\"><\/i>\r\n        0        <\/div>\r\n      <\/div>\r\n    <\/footer>\r\n  <\/figcaption>\r\n  <a target=\"_self\" href=\"https:\/\/www.conam.org.ar\/web\/2026\/04\/01\/fesmap-impulsa-el-crecimiento-mutualista-en-santa-fe-inauguracion-de-una-nueva-entidad-y-expansion-de-la-sede-de-otra-mutual\/\"><\/a>\r\n<\/figure>                <\/div>    \r\n\r\n                            <div class=\"slick-slide carousel-item-17639\">\r\n                    <figure class=\"rpc-style-5 rpc-wrapper\">\r\n  <div class=\"image\">\r\n    <div class=\"fixed-height-image\"><img loading=\"lazy\" decoding=\"async\" width=\"1080\" height=\"1080\" src=\"https:\/\/www.conam.org.ar\/web\/wp-content\/uploads\/2026\/03\/NUEVA-CAPACITACION-UIF-ACTUALIZATE-CON-LAS-ULTIMAS-NORMATIVAS-Y-RESOLUCIONES-DEL-2026.png\" class=\"attachment-2048x2048 size-2048x2048 wp-post-image\" alt=\"\" srcset=\"https:\/\/www.conam.org.ar\/web\/wp-content\/uploads\/2026\/03\/NUEVA-CAPACITACION-UIF-ACTUALIZATE-CON-LAS-ULTIMAS-NORMATIVAS-Y-RESOLUCIONES-DEL-2026.png 1080w, https:\/\/www.conam.org.ar\/web\/wp-content\/uploads\/2026\/03\/NUEVA-CAPACITACION-UIF-ACTUALIZATE-CON-LAS-ULTIMAS-NORMATIVAS-Y-RESOLUCIONES-DEL-2026-300x300.png 300w, https:\/\/www.conam.org.ar\/web\/wp-content\/uploads\/2026\/03\/NUEVA-CAPACITACION-UIF-ACTUALIZATE-CON-LAS-ULTIMAS-NORMATIVAS-Y-RESOLUCIONES-DEL-2026-1024x1024.png 1024w, https:\/\/www.conam.org.ar\/web\/wp-content\/uploads\/2026\/03\/NUEVA-CAPACITACION-UIF-ACTUALIZATE-CON-LAS-ULTIMAS-NORMATIVAS-Y-RESOLUCIONES-DEL-2026-150x150.png 150w, https:\/\/www.conam.org.ar\/web\/wp-content\/uploads\/2026\/03\/NUEVA-CAPACITACION-UIF-ACTUALIZATE-CON-LAS-ULTIMAS-NORMATIVAS-Y-RESOLUCIONES-DEL-2026-768x768.png 768w, https:\/\/www.conam.org.ar\/web\/wp-content\/uploads\/2026\/03\/NUEVA-CAPACITACION-UIF-ACTUALIZATE-CON-LAS-ULTIMAS-NORMATIVAS-Y-RESOLUCIONES-DEL-2026-120x120.png 120w, https:\/\/www.conam.org.ar\/web\/wp-content\/uploads\/2026\/03\/NUEVA-CAPACITACION-UIF-ACTUALIZATE-CON-LAS-ULTIMAS-NORMATIVAS-Y-RESOLUCIONES-DEL-2026-105x105.png 105w, https:\/\/www.conam.org.ar\/web\/wp-content\/uploads\/2026\/03\/NUEVA-CAPACITACION-UIF-ACTUALIZATE-CON-LAS-ULTIMAS-NORMATIVAS-Y-RESOLUCIONES-DEL-2026-570x570.png 570w, https:\/\/www.conam.org.ar\/web\/wp-content\/uploads\/2026\/03\/NUEVA-CAPACITACION-UIF-ACTUALIZATE-CON-LAS-ULTIMAS-NORMATIVAS-Y-RESOLUCIONES-DEL-2026-380x380.png 380w, https:\/\/www.conam.org.ar\/web\/wp-content\/uploads\/2026\/03\/NUEVA-CAPACITACION-UIF-ACTUALIZATE-CON-LAS-ULTIMAS-NORMATIVAS-Y-RESOLUCIONES-DEL-2026-285x285.png 285w\" sizes=\"(max-width: 1080px) 100vw, 1080px\" \/><\/div>  <\/div>\r\n  <figcaption class=\"rpc_bg\">\r\n    <h5 class=\"rpc_title\">\r\n      NUEVA CAPACITACI\u00d3N UIF: ACTUALIZATE CON LAS \u00daLTIMAS...    <\/h5>\r\n    <h3 class=\"rpc_desc\">\r\n          <\/h3>\r\n    <footer class=\"rpc_footer\">\r\n      <div class=\"date\">20 marzo, 2026<\/div>\r\n      <div class=\"icons\">\r\n        <div class=\"views\">\r\n          <i class=\"fa fa-comments\"><\/i>\r\n        0        <\/div>\r\n      <\/div>\r\n    <\/footer>\r\n  <\/figcaption>\r\n  <a target=\"_self\" href=\"https:\/\/www.conam.org.ar\/web\/2026\/03\/20\/nueva-capacitacion-uif-actualizate-con-las-ultimas-normativas-y-resoluciones-del-2026\/\"><\/a>\r\n<\/figure>                <\/div>    \r\n\r\n                \r\n        <\/section>\r\n        <\/div>\r\n        <style>#carousel-3981 { background-color: ; } #carousel-3981 .slick-slide { margin: 2px ; } #carousel-3981.slick-vertical .slick-slide { margin:  2px; } #carousel-3981 .fixed-height-image { height: 270px; } #carousel-3981 .slick-slide .rpc_bg { background-color: #FFFFFF !important; } #carousel-3981 .slick-slide .rpc_title { color: #000000 !important; } #carousel-3981 .slick-slide .rpc_title { font-size:  !important; } #carousel-3981 .slick-slide .rpc_title { font-family:  !important; } #carousel-3981 .slick-slide .rpc_title { line-height:  !important; } #carousel-3981 .slick-slide .rpc_desc { color:  !important; } #carousel-3981 .slick-slide .rpc_desc { font-size:  !important; } #carousel-3981 .slick-slide .rpc_desc { font-family:  !important; } #carousel-3981 .slick-slide .rpc_desc { line-height:  !important; } #carousel-3981 .slick-slide .rpc_footer { background-color:  !important; } #carousel-3981 .slick-slide .rpc_footer { color:  !important; } #carousel-3981 .slick-slide .rpc-wrapper { border-style: none !important; } #carousel-3981 .slick-slide .rpc-wrapper { border-width:  !important; } #carousel-3981 .slick-slide .rpc-wrapper { border-color:  !important; } #carousel-3981 .slick-slide .rpc-wrapper { box-shadow: 0 0 5px rgba(0, 0, 0, 0.15) !important; } .topright #carousel-3981 .slick-next { right: ; }.topright #carousel-3981 .slick-prev { right: 29px; left: inherit; } .topleft #carousel-3981 .slick-prev { left: ; }.topleft #carousel-3981 .slick-next { left: 29px; right: inherit; } .aboveposts #carousel-3981 .slick-prev { left: ; }.aboveposts #carousel-3981 .slick-next { right: ; left: inherit; } #carousel-3981 .slick-dots li button:before { color:  ; }#carousel-3981 .slick-prev:before, #carousel-3981 .slick-next:before { color: #0066bf !important;}#carousel-3981 .slick-next:before { content: '\\ \\f0a9 '; } #carousel-3981 .slick-prev:before { content: '\\ \\f0a8'; }#carousel-3981 .slick-next:before, #carousel-3981 .slick-prev:before { background-color: #ffffff; padding: 2px 5px; border-radius: 50%; } #carousel-3981 .slick-next:before, #carousel-3981 .slick-prev:before { font-size: 20px; }#carousel-3981 .slick-next, #carousel-3981 .slick-prev { width: 20px; height: 20px; }<\/style><\/div>\n\t\t\t\t\t\t<\/div>\n\t\t\t\t<\/div>\n\t\t\t\t<div class=\"elementor-element elementor-element-0ab9eff elementor-widget__width-inherit elementor-hidden-tablet elementor-hidden-phone elementor-widget elementor-widget-wp-widget-wpmegamenu_widget\" data-id=\"0ab9eff\" data-element_type=\"widget\" data-e-type=\"widget\" data-widget_type=\"wp-widget-wpmegamenu_widget.default\">\n\t\t\t\t<div class=\"elementor-widget-container\">\n\t\t\t\t\t<div id=\"wpmm-wrap-header_menu\" class=\"wp-megamenu-main-wrapper wpmm-ctheme-wrapper wpmm-hide-toggle wpmega-default-theme wpmega-enabled-mobile-menu wpmm-hideallicons-mobile  wpmm-toggle-accordion wpmm-onhover wpmm-orientation-horizontal  wpmm-flip-effect \"><div class=\"wpmegamenu-toggle wpmega-enabled-menutoggle\" data-responsive-breakpoint=\"910px\"><div class='wp-mega-toggle-block'><div class='wpmega-closeblock'><i class='dashicons dashicons-editor-justify'><\/i><\/div><div class='wpmega-openblock'><i class='dashicons dashicons-no'><\/i><\/div><div class='menutoggle'>Menu<\/div><\/div><\/div><ul id=\"wpmega-menu-header_menu\" class=\"wpmm-mega-wrapper wpmemgamenu-pro\" data-advanced-click=\"wpmm-click-submenu\" data-trigger-effect=\"wpmm-onhover\"><li class='menu-item menu-item-type-custom menu-item-object-custom menu-item-home menu-item-has-children wpmega-menu-flyout wpmega-show-arrow wpmm-menu-align-left wpmega-hide-menu-icon wpmega-flyout-horizontal-right menu-item-4097 menu-item-depth-0 wpmm-submenu-align-left no-dropdown' id='wp_nav_menu-item-4097'><a class=\"wp-mega-menu-link\" href=\"https:\/\/www.conam.org.ar\/web\/\"><span class=\"wpmm-mega-menu-href-title\">Institucional<\/span><\/a>\n<div class='wpmm-sub-menu-wrapper wpmm-menu0'><ul class=\"wp-mega-sub-menu\">\n\t<li class='menu-item menu-item-type-post_type menu-item-object-page wp-mega-menu-header wpmega-show-arrow wpmm-menu-align-left wpmega-hide-menu-icon menu-item-767 menu-item-depth-1 wpmm-submenu-align-left no-dropdown' id='wp_nav_menu-item-767'><a class=\"wp-mega-menu-link\" href=\"https:\/\/www.conam.org.ar\/web\/mision\/\"><span class=\"wpmm-mega-menu-href-title\">Misi\u00f3n y objetivos<\/span><\/a><\/li>\t<li class='menu-item menu-item-type-post_type menu-item-object-page wp-mega-menu-header wpmega-show-arrow wpmm-menu-align-left wpmega-hide-menu-icon menu-item-766 menu-item-depth-1 wpmm-submenu-align-left no-dropdown' id='wp_nav_menu-item-766'><a class=\"wp-mega-menu-link\" href=\"https:\/\/www.conam.org.ar\/web\/vision\/\"><span class=\"wpmm-mega-menu-href-title\">Visi\u00f3n<\/span><\/a><\/li>\t<li class='menu-item menu-item-type-post_type menu-item-object-page wp-mega-menu-header wpmega-show-arrow wpmm-menu-align-left wpmega-hide-menu-icon menu-item-765 menu-item-depth-1 wpmm-submenu-align-left no-dropdown' id='wp_nav_menu-item-765'><a class=\"wp-mega-menu-link\" href=\"https:\/\/www.conam.org.ar\/web\/sobre-conam\/\"><span class=\"wpmm-mega-menu-href-title\">Sobre CONAM<\/span><\/a><\/li>\t<li class='menu-item menu-item-type-post_type menu-item-object-page wp-mega-menu-header wpmega-show-arrow wpmm-menu-align-left wpmega-hide-menu-icon menu-item-3920 menu-item-depth-1 wpmm-submenu-align-left no-dropdown' id='wp_nav_menu-item-3920'><a class=\"wp-mega-menu-link\" href=\"https:\/\/www.conam.org.ar\/web\/estatutos\/\"><span class=\"wpmm-mega-menu-href-title\">Estatuto<\/span><\/a><\/li>\t<li class='menu-item menu-item-type-post_type menu-item-object-page wp-mega-menu-header wpmega-show-arrow wpmm-menu-align-left wpmega-hide-menu-icon menu-item-768 menu-item-depth-1 wpmm-submenu-align-left no-dropdown' id='wp_nav_menu-item-768'><a class=\"wp-mega-menu-link\" href=\"https:\/\/www.conam.org.ar\/web\/autoridades\/\"><span class=\"wpmm-mega-menu-href-title\">Autoridades<\/span><\/a><\/li><\/ul><\/div>\n<\/li><li class='menu-item menu-item-type-post_type menu-item-object-page wpmega-menu-flyout wpmega-show-arrow wpmm-menu-align-left wpmega-hide-menu-icon wpmega-flyout-horizontal-right menu-item-4052 menu-item-depth-0 wpmm-submenu-align-left no-dropdown' id='wp_nav_menu-item-4052'><a class=\"wp-mega-menu-link\" href=\"https:\/\/www.conam.org.ar\/web\/federaciones\/\"><span class=\"wpmm-mega-menu-href-title\">Federaciones<\/span><\/a><\/li><li class='menu-item menu-item-type-post_type menu-item-object-page menu-item-has-children wpmega-menu-flyout wpmega-show-arrow wpmm-menu-align-left wpmega-hide-menu-icon wpmega-flyout-horizontal-right menu-item-770 menu-item-depth-0 wpmm-submenu-align-left no-dropdown' id='wp_nav_menu-item-770'><a class=\"wp-mega-menu-link\" href=\"https:\/\/www.conam.org.ar\/web\/economia-solidaria\/\"><span class=\"wpmm-mega-menu-href-title\">Econom\u00eda Solidaria<\/span><\/a>\n<div class='wpmm-sub-menu-wrapper wpmm-menu0'><ul class=\"wp-mega-sub-menu\">\n\t<li class='menu-item menu-item-type-post_type menu-item-object-page wp-mega-menu-header wpmega-show-arrow wpmm-menu-align-left wpmega-hide-menu-icon menu-item-771 menu-item-depth-1 wpmm-submenu-align-left no-dropdown' id='wp_nav_menu-item-771'><a class=\"wp-mega-menu-link\" href=\"https:\/\/www.conam.org.ar\/web\/mutual-y-sus-principios\/\"><span class=\"wpmm-mega-menu-href-title\">Mutual y sus principios<\/span><\/a><\/li>\t<li class='menu-item menu-item-type-post_type menu-item-object-page wp-mega-menu-header wpmega-show-arrow wpmm-menu-align-left wpmega-hide-menu-icon menu-item-772 menu-item-depth-1 wpmm-submenu-align-left no-dropdown' id='wp_nav_menu-item-772'><a class=\"wp-mega-menu-link\" href=\"https:\/\/www.conam.org.ar\/web\/actividad-de-las-mutuales\/\"><span class=\"wpmm-mega-menu-href-title\">Actividad de las mutuales<\/span><\/a><\/li>\t<li class='menu-item menu-item-type-post_type menu-item-object-page wp-mega-menu-header wpmega-show-arrow wpmm-menu-align-left wpmega-hide-menu-icon menu-item-773 menu-item-depth-1 wpmm-submenu-align-left no-dropdown' id='wp_nav_menu-item-773'><a class=\"wp-mega-menu-link\" href=\"https:\/\/www.conam.org.ar\/web\/normativa\/\"><span class=\"wpmm-mega-menu-href-title\">Normativa<\/span><\/a><\/li><\/ul><\/div>\n<\/li><li class='menu-item menu-item-type-post_type menu-item-object-page wpmega-menu-flyout wpmega-show-arrow wpmm-menu-align-left wpmega-hide-menu-icon wpmega-flyout-horizontal-right menu-item-775 menu-item-depth-0 wpmm-submenu-align-left no-dropdown' id='wp_nav_menu-item-775'><a class=\"wp-mega-menu-link\" href=\"https:\/\/www.conam.org.ar\/web\/mutuales-en-red\/\"><span class=\"wpmm-mega-menu-href-title\">Servicios en red<\/span><\/a><\/li><li class='menu-item menu-item-type-post_type menu-item-object-page wpmega-menu-flyout wpmega-show-arrow wpmm-menu-align-left wpmega-hide-menu-icon wpmega-flyout-horizontal-right menu-item-1610 menu-item-depth-0 wpmm-submenu-align-left no-dropdown' id='wp_nav_menu-item-1610'><a class=\"wp-mega-menu-link\" href=\"https:\/\/www.conam.org.ar\/web\/novedades\/\"><span class=\"wpmm-mega-menu-href-title\">Novedades<\/span><\/a><\/li><\/ul><\/div>\t\t\t\t<\/div>\n\t\t\t\t<\/div>\n\t\t\t\t\t<\/div>\n\t\t<\/div>\n\t\t\t\t\t<\/div>\n\t\t<\/section>\n\t\t\t\t<section class=\"elementor-section elementor-top-section elementor-element elementor-element-77dd5d4 elementor-section-full_width elementor-section-height-default elementor-section-height-default\" data-id=\"77dd5d4\" data-element_type=\"section\" data-e-type=\"section\">\n\t\t\t\t\t\t<div class=\"elementor-container elementor-column-gap-default\">\n\t\t\t\t\t<div class=\"elementor-column elementor-col-33 elementor-top-column elementor-element elementor-element-57eaae5\" data-id=\"57eaae5\" data-element_type=\"column\" data-e-type=\"column\">\n\t\t\t<div class=\"elementor-widget-wrap elementor-element-populated\">\n\t\t\t\t\t\t<div class=\"elementor-element elementor-element-b236e72 elementor-widget elementor-widget-theme-site-logo elementor-widget-image\" data-id=\"b236e72\" data-element_type=\"widget\" data-e-type=\"widget\" data-widget_type=\"theme-site-logo.default\">\n\t\t\t\t<div class=\"elementor-widget-container\">\n\t\t\t\t\t\t\t\t\t\t\t<a href=\"https:\/\/www.conam.org.ar\/web\">\n\t\t\t<img decoding=\"async\" width=\"357\" height=\"109\" src=\"https:\/\/www.conam.org.ar\/web\/wp-content\/uploads\/2021\/03\/thumbnail_logo-sin-color-de-fondo.png\" class=\"attachment-full size-full wp-image-2800\" alt=\"\" srcset=\"https:\/\/www.conam.org.ar\/web\/wp-content\/uploads\/2021\/03\/thumbnail_logo-sin-color-de-fondo.png 357w, https:\/\/www.conam.org.ar\/web\/wp-content\/uploads\/2021\/03\/thumbnail_logo-sin-color-de-fondo-300x92.png 300w\" sizes=\"(max-width: 357px) 100vw, 357px\" \/>\t\t\t\t<\/a>\n\t\t\t\t\t\t\t\t\t\t\t<\/div>\n\t\t\t\t<\/div>\n\t\t\t\t\t<\/div>\n\t\t<\/div>\n\t\t\t\t<div class=\"elementor-column elementor-col-33 elementor-top-column elementor-element elementor-element-24d9719\" data-id=\"24d9719\" data-element_type=\"column\" data-e-type=\"column\">\n\t\t\t<div class=\"elementor-widget-wrap elementor-element-populated\">\n\t\t\t\t\t\t<div class=\"elementor-element elementor-element-f2251ad elementor-widget elementor-widget-text-editor\" data-id=\"f2251ad\" data-element_type=\"widget\" data-e-type=\"widget\" data-widget_type=\"text-editor.default\">\n\t\t\t\t<div class=\"elementor-widget-container\">\n\t\t\t\t\t\t\t\t\t<h4 style=\"text-align: center;\"><span style=\"text-decoration: underline;\"><strong><span style=\"color: #000000; text-decoration: underline;\">Humberto Primo 986 5to 32\u00a0&#8211; CABA<\/span><\/strong><\/span><\/h4><h4 style=\"text-align: center;\"><span style=\"color: #000000;\"><strong>011-4800-2268\u00a0<\/strong><\/span><\/h4><h4 style=\"text-align: center;\"><span style=\"color: #000000;\"><strong>info@conam.org.ar<\/strong><\/span><\/h4>\t\t\t\t\t\t\t\t<\/div>\n\t\t\t\t<\/div>\n\t\t\t\t\t<\/div>\n\t\t<\/div>\n\t\t\t\t<div class=\"elementor-column elementor-col-33 elementor-top-column elementor-element elementor-element-c6e4ac2\" data-id=\"c6e4ac2\" data-element_type=\"column\" data-e-type=\"column\">\n\t\t\t<div class=\"elementor-widget-wrap elementor-element-populated\">\n\t\t\t\t\t\t<div class=\"elementor-element elementor-element-2fe3a63 elementor-shape-circle elementor-grid-0 e-grid-align-center elementor-widget elementor-widget-social-icons\" data-id=\"2fe3a63\" data-element_type=\"widget\" data-e-type=\"widget\" data-widget_type=\"social-icons.default\">\n\t\t\t\t<div class=\"elementor-widget-container\">\n\t\t\t\t\t\t\t<div class=\"elementor-social-icons-wrapper elementor-grid\" role=\"list\">\n\t\t\t\t\t\t\t<span class=\"elementor-grid-item\" role=\"listitem\">\n\t\t\t\t\t<a class=\"elementor-icon elementor-social-icon elementor-social-icon-facebook-f elementor-repeater-item-7e76215\" href=\"https:\/\/www.facebook.com\/ConamMutualismo\" target=\"_blank\">\n\t\t\t\t\t\t<span class=\"elementor-screen-only\">Facebook-f<\/span>\n\t\t\t\t\t\t<i aria-hidden=\"true\" class=\"fab fa-facebook-f\"><\/i>\t\t\t\t\t<\/a>\n\t\t\t\t<\/span>\n\t\t\t\t\t\t\t<span class=\"elementor-grid-item\" role=\"listitem\">\n\t\t\t\t\t<a class=\"elementor-icon elementor-social-icon elementor-social-icon-x-twitter elementor-repeater-item-f4248f0\" href=\"https:\/\/x.com\/ConamMutual\" target=\"_blank\">\n\t\t\t\t\t\t<span class=\"elementor-screen-only\">X-twitter<\/span>\n\t\t\t\t\t\t<i aria-hidden=\"true\" class=\"fab fa-x-twitter\"><\/i>\t\t\t\t\t<\/a>\n\t\t\t\t<\/span>\n\t\t\t\t\t\t\t<span class=\"elementor-grid-item\" role=\"listitem\">\n\t\t\t\t\t<a class=\"elementor-icon elementor-social-icon elementor-social-icon-instagram elementor-repeater-item-8b02ba4\" href=\"https:\/\/www.instagram.com\/conammutualismo\/\" target=\"_blank\">\n\t\t\t\t\t\t<span class=\"elementor-screen-only\">Instagram<\/span>\n\t\t\t\t\t\t<i aria-hidden=\"true\" class=\"fab fa-instagram\"><\/i>\t\t\t\t\t<\/a>\n\t\t\t\t<\/span>\n\t\t\t\t\t\t\t<span class=\"elementor-grid-item\" role=\"listitem\">\n\t\t\t\t\t<a class=\"elementor-icon elementor-social-icon elementor-social-icon-envelope elementor-repeater-item-742fba0\" href=\"mailto:info@conam.org.ar\" target=\"_blank\">\n\t\t\t\t\t\t<span class=\"elementor-screen-only\">Envelope<\/span>\n\t\t\t\t\t\t<i aria-hidden=\"true\" class=\"far fa-envelope\"><\/i>\t\t\t\t\t<\/a>\n\t\t\t\t<\/span>\n\t\t\t\t\t\t\t<span class=\"elementor-grid-item\" role=\"listitem\">\n\t\t\t\t\t<a class=\"elementor-icon elementor-social-icon elementor-social-icon-youtube elementor-repeater-item-ace45c9\" href=\"https:\/\/www.youtube.com\/channel\/UC7KxMlgG6jBLkTb5_MT1Mag\" target=\"_blank\">\n\t\t\t\t\t\t<span class=\"elementor-screen-only\">Youtube<\/span>\n\t\t\t\t\t\t<i aria-hidden=\"true\" class=\"fab fa-youtube\"><\/i>\t\t\t\t\t<\/a>\n\t\t\t\t<\/span>\n\t\t\t\t\t\t\t<span class=\"elementor-grid-item\" role=\"listitem\">\n\t\t\t\t\t<a class=\"elementor-icon elementor-social-icon elementor-social-icon-whatsapp elementor-repeater-item-f9a6816\" href=\"https:\/\/www.whatsapp.com\/channel\/0029VbAb94eGOj9wgl4q133o\" target=\"_blank\">\n\t\t\t\t\t\t<span class=\"elementor-screen-only\">Whatsapp<\/span>\n\t\t\t\t\t\t<i aria-hidden=\"true\" class=\"fab fa-whatsapp\"><\/i>\t\t\t\t\t<\/a>\n\t\t\t\t<\/span>\n\t\t\t\t\t<\/div>\n\t\t\t\t\t\t<\/div>\n\t\t\t\t<\/div>\n\t\t\t\t\t<\/div>\n\t\t<\/div>\n\t\t\t\t\t<\/div>\n\t\t<\/section>\n\t\t\t\t<\/div>\n\t\t<\/div>\n\t\t\t\t\t\t<\/div>\n\t\t\t\t<\/div>\n\t\t\t\t\t<\/div>\n\t\t<\/div>\n\t\t\t\t\t<\/div>\n\t\t<\/section>\n\t\t\t\t<\/div>\n\t\t","protected":false},"excerpt":{"rendered":"<p>CONAM, FMRLP Y UTEDYC LA PLATA REALIZARON UNA CHARLA DEBATE POR EL D\u00cdA INTERNACIONAL DE ELIMINACI\u00d3N DE LA VIOLENCIA CONTRA LA MUJER Facebook-f Twitter Instagram Envelope Youtube La Comisi\u00f3n de G\u00e9nero y Diversidad de la Confederaci\u00f3n Nacional de Mutualidades de la Rep\u00fablica Argentina (CONAM), la Federaci\u00f3n de Mutuales Regional La Plata (FMRLP) y UTEDYC La<\/p>\n<p class=\"more-link\"><a href=\"https:\/\/www.conam.org.ar\/web\/2026\/03\/20\/nueva-capacitacion-uif-actualizate-con-las-ultimas-normativas-y-resoluciones-del-2026\/\" class=\"themebutton\">Read More<\/a><\/p>\n","protected":false},"author":3,"featured_media":14660,"comment_status":"open","ping_status":"open","sticky":false,"template":"elementor_canvas","format":"standard","meta":{"footnotes":""},"categories":[13,1],"tags":[540,21,543,23,24,50,49,792,791,675,22,46,123,758],"class_list":["post-14659","post","type-post","status-publish","format-standard","has-post-thumbnail","hentry","category-noticias-de-comisiones","category-ultimas-noticias","tag-comision-de-genero-y-diversidad","tag-conam","tag-dia-internacional-de-la-eliminacion-de-la-violencia-contra-la-mujer","tag-economia-social","tag-economia-solidaria","tag-federacion-de-mutuales-regional-la-plata","tag-fmrlp","tag-marcos-picchi","tag-mariangeles-sotes","tag-mutuales","tag-mutualismo","tag-rosa-rodriguez","tag-utedyc","tag-valeria-negreiro"],"aioseo_notices":[],"_links":{"self":[{"href":"https:\/\/www.conam.org.ar\/web\/wp-json\/wp\/v2\/posts\/14659","targetHints":{"allow":["GET"]}}],"collection":[{"href":"https:\/\/www.conam.org.ar\/web\/wp-json\/wp\/v2\/posts"}],"about":[{"href":"https:\/\/www.conam.org.ar\/web\/wp-json\/wp\/v2\/types\/post"}],"author":[{"embeddable":true,"href":"https:\/\/www.conam.org.ar\/web\/wp-json\/wp\/v2\/users\/3"}],"replies":[{"embeddable":true,"href":"https:\/\/www.conam.org.ar\/web\/wp-json\/wp\/v2\/comments?post=14659"}],"version-history":[{"count":4,"href":"https:\/\/www.conam.org.ar\/web\/wp-json\/wp\/v2\/posts\/14659\/revisions"}],"predecessor-version":[{"id":14670,"href":"https:\/\/www.conam.org.ar\/web\/wp-json\/wp\/v2\/posts\/14659\/revisions\/14670"}],"wp:featuredmedia":[{"embeddable":true,"href":"https:\/\/www.conam.org.ar\/web\/wp-json\/wp\/v2\/media\/14660"}],"wp:attachment":[{"href":"https:\/\/www.conam.org.ar\/web\/wp-json\/wp\/v2\/media?parent=14659"}],"wp:term":[{"taxonomy":"category","embeddable":true,"href":"https:\/\/www.conam.org.ar\/web\/wp-json\/wp\/v2\/categories?post=14659"},{"taxonomy":"post_tag","embeddable":true,"href":"https:\/\/www.conam.org.ar\/web\/wp-json\/wp\/v2\/tags?post=14659"}],"curies":[{"name":"wp","href":"https:\/\/api.w.org\/{rel}","templated":true}]}}