{"id":15550,"date":"2024-08-30T17:16:47","date_gmt":"2024-08-30T20:16:47","guid":{"rendered":"https:\/\/www.conam.org.ar\/web\/?p=15550"},"modified":"2024-08-30T17:23:08","modified_gmt":"2024-08-30T20:23:08","slug":"caritas-contentas-la-federacion-de-mutuales-regional-la-plata-participo-de-una-emotiva-celebracion-del-dia-de-las-infancias","status":"publish","type":"post","link":"https:\/\/www.conam.org.ar\/web\/2024\/08\/30\/caritas-contentas-la-federacion-de-mutuales-regional-la-plata-participo-de-una-emotiva-celebracion-del-dia-de-las-infancias\/","title":{"rendered":"CARITAS CONTENTAS: LA FEDERACI\u00d3N DE MUTUALES REGIONAL LA PLATA PARTICIP\u00d3 DE UNA EMOTIVA CELEBRACI\u00d3N DEL D\u00cdA DE LAS INFANCIAS"},"content":{"rendered":"\t\t<div data-elementor-type=\"wp-post\" data-elementor-id=\"15550\" class=\"elementor elementor-15550\" data-elementor-post-type=\"post\">\n\t\t\t\t\t\t<section class=\"elementor-section elementor-top-section elementor-element elementor-element-73778a42 elementor-section-full_width elementor-section-height-default elementor-section-height-default\" data-id=\"73778a42\" data-element_type=\"section\" data-e-type=\"section\">\n\t\t\t\t\t\t<div class=\"elementor-container elementor-column-gap-default\">\n\t\t\t\t\t<div class=\"elementor-column elementor-col-100 elementor-top-column elementor-element elementor-element-45daefac\" data-id=\"45daefac\" data-element_type=\"column\" data-e-type=\"column\">\n\t\t\t<div class=\"elementor-widget-wrap elementor-element-populated\">\n\t\t\t\t\t\t<div class=\"elementor-element elementor-element-4ffd36f elementor-widget elementor-widget-shortcode\" data-id=\"4ffd36f\" data-element_type=\"widget\" data-e-type=\"widget\" data-widget_type=\"shortcode.default\">\n\t\t\t\t<div class=\"elementor-widget-container\">\n\t\t\t\t\t\t\t<div class=\"elementor-shortcode\">\t\t<div data-elementor-type=\"header\" data-elementor-id=\"2792\" class=\"elementor elementor-2792\" data-elementor-post-type=\"elementor_library\">\n\t\t\t\t\t<section class=\"elementor-section elementor-top-section elementor-element elementor-element-e36ce06 elementor-section-boxed elementor-section-height-default elementor-section-height-default\" data-id=\"e36ce06\" data-element_type=\"section\" data-e-type=\"section\">\n\t\t\t\t\t\t<div class=\"elementor-container elementor-column-gap-no\">\n\t\t\t\t\t<div class=\"elementor-column elementor-col-50 elementor-top-column elementor-element elementor-element-196edba\" data-id=\"196edba\" data-element_type=\"column\" data-e-type=\"column\">\n\t\t\t<div class=\"elementor-widget-wrap elementor-element-populated\">\n\t\t\t\t\t\t<div class=\"elementor-element elementor-element-2c1d154 elementor-hidden-tablet elementor-hidden-phone elementor-widget elementor-widget-heading\" data-id=\"2c1d154\" data-element_type=\"widget\" data-e-type=\"widget\" data-widget_type=\"heading.default\">\n\t\t\t\t<div class=\"elementor-widget-container\">\n\t\t\t\t\t<h6 class=\"elementor-heading-title elementor-size-default\">&nbsp;011-4800-2268&nbsp; &nbsp; &nbsp; &nbsp; Humberto Primo 986 5to 32&nbsp;- CABA<\/h6>\t\t\t\t<\/div>\n\t\t\t\t<\/div>\n\t\t\t\t\t<\/div>\n\t\t<\/div>\n\t\t\t\t<div class=\"elementor-column elementor-col-50 elementor-top-column elementor-element elementor-element-3ed4958\" data-id=\"3ed4958\" data-element_type=\"column\" data-e-type=\"column\">\n\t\t\t<div class=\"elementor-widget-wrap elementor-element-populated\">\n\t\t\t\t\t\t<div class=\"elementor-element elementor-element-af8bf08 elementor-shape-circle e-grid-align-right elementor-hidden-tablet elementor-hidden-phone elementor-grid-0 elementor-widget elementor-widget-social-icons\" data-id=\"af8bf08\" data-element_type=\"widget\" data-e-type=\"widget\" data-widget_type=\"social-icons.default\">\n\t\t\t\t<div class=\"elementor-widget-container\">\n\t\t\t\t\t\t\t<div class=\"elementor-social-icons-wrapper elementor-grid\" role=\"list\">\n\t\t\t\t\t\t\t<span class=\"elementor-grid-item\" role=\"listitem\">\n\t\t\t\t\t<a class=\"elementor-icon elementor-social-icon elementor-social-icon-facebook-f elementor-repeater-item-7e76215\" href=\"https:\/\/www.facebook.com\/ConamMutualismo\" target=\"_blank\">\n\t\t\t\t\t\t<span class=\"elementor-screen-only\">Facebook-f<\/span>\n\t\t\t\t\t\t<i aria-hidden=\"true\" class=\"fab fa-facebook-f\"><\/i>\t\t\t\t\t<\/a>\n\t\t\t\t<\/span>\n\t\t\t\t\t\t\t<span class=\"elementor-grid-item\" role=\"listitem\">\n\t\t\t\t\t<a class=\"elementor-icon elementor-social-icon elementor-social-icon-x-twitter elementor-repeater-item-f4248f0\" href=\"https:\/\/x.com\/ConamMutual\" target=\"_blank\">\n\t\t\t\t\t\t<span class=\"elementor-screen-only\">X-twitter<\/span>\n\t\t\t\t\t\t<i aria-hidden=\"true\" class=\"fab fa-x-twitter\"><\/i>\t\t\t\t\t<\/a>\n\t\t\t\t<\/span>\n\t\t\t\t\t\t\t<span class=\"elementor-grid-item\" role=\"listitem\">\n\t\t\t\t\t<a class=\"elementor-icon elementor-social-icon elementor-social-icon-instagram elementor-repeater-item-8b02ba4\" href=\"https:\/\/www.instagram.com\/conammutualismo\/\" target=\"_blank\">\n\t\t\t\t\t\t<span class=\"elementor-screen-only\">Instagram<\/span>\n\t\t\t\t\t\t<i aria-hidden=\"true\" class=\"fab fa-instagram\"><\/i>\t\t\t\t\t<\/a>\n\t\t\t\t<\/span>\n\t\t\t\t\t\t\t<span class=\"elementor-grid-item\" role=\"listitem\">\n\t\t\t\t\t<a class=\"elementor-icon elementor-social-icon elementor-social-icon-envelope elementor-repeater-item-742fba0\" href=\"mailto:info@conam.org.ar%20\" target=\"_blank\">\n\t\t\t\t\t\t<span class=\"elementor-screen-only\">Envelope<\/span>\n\t\t\t\t\t\t<i aria-hidden=\"true\" class=\"far fa-envelope\"><\/i>\t\t\t\t\t<\/a>\n\t\t\t\t<\/span>\n\t\t\t\t\t\t\t<span class=\"elementor-grid-item\" role=\"listitem\">\n\t\t\t\t\t<a class=\"elementor-icon elementor-social-icon elementor-social-icon-youtube elementor-repeater-item-ace45c9\" href=\"https:\/\/www.youtube.com\/channel\/UC7KxMlgG6jBLkTb5_MT1Mag\" target=\"_blank\">\n\t\t\t\t\t\t<span class=\"elementor-screen-only\">Youtube<\/span>\n\t\t\t\t\t\t<i aria-hidden=\"true\" class=\"fab fa-youtube\"><\/i>\t\t\t\t\t<\/a>\n\t\t\t\t<\/span>\n\t\t\t\t\t\t\t<span class=\"elementor-grid-item\" role=\"listitem\">\n\t\t\t\t\t<a class=\"elementor-icon elementor-social-icon elementor-social-icon-whatsapp elementor-repeater-item-21cc4b7\" href=\"https:\/\/www.whatsapp.com\/channel\/0029VbAb94eGOj9wgl4q133o\" target=\"_blank\">\n\t\t\t\t\t\t<span class=\"elementor-screen-only\">Whatsapp<\/span>\n\t\t\t\t\t\t<i aria-hidden=\"true\" class=\"fab fa-whatsapp\"><\/i>\t\t\t\t\t<\/a>\n\t\t\t\t<\/span>\n\t\t\t\t\t<\/div>\n\t\t\t\t\t\t<\/div>\n\t\t\t\t<\/div>\n\t\t\t\t\t<\/div>\n\t\t<\/div>\n\t\t\t\t\t<\/div>\n\t\t<\/section>\n\t\t\t\t<section class=\"elementor-section elementor-top-section elementor-element elementor-element-629d88b elementor-section-full_width elementor-section-height-default elementor-section-height-default\" data-id=\"629d88b\" data-element_type=\"section\" data-e-type=\"section\">\n\t\t\t\t\t\t<div class=\"elementor-container elementor-column-gap-no\">\n\t\t\t\t\t<div class=\"elementor-column elementor-col-100 elementor-top-column elementor-element elementor-element-3a1d78f\" data-id=\"3a1d78f\" data-element_type=\"column\" data-e-type=\"column\">\n\t\t\t<div class=\"elementor-widget-wrap elementor-element-populated\">\n\t\t\t\t\t\t<div class=\"elementor-element elementor-element-89c407a elementor-hidden-tablet elementor-hidden-phone elementor-widget-divider--view-line elementor-widget elementor-widget-divider\" data-id=\"89c407a\" data-element_type=\"widget\" data-e-type=\"widget\" data-widget_type=\"divider.default\">\n\t\t\t\t<div class=\"elementor-widget-container\">\n\t\t\t\t\t\t\t<div class=\"elementor-divider\">\n\t\t\t<span class=\"elementor-divider-separator\">\n\t\t\t\t\t\t<\/span>\n\t\t<\/div>\n\t\t\t\t\t\t<\/div>\n\t\t\t\t<\/div>\n\t\t\t\t\t<\/div>\n\t\t<\/div>\n\t\t\t\t\t<\/div>\n\t\t<\/section>\n\t\t\t\t<section class=\"elementor-section elementor-top-section elementor-element elementor-element-8df3edb elementor-section-full_width elementor-section-content-middle elementor-section-height-default elementor-section-height-default\" data-id=\"8df3edb\" data-element_type=\"section\" data-e-type=\"section\">\n\t\t\t\t\t\t<div class=\"elementor-container elementor-column-gap-default\">\n\t\t\t\t\t<div class=\"elementor-column elementor-col-33 elementor-top-column elementor-element elementor-element-4634086\" data-id=\"4634086\" data-element_type=\"column\" data-e-type=\"column\">\n\t\t\t<div class=\"elementor-widget-wrap elementor-element-populated\">\n\t\t\t\t\t\t<div class=\"elementor-element elementor-element-643d4bd elementor-widget elementor-widget-theme-site-logo elementor-widget-image\" data-id=\"643d4bd\" data-element_type=\"widget\" data-e-type=\"widget\" data-widget_type=\"theme-site-logo.default\">\n\t\t\t\t<div class=\"elementor-widget-container\">\n\t\t\t\t\t\t\t\t\t\t\t<a href=\"https:\/\/www.conam.org.ar\/web\">\n\t\t\t<img decoding=\"async\" width=\"357\" height=\"109\" src=\"https:\/\/www.conam.org.ar\/web\/wp-content\/uploads\/2021\/03\/thumbnail_logo-sin-color-de-fondo.png\" class=\"attachment-full size-full wp-image-2800\" alt=\"\" srcset=\"https:\/\/www.conam.org.ar\/web\/wp-content\/uploads\/2021\/03\/thumbnail_logo-sin-color-de-fondo.png 357w, https:\/\/www.conam.org.ar\/web\/wp-content\/uploads\/2021\/03\/thumbnail_logo-sin-color-de-fondo-300x92.png 300w\" sizes=\"(max-width: 357px) 100vw, 357px\" \/>\t\t\t\t<\/a>\n\t\t\t\t\t\t\t\t\t\t\t<\/div>\n\t\t\t\t<\/div>\n\t\t\t\t\t<\/div>\n\t\t<\/div>\n\t\t\t\t<div class=\"elementor-column elementor-col-33 elementor-top-column elementor-element elementor-element-7ad5816\" data-id=\"7ad5816\" data-element_type=\"column\" data-e-type=\"column\">\n\t\t\t<div class=\"elementor-widget-wrap elementor-element-populated\">\n\t\t\t\t\t\t<div class=\"elementor-element elementor-element-1630c3a elementor-widget-tablet__width-initial elementor-hidden-desktop elementor-hidden-phone elementor-search-form--skin-classic elementor-search-form--button-type-icon elementor-search-form--icon-search elementor-widget elementor-widget-search-form\" data-id=\"1630c3a\" data-element_type=\"widget\" data-e-type=\"widget\" data-settings=\"{&quot;skin&quot;:&quot;classic&quot;}\" data-widget_type=\"search-form.default\">\n\t\t\t\t<div class=\"elementor-widget-container\">\n\t\t\t\t\t\t\t<search role=\"search\">\n\t\t\t<form class=\"elementor-search-form\" action=\"https:\/\/www.conam.org.ar\/web\" method=\"get\">\n\t\t\t\t\t\t\t\t\t\t\t\t<div class=\"elementor-search-form__container\">\n\t\t\t\t\t<label class=\"elementor-screen-only\" for=\"elementor-search-form-1630c3a\">Search<\/label>\n\n\t\t\t\t\t\n\t\t\t\t\t<input id=\"elementor-search-form-1630c3a\" placeholder=\"Buscar\" class=\"elementor-search-form__input\" type=\"search\" name=\"s\" value=\"\">\n\t\t\t\t\t\n\t\t\t\t\t\t\t\t\t\t\t<button class=\"elementor-search-form__submit\" type=\"submit\" aria-label=\"Search\">\n\t\t\t\t\t\t\t\t\t\t\t\t\t\t\t<i aria-hidden=\"true\" class=\"fas fa-search\"><\/i>\t\t\t\t\t\t\t\t\t\t\t\t\t<\/button>\n\t\t\t\t\t\n\t\t\t\t\t\t\t\t\t<\/div>\n\t\t\t<\/form>\n\t\t<\/search>\n\t\t\t\t\t\t<\/div>\n\t\t\t\t<\/div>\n\t\t\t\t<div class=\"elementor-element elementor-element-352c26d elementor-hidden-tablet elementor-widget elementor-widget-wp-widget-wpmegamenu_widget\" data-id=\"352c26d\" data-element_type=\"widget\" data-e-type=\"widget\" data-widget_type=\"wp-widget-wpmegamenu_widget.default\">\n\t\t\t\t<div class=\"elementor-widget-container\">\n\t\t\t\t\t<div id=\"wpmm-wrap-header_menu\" class=\"wp-megamenu-main-wrapper wpmm-ctheme-wrapper wpmm-hide-toggle wpmega-default-theme wpmega-enabled-mobile-menu wpmm-hideallicons-mobile  wpmm-toggle-accordion wpmm-onhover wpmm-orientation-horizontal  wpmm-flip-effect \"><div class=\"wpmegamenu-toggle wpmega-enabled-menutoggle\" data-responsive-breakpoint=\"910px\"><div class='wp-mega-toggle-block'><div class='wpmega-closeblock'><i class='dashicons dashicons-editor-justify'><\/i><\/div><div class='wpmega-openblock'><i class='dashicons dashicons-no'><\/i><\/div><div class='menutoggle'>Menu<\/div><\/div><\/div><ul id=\"wpmega-menu-header_menu\" class=\"wpmm-mega-wrapper wpmemgamenu-pro\" data-advanced-click=\"wpmm-click-submenu\" data-trigger-effect=\"wpmm-onhover\"><li class='menu-item menu-item-type-custom menu-item-object-custom menu-item-home menu-item-has-children wpmega-menu-flyout wpmega-show-arrow wpmm-menu-align-left wpmega-hide-menu-icon wpmega-flyout-horizontal-right menu-item-4097 menu-item-depth-0 wpmm-submenu-align-left no-dropdown' id='wp_nav_menu-item-4097'><a class=\"wp-mega-menu-link\" href=\"https:\/\/www.conam.org.ar\/web\/\"><span class=\"wpmm-mega-menu-href-title\">Institucional<\/span><\/a>\n<div class='wpmm-sub-menu-wrapper wpmm-menu0'><ul class=\"wp-mega-sub-menu\">\n\t<li class='menu-item menu-item-type-post_type menu-item-object-page wp-mega-menu-header wpmega-show-arrow wpmm-menu-align-left wpmega-hide-menu-icon menu-item-767 menu-item-depth-1 wpmm-submenu-align-left no-dropdown' id='wp_nav_menu-item-767'><a class=\"wp-mega-menu-link\" href=\"https:\/\/www.conam.org.ar\/web\/mision\/\"><span class=\"wpmm-mega-menu-href-title\">Misi\u00f3n y objetivos<\/span><\/a><\/li>\t<li class='menu-item menu-item-type-post_type menu-item-object-page wp-mega-menu-header wpmega-show-arrow wpmm-menu-align-left wpmega-hide-menu-icon menu-item-766 menu-item-depth-1 wpmm-submenu-align-left no-dropdown' id='wp_nav_menu-item-766'><a class=\"wp-mega-menu-link\" href=\"https:\/\/www.conam.org.ar\/web\/vision\/\"><span class=\"wpmm-mega-menu-href-title\">Visi\u00f3n<\/span><\/a><\/li>\t<li class='menu-item menu-item-type-post_type menu-item-object-page wp-mega-menu-header wpmega-show-arrow wpmm-menu-align-left wpmega-hide-menu-icon menu-item-765 menu-item-depth-1 wpmm-submenu-align-left no-dropdown' id='wp_nav_menu-item-765'><a class=\"wp-mega-menu-link\" href=\"https:\/\/www.conam.org.ar\/web\/sobre-conam\/\"><span class=\"wpmm-mega-menu-href-title\">Sobre CONAM<\/span><\/a><\/li>\t<li class='menu-item menu-item-type-post_type menu-item-object-page wp-mega-menu-header wpmega-show-arrow wpmm-menu-align-left wpmega-hide-menu-icon menu-item-3920 menu-item-depth-1 wpmm-submenu-align-left no-dropdown' id='wp_nav_menu-item-3920'><a class=\"wp-mega-menu-link\" href=\"https:\/\/www.conam.org.ar\/web\/estatutos\/\"><span class=\"wpmm-mega-menu-href-title\">Estatuto<\/span><\/a><\/li>\t<li class='menu-item menu-item-type-post_type menu-item-object-page wp-mega-menu-header wpmega-show-arrow wpmm-menu-align-left wpmega-hide-menu-icon menu-item-768 menu-item-depth-1 wpmm-submenu-align-left no-dropdown' id='wp_nav_menu-item-768'><a class=\"wp-mega-menu-link\" href=\"https:\/\/www.conam.org.ar\/web\/autoridades\/\"><span class=\"wpmm-mega-menu-href-title\">Autoridades<\/span><\/a><\/li><\/ul><\/div>\n<\/li><li class='menu-item menu-item-type-post_type menu-item-object-page wpmega-menu-flyout wpmega-show-arrow wpmm-menu-align-left wpmega-hide-menu-icon wpmega-flyout-horizontal-right menu-item-4052 menu-item-depth-0 wpmm-submenu-align-left no-dropdown' id='wp_nav_menu-item-4052'><a class=\"wp-mega-menu-link\" href=\"https:\/\/www.conam.org.ar\/web\/federaciones\/\"><span class=\"wpmm-mega-menu-href-title\">Federaciones<\/span><\/a><\/li><li class='menu-item menu-item-type-post_type menu-item-object-page menu-item-has-children wpmega-menu-flyout wpmega-show-arrow wpmm-menu-align-left wpmega-hide-menu-icon wpmega-flyout-horizontal-right menu-item-770 menu-item-depth-0 wpmm-submenu-align-left no-dropdown' id='wp_nav_menu-item-770'><a class=\"wp-mega-menu-link\" href=\"https:\/\/www.conam.org.ar\/web\/economia-solidaria\/\"><span class=\"wpmm-mega-menu-href-title\">Econom\u00eda Solidaria<\/span><\/a>\n<div class='wpmm-sub-menu-wrapper wpmm-menu0'><ul class=\"wp-mega-sub-menu\">\n\t<li class='menu-item menu-item-type-post_type menu-item-object-page wp-mega-menu-header wpmega-show-arrow wpmm-menu-align-left wpmega-hide-menu-icon menu-item-771 menu-item-depth-1 wpmm-submenu-align-left no-dropdown' id='wp_nav_menu-item-771'><a class=\"wp-mega-menu-link\" href=\"https:\/\/www.conam.org.ar\/web\/mutual-y-sus-principios\/\"><span class=\"wpmm-mega-menu-href-title\">Mutual y sus principios<\/span><\/a><\/li>\t<li class='menu-item menu-item-type-post_type menu-item-object-page wp-mega-menu-header wpmega-show-arrow wpmm-menu-align-left wpmega-hide-menu-icon menu-item-772 menu-item-depth-1 wpmm-submenu-align-left no-dropdown' id='wp_nav_menu-item-772'><a class=\"wp-mega-menu-link\" href=\"https:\/\/www.conam.org.ar\/web\/actividad-de-las-mutuales\/\"><span class=\"wpmm-mega-menu-href-title\">Actividad de las mutuales<\/span><\/a><\/li>\t<li class='menu-item menu-item-type-post_type menu-item-object-page wp-mega-menu-header wpmega-show-arrow wpmm-menu-align-left wpmega-hide-menu-icon menu-item-773 menu-item-depth-1 wpmm-submenu-align-left no-dropdown' id='wp_nav_menu-item-773'><a class=\"wp-mega-menu-link\" href=\"https:\/\/www.conam.org.ar\/web\/normativa\/\"><span class=\"wpmm-mega-menu-href-title\">Normativa<\/span><\/a><\/li><\/ul><\/div>\n<\/li><li class='menu-item menu-item-type-post_type menu-item-object-page wpmega-menu-flyout wpmega-show-arrow wpmm-menu-align-left wpmega-hide-menu-icon wpmega-flyout-horizontal-right menu-item-775 menu-item-depth-0 wpmm-submenu-align-left no-dropdown' id='wp_nav_menu-item-775'><a class=\"wp-mega-menu-link\" href=\"https:\/\/www.conam.org.ar\/web\/mutuales-en-red\/\"><span class=\"wpmm-mega-menu-href-title\">Servicios en red<\/span><\/a><\/li><li class='menu-item menu-item-type-post_type menu-item-object-page wpmega-menu-flyout wpmega-show-arrow wpmm-menu-align-left wpmega-hide-menu-icon wpmega-flyout-horizontal-right menu-item-1610 menu-item-depth-0 wpmm-submenu-align-left no-dropdown' id='wp_nav_menu-item-1610'><a class=\"wp-mega-menu-link\" href=\"https:\/\/www.conam.org.ar\/web\/novedades\/\"><span class=\"wpmm-mega-menu-href-title\">Novedades<\/span><\/a><\/li><\/ul><\/div>\t\t\t\t<\/div>\n\t\t\t\t<\/div>\n\t\t\t\t\t<\/div>\n\t\t<\/div>\n\t\t\t\t<div class=\"elementor-column elementor-col-33 elementor-top-column elementor-element elementor-element-f467f19\" data-id=\"f467f19\" data-element_type=\"column\" data-e-type=\"column\">\n\t\t\t<div class=\"elementor-widget-wrap elementor-element-populated\">\n\t\t\t\t\t\t<div class=\"elementor-element elementor-element-f6a9a59 elementor-widget-tablet__width-initial elementor-hidden-tablet elementor-hidden-mobile elementor-search-form--skin-classic elementor-search-form--button-type-icon elementor-search-form--icon-search elementor-widget elementor-widget-search-form\" data-id=\"f6a9a59\" data-element_type=\"widget\" data-e-type=\"widget\" data-settings=\"{&quot;skin&quot;:&quot;classic&quot;}\" data-widget_type=\"search-form.default\">\n\t\t\t\t<div class=\"elementor-widget-container\">\n\t\t\t\t\t\t\t<search role=\"search\">\n\t\t\t<form class=\"elementor-search-form\" action=\"https:\/\/www.conam.org.ar\/web\" method=\"get\">\n\t\t\t\t\t\t\t\t\t\t\t\t<div class=\"elementor-search-form__container\">\n\t\t\t\t\t<label class=\"elementor-screen-only\" for=\"elementor-search-form-f6a9a59\">Search<\/label>\n\n\t\t\t\t\t\n\t\t\t\t\t<input id=\"elementor-search-form-f6a9a59\" placeholder=\"Buscar\" class=\"elementor-search-form__input\" type=\"search\" name=\"s\" value=\"\">\n\t\t\t\t\t\n\t\t\t\t\t\t\t\t\t\t\t<button class=\"elementor-search-form__submit\" type=\"submit\" aria-label=\"Search\">\n\t\t\t\t\t\t\t\t\t\t\t\t\t\t\t<i aria-hidden=\"true\" class=\"fas fa-search\"><\/i>\t\t\t\t\t\t\t\t\t\t\t\t\t<\/button>\n\t\t\t\t\t\n\t\t\t\t\t\t\t\t\t<\/div>\n\t\t\t<\/form>\n\t\t<\/search>\n\t\t\t\t\t\t<\/div>\n\t\t\t\t<\/div>\n\t\t\t\t<div class=\"elementor-element elementor-element-3197658 elementor-hidden-desktop elementor-nav-menu--stretch elementor-nav-menu__align-center elementor-hidden-mobile elementor-nav-menu--dropdown-tablet elementor-nav-menu__text-align-aside elementor-nav-menu--toggle elementor-nav-menu--burger elementor-widget elementor-widget-nav-menu\" data-id=\"3197658\" data-element_type=\"widget\" data-e-type=\"widget\" data-settings=\"{&quot;full_width&quot;:&quot;stretch&quot;,&quot;layout&quot;:&quot;horizontal&quot;,&quot;submenu_icon&quot;:{&quot;value&quot;:&quot;&lt;i class=\\&quot;fas fa-caret-down\\&quot;&gt;&lt;\\\/i&gt;&quot;,&quot;library&quot;:&quot;fa-solid&quot;},&quot;toggle&quot;:&quot;burger&quot;}\" data-widget_type=\"nav-menu.default\">\n\t\t\t\t<div class=\"elementor-widget-container\">\n\t\t\t\t\t\t\t\t<nav aria-label=\"Menu\" class=\"elementor-nav-menu--main elementor-nav-menu__container elementor-nav-menu--layout-horizontal e--pointer-underline e--animation-fade\">\n\t\t\t\t<ul id=\"menu-1-3197658\" class=\"elementor-nav-menu\"><li class=\"menu-item menu-item-type-custom menu-item-object-custom menu-item-home menu-item-has-children menu-item-4097\"><a href=\"https:\/\/www.conam.org.ar\/web\/\" class=\"elementor-item\">Institucional<\/a>\n<ul class=\"sub-menu elementor-nav-menu--dropdown\">\n\t<li class=\"menu-item menu-item-type-post_type menu-item-object-page menu-item-767\"><a href=\"https:\/\/www.conam.org.ar\/web\/mision\/\" class=\"elementor-sub-item\">Misi\u00f3n y objetivos<\/a><\/li>\n\t<li class=\"menu-item menu-item-type-post_type menu-item-object-page menu-item-766\"><a href=\"https:\/\/www.conam.org.ar\/web\/vision\/\" class=\"elementor-sub-item\">Visi\u00f3n<\/a><\/li>\n\t<li class=\"menu-item menu-item-type-post_type menu-item-object-page menu-item-765\"><a href=\"https:\/\/www.conam.org.ar\/web\/sobre-conam\/\" class=\"elementor-sub-item\">Sobre CONAM<\/a><\/li>\n\t<li class=\"menu-item menu-item-type-post_type menu-item-object-page menu-item-3920\"><a href=\"https:\/\/www.conam.org.ar\/web\/estatutos\/\" class=\"elementor-sub-item\">Estatuto<\/a><\/li>\n\t<li class=\"menu-item menu-item-type-post_type menu-item-object-page menu-item-768\"><a href=\"https:\/\/www.conam.org.ar\/web\/autoridades\/\" class=\"elementor-sub-item\">Autoridades<\/a><\/li>\n<\/ul>\n<\/li>\n<li class=\"menu-item menu-item-type-post_type menu-item-object-page menu-item-4052\"><a href=\"https:\/\/www.conam.org.ar\/web\/federaciones\/\" class=\"elementor-item\">Federaciones<\/a><\/li>\n<li class=\"menu-item menu-item-type-post_type menu-item-object-page menu-item-has-children menu-item-770\"><a href=\"https:\/\/www.conam.org.ar\/web\/economia-solidaria\/\" class=\"elementor-item\">Econom\u00eda Solidaria<\/a>\n<ul class=\"sub-menu elementor-nav-menu--dropdown\">\n\t<li class=\"menu-item menu-item-type-post_type menu-item-object-page menu-item-771\"><a href=\"https:\/\/www.conam.org.ar\/web\/mutual-y-sus-principios\/\" class=\"elementor-sub-item\">Mutual y sus principios<\/a><\/li>\n\t<li class=\"menu-item menu-item-type-post_type menu-item-object-page menu-item-772\"><a href=\"https:\/\/www.conam.org.ar\/web\/actividad-de-las-mutuales\/\" class=\"elementor-sub-item\">Actividad de las mutuales<\/a><\/li>\n\t<li class=\"menu-item menu-item-type-post_type menu-item-object-page menu-item-773\"><a href=\"https:\/\/www.conam.org.ar\/web\/normativa\/\" class=\"elementor-sub-item\">Normativa<\/a><\/li>\n<\/ul>\n<\/li>\n<li class=\"menu-item menu-item-type-post_type menu-item-object-page menu-item-775\"><a href=\"https:\/\/www.conam.org.ar\/web\/mutuales-en-red\/\" class=\"elementor-item\">Servicios en red<\/a><\/li>\n<li class=\"menu-item menu-item-type-post_type menu-item-object-page menu-item-1610\"><a href=\"https:\/\/www.conam.org.ar\/web\/novedades\/\" class=\"elementor-item\">Novedades<\/a><\/li>\n<\/ul>\t\t\t<\/nav>\n\t\t\t\t\t<div class=\"elementor-menu-toggle\" role=\"button\" tabindex=\"0\" aria-label=\"Menu Toggle\" aria-expanded=\"false\">\n\t\t\t<i aria-hidden=\"true\" role=\"presentation\" class=\"elementor-menu-toggle__icon--open eicon-menu-bar\"><\/i><i aria-hidden=\"true\" role=\"presentation\" class=\"elementor-menu-toggle__icon--close eicon-close\"><\/i>\t\t<\/div>\n\t\t\t\t\t<nav class=\"elementor-nav-menu--dropdown elementor-nav-menu__container\" aria-hidden=\"true\">\n\t\t\t\t<ul id=\"menu-2-3197658\" class=\"elementor-nav-menu\"><li class=\"menu-item menu-item-type-custom menu-item-object-custom menu-item-home menu-item-has-children menu-item-4097\"><a href=\"https:\/\/www.conam.org.ar\/web\/\" class=\"elementor-item\" tabindex=\"-1\">Institucional<\/a>\n<ul class=\"sub-menu elementor-nav-menu--dropdown\">\n\t<li class=\"menu-item menu-item-type-post_type menu-item-object-page menu-item-767\"><a href=\"https:\/\/www.conam.org.ar\/web\/mision\/\" class=\"elementor-sub-item\" tabindex=\"-1\">Misi\u00f3n y objetivos<\/a><\/li>\n\t<li class=\"menu-item menu-item-type-post_type menu-item-object-page menu-item-766\"><a href=\"https:\/\/www.conam.org.ar\/web\/vision\/\" class=\"elementor-sub-item\" tabindex=\"-1\">Visi\u00f3n<\/a><\/li>\n\t<li class=\"menu-item menu-item-type-post_type menu-item-object-page menu-item-765\"><a href=\"https:\/\/www.conam.org.ar\/web\/sobre-conam\/\" class=\"elementor-sub-item\" tabindex=\"-1\">Sobre CONAM<\/a><\/li>\n\t<li class=\"menu-item menu-item-type-post_type menu-item-object-page menu-item-3920\"><a href=\"https:\/\/www.conam.org.ar\/web\/estatutos\/\" class=\"elementor-sub-item\" tabindex=\"-1\">Estatuto<\/a><\/li>\n\t<li class=\"menu-item menu-item-type-post_type menu-item-object-page menu-item-768\"><a href=\"https:\/\/www.conam.org.ar\/web\/autoridades\/\" class=\"elementor-sub-item\" tabindex=\"-1\">Autoridades<\/a><\/li>\n<\/ul>\n<\/li>\n<li class=\"menu-item menu-item-type-post_type menu-item-object-page menu-item-4052\"><a href=\"https:\/\/www.conam.org.ar\/web\/federaciones\/\" class=\"elementor-item\" tabindex=\"-1\">Federaciones<\/a><\/li>\n<li class=\"menu-item menu-item-type-post_type menu-item-object-page menu-item-has-children menu-item-770\"><a href=\"https:\/\/www.conam.org.ar\/web\/economia-solidaria\/\" class=\"elementor-item\" tabindex=\"-1\">Econom\u00eda Solidaria<\/a>\n<ul class=\"sub-menu elementor-nav-menu--dropdown\">\n\t<li class=\"menu-item menu-item-type-post_type menu-item-object-page menu-item-771\"><a href=\"https:\/\/www.conam.org.ar\/web\/mutual-y-sus-principios\/\" class=\"elementor-sub-item\" tabindex=\"-1\">Mutual y sus principios<\/a><\/li>\n\t<li class=\"menu-item menu-item-type-post_type menu-item-object-page menu-item-772\"><a href=\"https:\/\/www.conam.org.ar\/web\/actividad-de-las-mutuales\/\" class=\"elementor-sub-item\" tabindex=\"-1\">Actividad de las mutuales<\/a><\/li>\n\t<li class=\"menu-item menu-item-type-post_type menu-item-object-page menu-item-773\"><a href=\"https:\/\/www.conam.org.ar\/web\/normativa\/\" class=\"elementor-sub-item\" tabindex=\"-1\">Normativa<\/a><\/li>\n<\/ul>\n<\/li>\n<li class=\"menu-item menu-item-type-post_type menu-item-object-page menu-item-775\"><a href=\"https:\/\/www.conam.org.ar\/web\/mutuales-en-red\/\" class=\"elementor-item\" tabindex=\"-1\">Servicios en red<\/a><\/li>\n<li class=\"menu-item menu-item-type-post_type menu-item-object-page menu-item-1610\"><a href=\"https:\/\/www.conam.org.ar\/web\/novedades\/\" class=\"elementor-item\" tabindex=\"-1\">Novedades<\/a><\/li>\n<\/ul>\t\t\t<\/nav>\n\t\t\t\t\t\t<\/div>\n\t\t\t\t<\/div>\n\t\t\t\t\t<\/div>\n\t\t<\/div>\n\t\t\t\t\t<\/div>\n\t\t<\/section>\n\t\t\t\t<section class=\"elementor-section elementor-top-section elementor-element elementor-element-a540f51 elementor-section-full_width elementor-hidden-tablet elementor-hidden-phone elementor-section-height-default elementor-section-height-default\" data-id=\"a540f51\" data-element_type=\"section\" data-e-type=\"section\">\n\t\t\t\t\t\t<div class=\"elementor-container elementor-column-gap-default\">\n\t\t\t\t\t<div class=\"elementor-column elementor-col-100 elementor-top-column elementor-element elementor-element-e87a7ee\" data-id=\"e87a7ee\" data-element_type=\"column\" data-e-type=\"column\">\n\t\t\t<div class=\"elementor-widget-wrap elementor-element-populated\">\n\t\t\t\t\t\t<div class=\"elementor-element elementor-element-f563717 elementor-widget elementor-widget-spacer\" data-id=\"f563717\" data-element_type=\"widget\" data-e-type=\"widget\" data-widget_type=\"spacer.default\">\n\t\t\t\t<div class=\"elementor-widget-container\">\n\t\t\t\t\t\t\t<div class=\"elementor-spacer\">\n\t\t\t<div class=\"elementor-spacer-inner\"><\/div>\n\t\t<\/div>\n\t\t\t\t\t\t<\/div>\n\t\t\t\t<\/div>\n\t\t\t\t\t<\/div>\n\t\t<\/div>\n\t\t\t\t\t<\/div>\n\t\t<\/section>\n\t\t\t\t<\/div>\n\t\t<\/div>\n\t\t\t\t\t\t<\/div>\n\t\t\t\t<\/div>\n\t\t\t\t\t<\/div>\n\t\t<\/div>\n\t\t\t\t\t<\/div>\n\t\t<\/section>\n\t\t\t\t<section class=\"elementor-section elementor-top-section elementor-element elementor-element-2764e0e elementor-section-boxed elementor-section-height-default elementor-section-height-default\" data-id=\"2764e0e\" data-element_type=\"section\" data-e-type=\"section\">\n\t\t\t\t\t\t<div class=\"elementor-container elementor-column-gap-default\">\n\t\t\t\t\t<div class=\"elementor-column elementor-col-100 elementor-top-column elementor-element elementor-element-62604aa4\" data-id=\"62604aa4\" data-element_type=\"column\" data-e-type=\"column\">\n\t\t\t<div class=\"elementor-widget-wrap elementor-element-populated\">\n\t\t\t\t\t\t<div class=\"elementor-element elementor-element-21e96036 elementor-widget elementor-widget-heading\" data-id=\"21e96036\" data-element_type=\"widget\" data-e-type=\"widget\" data-widget_type=\"heading.default\">\n\t\t\t\t<div class=\"elementor-widget-container\">\n\t\t\t\t\t<h1 class=\"elementor-heading-title elementor-size-default\">CARITAS CONTENTAS: LA FEDERACI\u00d3N DE MUTUALES REGIONAL LA PLATA PARTICIP\u00d3 DE UNA EMOTIVA CELEBRACI\u00d3N DEL D\u00cdA DE LAS INFANCIAS<\/h1>\t\t\t\t<\/div>\n\t\t\t\t<\/div>\n\t\t\t\t\t<\/div>\n\t\t<\/div>\n\t\t\t\t\t<\/div>\n\t\t<\/section>\n\t\t\t\t<section class=\"elementor-section elementor-top-section elementor-element elementor-element-5f50473f elementor-section-boxed elementor-section-height-default elementor-section-height-default\" data-id=\"5f50473f\" data-element_type=\"section\" data-e-type=\"section\">\n\t\t\t\t\t\t<div class=\"elementor-container elementor-column-gap-default\">\n\t\t\t\t\t<div class=\"elementor-column elementor-col-100 elementor-top-column elementor-element elementor-element-2dabbc9\" data-id=\"2dabbc9\" data-element_type=\"column\" data-e-type=\"column\">\n\t\t\t<div class=\"elementor-widget-wrap elementor-element-populated\">\n\t\t\t\t\t\t<div class=\"elementor-element elementor-element-e2a9597 elementor-widget elementor-widget-image\" data-id=\"e2a9597\" data-element_type=\"widget\" data-e-type=\"widget\" data-widget_type=\"image.default\">\n\t\t\t\t<div class=\"elementor-widget-container\">\n\t\t\t\t\t\t\t\t\t\t\t\t\t\t\t<img fetchpriority=\"high\" decoding=\"async\" width=\"1536\" height=\"1152\" src=\"https:\/\/www.conam.org.ar\/web\/wp-content\/uploads\/2024\/08\/CARITAS-CONTENTAS-LA-FEDERACION-DE-MUTUALES-REGIONAL-LA-PLATA-PARTICIPO-DE-UNA-EMOTIVA-CELEBRACION-1536x1152.jpeg\" class=\"attachment-1536x1536 size-1536x1536 wp-image-15551\" alt=\"\" srcset=\"https:\/\/www.conam.org.ar\/web\/wp-content\/uploads\/2024\/08\/CARITAS-CONTENTAS-LA-FEDERACION-DE-MUTUALES-REGIONAL-LA-PLATA-PARTICIPO-DE-UNA-EMOTIVA-CELEBRACION-1536x1152.jpeg 1536w, https:\/\/www.conam.org.ar\/web\/wp-content\/uploads\/2024\/08\/CARITAS-CONTENTAS-LA-FEDERACION-DE-MUTUALES-REGIONAL-LA-PLATA-PARTICIPO-DE-UNA-EMOTIVA-CELEBRACION-300x225.jpeg 300w, https:\/\/www.conam.org.ar\/web\/wp-content\/uploads\/2024\/08\/CARITAS-CONTENTAS-LA-FEDERACION-DE-MUTUALES-REGIONAL-LA-PLATA-PARTICIPO-DE-UNA-EMOTIVA-CELEBRACION-1024x768.jpeg 1024w, https:\/\/www.conam.org.ar\/web\/wp-content\/uploads\/2024\/08\/CARITAS-CONTENTAS-LA-FEDERACION-DE-MUTUALES-REGIONAL-LA-PLATA-PARTICIPO-DE-UNA-EMOTIVA-CELEBRACION-768x576.jpeg 768w, https:\/\/www.conam.org.ar\/web\/wp-content\/uploads\/2024\/08\/CARITAS-CONTENTAS-LA-FEDERACION-DE-MUTUALES-REGIONAL-LA-PLATA-PARTICIPO-DE-UNA-EMOTIVA-CELEBRACION-380x285.jpeg 380w, https:\/\/www.conam.org.ar\/web\/wp-content\/uploads\/2024\/08\/CARITAS-CONTENTAS-LA-FEDERACION-DE-MUTUALES-REGIONAL-LA-PLATA-PARTICIPO-DE-UNA-EMOTIVA-CELEBRACION-285x214.jpeg 285w, https:\/\/www.conam.org.ar\/web\/wp-content\/uploads\/2024\/08\/CARITAS-CONTENTAS-LA-FEDERACION-DE-MUTUALES-REGIONAL-LA-PLATA-PARTICIPO-DE-UNA-EMOTIVA-CELEBRACION.jpeg 1600w\" sizes=\"(max-width: 1536px) 100vw, 1536px\" \/>\t\t\t\t\t\t\t\t\t\t\t\t\t\t\t<\/div>\n\t\t\t\t<\/div>\n\t\t\t\t\t<\/div>\n\t\t<\/div>\n\t\t\t\t\t<\/div>\n\t\t<\/section>\n\t\t\t\t<section class=\"elementor-section elementor-top-section elementor-element elementor-element-5cf841c6 elementor-section-boxed elementor-section-height-default elementor-section-height-default\" data-id=\"5cf841c6\" data-element_type=\"section\" data-e-type=\"section\">\n\t\t\t\t\t\t<div class=\"elementor-container elementor-column-gap-default\">\n\t\t\t\t\t<div class=\"elementor-column elementor-col-50 elementor-top-column elementor-element elementor-element-5e7acf9\" data-id=\"5e7acf9\" data-element_type=\"column\" data-e-type=\"column\">\n\t\t\t<div class=\"elementor-widget-wrap elementor-element-populated\">\n\t\t\t\t\t\t<div class=\"elementor-element elementor-element-6b53f99f elementor-widget-divider--view-line elementor-widget elementor-widget-divider\" data-id=\"6b53f99f\" data-element_type=\"widget\" data-e-type=\"widget\" data-widget_type=\"divider.default\">\n\t\t\t\t<div class=\"elementor-widget-container\">\n\t\t\t\t\t\t\t<div class=\"elementor-divider\">\n\t\t\t<span class=\"elementor-divider-separator\">\n\t\t\t\t\t\t<\/span>\n\t\t<\/div>\n\t\t\t\t\t\t<\/div>\n\t\t\t\t<\/div>\n\t\t\t\t<div class=\"elementor-element elementor-element-3923b692 elementor-shape-circle elementor-grid-mobile-0 elementor-grid-0 e-grid-align-center elementor-widget elementor-widget-social-icons\" data-id=\"3923b692\" data-element_type=\"widget\" data-e-type=\"widget\" data-widget_type=\"social-icons.default\">\n\t\t\t\t<div class=\"elementor-widget-container\">\n\t\t\t\t\t\t\t<div class=\"elementor-social-icons-wrapper elementor-grid\" role=\"list\">\n\t\t\t\t\t\t\t<span class=\"elementor-grid-item\" role=\"listitem\">\n\t\t\t\t\t<a class=\"elementor-icon elementor-social-icon elementor-social-icon-facebook-f elementor-repeater-item-7e76215\" href=\"https:\/\/www.facebook.com\/ConamMutualismo\" target=\"_blank\">\n\t\t\t\t\t\t<span class=\"elementor-screen-only\">Facebook-f<\/span>\n\t\t\t\t\t\t<i aria-hidden=\"true\" class=\"fab fa-facebook-f\"><\/i>\t\t\t\t\t<\/a>\n\t\t\t\t<\/span>\n\t\t\t\t\t\t\t<span class=\"elementor-grid-item\" role=\"listitem\">\n\t\t\t\t\t<a class=\"elementor-icon elementor-social-icon elementor-social-icon-twitter elementor-repeater-item-f4248f0\" href=\"https:\/\/twitter.com\/conammutual?lang=es\" target=\"_blank\">\n\t\t\t\t\t\t<span class=\"elementor-screen-only\">Twitter<\/span>\n\t\t\t\t\t\t<i aria-hidden=\"true\" class=\"fab fa-twitter\"><\/i>\t\t\t\t\t<\/a>\n\t\t\t\t<\/span>\n\t\t\t\t\t\t\t<span class=\"elementor-grid-item\" role=\"listitem\">\n\t\t\t\t\t<a class=\"elementor-icon elementor-social-icon elementor-social-icon-instagram elementor-repeater-item-8b02ba4\" href=\"https:\/\/www.instagram.com\/conammutualismo\/\" target=\"_blank\">\n\t\t\t\t\t\t<span class=\"elementor-screen-only\">Instagram<\/span>\n\t\t\t\t\t\t<i aria-hidden=\"true\" class=\"fab fa-instagram\"><\/i>\t\t\t\t\t<\/a>\n\t\t\t\t<\/span>\n\t\t\t\t\t\t\t<span class=\"elementor-grid-item\" role=\"listitem\">\n\t\t\t\t\t<a class=\"elementor-icon elementor-social-icon elementor-social-icon-envelope elementor-repeater-item-742fba0\" target=\"_blank\">\n\t\t\t\t\t\t<span class=\"elementor-screen-only\">Envelope<\/span>\n\t\t\t\t\t\t<i aria-hidden=\"true\" class=\"far fa-envelope\"><\/i>\t\t\t\t\t<\/a>\n\t\t\t\t<\/span>\n\t\t\t\t\t\t\t<span class=\"elementor-grid-item\" role=\"listitem\">\n\t\t\t\t\t<a class=\"elementor-icon elementor-social-icon elementor-social-icon-youtube elementor-repeater-item-ace45c9\" href=\"https:\/\/www.youtube.com\/channel\/UC7KxMlgG6jBLkTb5_MT1Mag\" target=\"_blank\">\n\t\t\t\t\t\t<span class=\"elementor-screen-only\">Youtube<\/span>\n\t\t\t\t\t\t<i aria-hidden=\"true\" class=\"fab fa-youtube\"><\/i>\t\t\t\t\t<\/a>\n\t\t\t\t<\/span>\n\t\t\t\t\t<\/div>\n\t\t\t\t\t\t<\/div>\n\t\t\t\t<\/div>\n\t\t\t\t<div class=\"elementor-element elementor-element-66feef89 elementor-widget-divider--view-line elementor-widget elementor-widget-divider\" data-id=\"66feef89\" data-element_type=\"widget\" data-e-type=\"widget\" data-widget_type=\"divider.default\">\n\t\t\t\t<div class=\"elementor-widget-container\">\n\t\t\t\t\t\t\t<div class=\"elementor-divider\">\n\t\t\t<span class=\"elementor-divider-separator\">\n\t\t\t\t\t\t<\/span>\n\t\t<\/div>\n\t\t\t\t\t\t<\/div>\n\t\t\t\t<\/div>\n\t\t\t\t<div class=\"elementor-element elementor-element-384bfe79 elementor-widget elementor-widget-text-editor\" data-id=\"384bfe79\" data-element_type=\"widget\" data-e-type=\"widget\" data-widget_type=\"text-editor.default\">\n\t\t\t\t<div class=\"elementor-widget-container\">\n\t\t\t\t\t\t\t\t\t<p style=\"text-align: left;\">En un emotivo encuentro,<strong><a href=\"https:\/\/fmrlp.org.ar\/\"> la Federaci\u00f3n de Mutuales Regional La Plata<\/a><\/strong> <strong>(FMRLP), entidad adherida a CONAM, volvi\u00f3 a sumarse a la celebraci\u00f3n del D\u00eda de las Infancias que realiz\u00f3 el Instituto de Psicopedagog\u00eda Especial de La Plata (IPE),<\/strong> el pasado 21 de agosto, junto a ni\u00f1os, docentes y personal del colegio en una tarde llena de sonrisas y emociones, donde el esp\u00edritu solidario y mutualista se vio presente en cada actividad realizada.<\/p>\t\t\t\t\t\t\t\t<\/div>\n\t\t\t\t<\/div>\n\t\t\t\t<div class=\"elementor-element elementor-element-7f4ed178 elementor-widget elementor-widget-text-editor\" data-id=\"7f4ed178\" data-element_type=\"widget\" data-e-type=\"widget\" data-widget_type=\"text-editor.default\">\n\t\t\t\t<div class=\"elementor-widget-container\">\n\t\t\t\t\t\t\t\t\t<p>El Instituto de Psicopedagog\u00eda Especial de La Plata, conocido por su labor incansable en la promoci\u00f3n de una educaci\u00f3n inclusiva e integral, organiz\u00f3 una <strong>hermosa jornada de festividad para los m\u00e1s chicos: con juegos, momentos de esparcimiento y talleres creativos,<\/strong> donde tambi\u00e9n se mostraron los logros y habilidades adquiridas por los alumnos a lo largo del corriente ciclo lectivo.<\/p>\t\t\t\t\t\t\t\t<\/div>\n\t\t\t\t<\/div>\n\t\t\t\t<div class=\"elementor-element elementor-element-19127de1 elementor-widget elementor-widget-image\" data-id=\"19127de1\" data-element_type=\"widget\" data-e-type=\"widget\" data-widget_type=\"image.default\">\n\t\t\t\t<div class=\"elementor-widget-container\">\n\t\t\t\t\t\t\t\t\t\t\t\t\t\t\t<img decoding=\"async\" width=\"1536\" height=\"1152\" src=\"https:\/\/www.conam.org.ar\/web\/wp-content\/uploads\/2024\/08\/CARITAS-CONTENTAS-LA-FEDERACION-DE-MUTUALES-REGIONAL-LA-PLATA-PARTICIPO-DE-UNA-EMOTIVA-CELEBRACION-3-1536x1152.jpeg\" class=\"attachment-1536x1536 size-1536x1536 wp-image-15554\" alt=\"\" srcset=\"https:\/\/www.conam.org.ar\/web\/wp-content\/uploads\/2024\/08\/CARITAS-CONTENTAS-LA-FEDERACION-DE-MUTUALES-REGIONAL-LA-PLATA-PARTICIPO-DE-UNA-EMOTIVA-CELEBRACION-3-1536x1152.jpeg 1536w, https:\/\/www.conam.org.ar\/web\/wp-content\/uploads\/2024\/08\/CARITAS-CONTENTAS-LA-FEDERACION-DE-MUTUALES-REGIONAL-LA-PLATA-PARTICIPO-DE-UNA-EMOTIVA-CELEBRACION-3-300x225.jpeg 300w, https:\/\/www.conam.org.ar\/web\/wp-content\/uploads\/2024\/08\/CARITAS-CONTENTAS-LA-FEDERACION-DE-MUTUALES-REGIONAL-LA-PLATA-PARTICIPO-DE-UNA-EMOTIVA-CELEBRACION-3-1024x768.jpeg 1024w, https:\/\/www.conam.org.ar\/web\/wp-content\/uploads\/2024\/08\/CARITAS-CONTENTAS-LA-FEDERACION-DE-MUTUALES-REGIONAL-LA-PLATA-PARTICIPO-DE-UNA-EMOTIVA-CELEBRACION-3-768x576.jpeg 768w, https:\/\/www.conam.org.ar\/web\/wp-content\/uploads\/2024\/08\/CARITAS-CONTENTAS-LA-FEDERACION-DE-MUTUALES-REGIONAL-LA-PLATA-PARTICIPO-DE-UNA-EMOTIVA-CELEBRACION-3-380x285.jpeg 380w, https:\/\/www.conam.org.ar\/web\/wp-content\/uploads\/2024\/08\/CARITAS-CONTENTAS-LA-FEDERACION-DE-MUTUALES-REGIONAL-LA-PLATA-PARTICIPO-DE-UNA-EMOTIVA-CELEBRACION-3-285x214.jpeg 285w, https:\/\/www.conam.org.ar\/web\/wp-content\/uploads\/2024\/08\/CARITAS-CONTENTAS-LA-FEDERACION-DE-MUTUALES-REGIONAL-LA-PLATA-PARTICIPO-DE-UNA-EMOTIVA-CELEBRACION-3.jpeg 1600w\" sizes=\"(max-width: 1536px) 100vw, 1536px\" \/>\t\t\t\t\t\t\t\t\t\t\t\t\t\t\t<\/div>\n\t\t\t\t<\/div>\n\t\t\t\t<div class=\"elementor-element elementor-element-71512ecb elementor-widget elementor-widget-text-editor\" data-id=\"71512ecb\" data-element_type=\"widget\" data-e-type=\"widget\" data-widget_type=\"text-editor.default\">\n\t\t\t\t<div class=\"elementor-widget-container\">\n\t\t\t\t\t\t\t\t\t<p style=\"text-align: left;\">En representaci\u00f3n de la Federaci\u00f3n de Mutuales Regional La Plata estuvieron su Presidente, <strong>Carlos Gaskin;<\/strong> el Secretario, <strong>Pablo Rocha<\/strong>; el Vocal Titular 2\u00ba,<strong> Walter Dellavolpe<\/strong>; y <strong>Daniela Blanco<\/strong>; quienes fueron recibidos por las autoridades del colegio: la Presidente de la Instituci\u00f3n, <strong>Marta castillo<\/strong>; la Directora, Prof. <strong>Anabel Levandosky<\/strong>; la Vicedirectora, Prof. <strong>Carolina Angeleri<\/strong>; el Secretario, <strong>Leo Nocetti<\/strong>; la Representante Legal, <strong>Claudia Sancari<\/strong>; y el Cdor. <strong>Maximiliano H. Durso<\/strong>; junto al grupo de docentes que acompa\u00f1an a cada alumno en su aprendizaje escolar.<\/p>\t\t\t\t\t\t\t\t<\/div>\n\t\t\t\t<\/div>\n\t\t\t\t<div class=\"elementor-element elementor-element-13ed0346 elementor-widget elementor-widget-image\" data-id=\"13ed0346\" data-element_type=\"widget\" data-e-type=\"widget\" data-widget_type=\"image.default\">\n\t\t\t\t<div class=\"elementor-widget-container\">\n\t\t\t\t\t\t\t\t\t\t\t\t\t\t\t<img loading=\"lazy\" decoding=\"async\" width=\"1024\" height=\"768\" src=\"https:\/\/www.conam.org.ar\/web\/wp-content\/uploads\/2024\/08\/CARITAS-CONTENTAS-LA-FEDERACION-DE-MUTUALES-REGIONAL-LA-PLATA-PARTICIPO-DE-UNA-EMOTIVA-CELEBRACION-DE-1-1024x768.jpeg\" class=\"attachment-large size-large wp-image-15555\" alt=\"\" srcset=\"https:\/\/www.conam.org.ar\/web\/wp-content\/uploads\/2024\/08\/CARITAS-CONTENTAS-LA-FEDERACION-DE-MUTUALES-REGIONAL-LA-PLATA-PARTICIPO-DE-UNA-EMOTIVA-CELEBRACION-DE-1-1024x768.jpeg 1024w, https:\/\/www.conam.org.ar\/web\/wp-content\/uploads\/2024\/08\/CARITAS-CONTENTAS-LA-FEDERACION-DE-MUTUALES-REGIONAL-LA-PLATA-PARTICIPO-DE-UNA-EMOTIVA-CELEBRACION-DE-1-300x225.jpeg 300w, https:\/\/www.conam.org.ar\/web\/wp-content\/uploads\/2024\/08\/CARITAS-CONTENTAS-LA-FEDERACION-DE-MUTUALES-REGIONAL-LA-PLATA-PARTICIPO-DE-UNA-EMOTIVA-CELEBRACION-DE-1-768x576.jpeg 768w, https:\/\/www.conam.org.ar\/web\/wp-content\/uploads\/2024\/08\/CARITAS-CONTENTAS-LA-FEDERACION-DE-MUTUALES-REGIONAL-LA-PLATA-PARTICIPO-DE-UNA-EMOTIVA-CELEBRACION-DE-1-1536x1152.jpeg 1536w, https:\/\/www.conam.org.ar\/web\/wp-content\/uploads\/2024\/08\/CARITAS-CONTENTAS-LA-FEDERACION-DE-MUTUALES-REGIONAL-LA-PLATA-PARTICIPO-DE-UNA-EMOTIVA-CELEBRACION-DE-1-380x285.jpeg 380w, https:\/\/www.conam.org.ar\/web\/wp-content\/uploads\/2024\/08\/CARITAS-CONTENTAS-LA-FEDERACION-DE-MUTUALES-REGIONAL-LA-PLATA-PARTICIPO-DE-UNA-EMOTIVA-CELEBRACION-DE-1-285x214.jpeg 285w, https:\/\/www.conam.org.ar\/web\/wp-content\/uploads\/2024\/08\/CARITAS-CONTENTAS-LA-FEDERACION-DE-MUTUALES-REGIONAL-LA-PLATA-PARTICIPO-DE-UNA-EMOTIVA-CELEBRACION-DE-1.jpeg 1600w\" sizes=\"(max-width: 1024px) 100vw, 1024px\" \/>\t\t\t\t\t\t\t\t\t\t\t\t\t\t\t<\/div>\n\t\t\t\t<\/div>\n\t\t\t\t<div class=\"elementor-element elementor-element-1a609a84 elementor-widget elementor-widget-text-editor\" data-id=\"1a609a84\" data-element_type=\"widget\" data-e-type=\"widget\" data-widget_type=\"text-editor.default\">\n\t\t\t\t<div class=\"elementor-widget-container\">\n\t\t\t\t\t\t\t\t\t<p style=\"text-align: left;\">Este encuentro <strong>ha sido una ocasi\u00f3n especial para reafirmar el compromiso de ambas instituciones con la educaci\u00f3n, la inclusi\u00f3n y el desarrollo integral de los j\u00f3venes<\/strong>. El evento subraya la fuerza de la colaboraci\u00f3n entre la Federaci\u00f3n y el IPE, destacando la importancia de trabajar juntos para crear un entorno enriquecedor para los estudiantes.<strong> La presencia activa de la Federaci\u00f3n en estas celebraciones refuerza el v\u00ednculo establecido y resalta el impacto positivo que tiene el apoyo mutuo en la vida de los j\u00f3venes y sus familias.<\/strong><\/p>\t\t\t\t\t\t\t\t<\/div>\n\t\t\t\t<\/div>\n\t\t\t\t<div class=\"elementor-element elementor-element-4d6b0458 elementor-widget elementor-widget-text-editor\" data-id=\"4d6b0458\" data-element_type=\"widget\" data-e-type=\"widget\" data-widget_type=\"text-editor.default\">\n\t\t\t\t<div class=\"elementor-widget-container\">\n\t\t\t\t\t\t\t\t\t<p style=\"font-weight: 400;\"><strong>Desde la Federaci\u00f3n de Mutuales Regional La Plata se reafirma el compromiso con la misi\u00f3n del IPE y se celebra el \u00e9xito de los talleres y actividades que se llevan a cabo en la instituci\u00f3n<\/strong>. Esta colaboraci\u00f3n sigue siendo un testimonio de c\u00f3mo la uni\u00f3n de esfuerzos puede generar un impacto real y significativo en la comunidad.<\/p>\t\t\t\t\t\t\t\t<\/div>\n\t\t\t\t<\/div>\n\t\t\t\t<div class=\"elementor-element elementor-element-2ac8ca5b elementor-widget elementor-widget-image\" data-id=\"2ac8ca5b\" data-element_type=\"widget\" data-e-type=\"widget\" data-widget_type=\"image.default\">\n\t\t\t\t<div class=\"elementor-widget-container\">\n\t\t\t\t\t\t\t\t\t\t\t\t\t\t\t<img loading=\"lazy\" decoding=\"async\" width=\"1024\" height=\"768\" src=\"https:\/\/www.conam.org.ar\/web\/wp-content\/uploads\/2024\/08\/CARITAS-CONTENTAS-LA-FEDERACION-DE-MUTUALES-REGIONAL-LA-PLATA-PARTICIPO-DE-UNA-EMOTIVA-CELEBRACION-1024x768.jpeg\" class=\"attachment-large size-large wp-image-15551\" alt=\"\" srcset=\"https:\/\/www.conam.org.ar\/web\/wp-content\/uploads\/2024\/08\/CARITAS-CONTENTAS-LA-FEDERACION-DE-MUTUALES-REGIONAL-LA-PLATA-PARTICIPO-DE-UNA-EMOTIVA-CELEBRACION-1024x768.jpeg 1024w, https:\/\/www.conam.org.ar\/web\/wp-content\/uploads\/2024\/08\/CARITAS-CONTENTAS-LA-FEDERACION-DE-MUTUALES-REGIONAL-LA-PLATA-PARTICIPO-DE-UNA-EMOTIVA-CELEBRACION-300x225.jpeg 300w, https:\/\/www.conam.org.ar\/web\/wp-content\/uploads\/2024\/08\/CARITAS-CONTENTAS-LA-FEDERACION-DE-MUTUALES-REGIONAL-LA-PLATA-PARTICIPO-DE-UNA-EMOTIVA-CELEBRACION-768x576.jpeg 768w, https:\/\/www.conam.org.ar\/web\/wp-content\/uploads\/2024\/08\/CARITAS-CONTENTAS-LA-FEDERACION-DE-MUTUALES-REGIONAL-LA-PLATA-PARTICIPO-DE-UNA-EMOTIVA-CELEBRACION-1536x1152.jpeg 1536w, https:\/\/www.conam.org.ar\/web\/wp-content\/uploads\/2024\/08\/CARITAS-CONTENTAS-LA-FEDERACION-DE-MUTUALES-REGIONAL-LA-PLATA-PARTICIPO-DE-UNA-EMOTIVA-CELEBRACION-380x285.jpeg 380w, https:\/\/www.conam.org.ar\/web\/wp-content\/uploads\/2024\/08\/CARITAS-CONTENTAS-LA-FEDERACION-DE-MUTUALES-REGIONAL-LA-PLATA-PARTICIPO-DE-UNA-EMOTIVA-CELEBRACION-285x214.jpeg 285w, https:\/\/www.conam.org.ar\/web\/wp-content\/uploads\/2024\/08\/CARITAS-CONTENTAS-LA-FEDERACION-DE-MUTUALES-REGIONAL-LA-PLATA-PARTICIPO-DE-UNA-EMOTIVA-CELEBRACION.jpeg 1600w\" sizes=\"(max-width: 1024px) 100vw, 1024px\" \/>\t\t\t\t\t\t\t\t\t\t\t\t\t\t\t<\/div>\n\t\t\t\t<\/div>\n\t\t\t\t\t<\/div>\n\t\t<\/div>\n\t\t\t\t<div class=\"elementor-column elementor-col-50 elementor-top-column elementor-element elementor-element-6ccc606b elementor-hidden-phone\" data-id=\"6ccc606b\" data-element_type=\"column\" data-e-type=\"column\">\n\t\t\t<div class=\"elementor-widget-wrap elementor-element-populated\">\n\t\t\t\t\t\t<div class=\"elementor-element elementor-element-12d4d6c8 elementor-widget elementor-widget-spacer\" data-id=\"12d4d6c8\" data-element_type=\"widget\" data-e-type=\"widget\" data-widget_type=\"spacer.default\">\n\t\t\t\t<div class=\"elementor-widget-container\">\n\t\t\t\t\t\t\t<div class=\"elementor-spacer\">\n\t\t\t<div class=\"elementor-spacer-inner\"><\/div>\n\t\t<\/div>\n\t\t\t\t\t\t<\/div>\n\t\t\t\t<\/div>\n\t\t\t\t<div class=\"elementor-element elementor-element-3143a131 elementor-widget elementor-widget-heading\" data-id=\"3143a131\" data-element_type=\"widget\" data-e-type=\"widget\" data-widget_type=\"heading.default\">\n\t\t\t\t<div class=\"elementor-widget-container\">\n\t\t\t\t\t<h1 class=\"elementor-heading-title elementor-size-default\">REDES SOCIALES<\/h1>\t\t\t\t<\/div>\n\t\t\t\t<\/div>\n\t\t\t\t<div class=\"elementor-element elementor-element-31b873eb elementor-widget elementor-widget-spacer\" data-id=\"31b873eb\" data-element_type=\"widget\" data-e-type=\"widget\" data-widget_type=\"spacer.default\">\n\t\t\t\t<div class=\"elementor-widget-container\">\n\t\t\t\t\t\t\t<div class=\"elementor-spacer\">\n\t\t\t<div class=\"elementor-spacer-inner\"><\/div>\n\t\t<\/div>\n\t\t\t\t\t\t<\/div>\n\t\t\t\t<\/div>\n\t\t\t\t<div class=\"elementor-element elementor-element-5d1a5677 elementor-hidden-tablet elementor-hidden-phone elementor-widget elementor-widget-html\" data-id=\"5d1a5677\" data-element_type=\"widget\" data-e-type=\"widget\" data-widget_type=\"html.default\">\n\t\t\t\t<div class=\"elementor-widget-container\">\n\t\t\t\t\t<iframe src=\"https:\/\/www.facebook.com\/plugins\/page.php?href=https%3A%2F%2Fwww.facebook.com%2FConamMutualismo&tabs=timeline&width=415&height=500&small_header=false&adapt_container_width=false&hide_cover=false&show_facepile=true&appId\" width=\"415\" height=\"500\" style=\"border:none;overflow:hidden\" scrolling=\"no\" frameborder=\"0\" allowfullscreen=\"true\" allow=\"autoplay; clipboard-write; encrypted-media; picture-in-picture; web-share\"><\/iframe>\t\t\t\t<\/div>\n\t\t\t\t<\/div>\n\t\t\t\t<div class=\"elementor-element elementor-element-7a0a940c elementor-hidden-desktop elementor-hidden-phone elementor-widget elementor-widget-html\" data-id=\"7a0a940c\" data-element_type=\"widget\" data-e-type=\"widget\" data-widget_type=\"html.default\">\n\t\t\t\t<div class=\"elementor-widget-container\">\n\t\t\t\t\t<iframe src=\"https:\/\/www.facebook.com\/plugins\/page.php?href=https%3A%2F%2Fwww.facebook.com%2FConamMutualismo&tabs=timeline&width=250&height=500&small_header=false&adapt_container_width=false&hide_cover=false&show_facepile=true&appId\" width=\"415\" height=\"500\" style=\"border:none;overflow:hidden\" scrolling=\"no\" frameborder=\"0\" allowfullscreen=\"true\" allow=\"autoplay; clipboard-write; encrypted-media; picture-in-picture; web-share\"><\/iframe>\t\t\t\t<\/div>\n\t\t\t\t<\/div>\n\t\t\t\t<div class=\"elementor-element elementor-element-6adaa7c0 elementor-widget elementor-widget-spacer\" data-id=\"6adaa7c0\" data-element_type=\"widget\" data-e-type=\"widget\" data-widget_type=\"spacer.default\">\n\t\t\t\t<div class=\"elementor-widget-container\">\n\t\t\t\t\t\t\t<div class=\"elementor-spacer\">\n\t\t\t<div class=\"elementor-spacer-inner\"><\/div>\n\t\t<\/div>\n\t\t\t\t\t\t<\/div>\n\t\t\t\t<\/div>\n\t\t\t\t<div class=\"elementor-element elementor-element-95fd53b elementor-widget__width-auto elementor-widget elementor-widget-shortcode\" data-id=\"95fd53b\" data-element_type=\"widget\" data-e-type=\"widget\" data-widget_type=\"shortcode.default\">\n\t\t\t\t<div class=\"elementor-widget-container\">\n\t\t\t\t\t\t\t<div class=\"elementor-shortcode\"><a class=\"twitter-timeline\" data-width=\"500\" data-height=\"500\" data-theme=\"light\" href=\"https:\/\/twitter.com\/ConamMutual?ref_src=twsrc%5Etfw\">Tweets by ConamMutual<\/a> <script async src=\"https:\/\/platform.twitter.com\/widgets.js\" charset=\"utf-8\"><\/script><\/div>\n\t\t\t\t\t\t<\/div>\n\t\t\t\t<\/div>\n\t\t\t\t<div class=\"elementor-element elementor-element-5a6cbe0d elementor-widget elementor-widget-spacer\" data-id=\"5a6cbe0d\" data-element_type=\"widget\" data-e-type=\"widget\" data-widget_type=\"spacer.default\">\n\t\t\t\t<div class=\"elementor-widget-container\">\n\t\t\t\t\t\t\t<div class=\"elementor-spacer\">\n\t\t\t<div class=\"elementor-spacer-inner\"><\/div>\n\t\t<\/div>\n\t\t\t\t\t\t<\/div>\n\t\t\t\t<\/div>\n\t\t\t\t<div class=\"elementor-element elementor-element-2ceea670 elementor-widget elementor-widget-heading\" data-id=\"2ceea670\" data-element_type=\"widget\" data-e-type=\"widget\" data-widget_type=\"heading.default\">\n\t\t\t\t<div class=\"elementor-widget-container\">\n\t\t\t\t\t<h1 class=\"elementor-heading-title elementor-size-default\">CONAM MEDIA<\/h1>\t\t\t\t<\/div>\n\t\t\t\t<\/div>\n\t\t\t\t<div class=\"elementor-element elementor-element-78e1619c elementor-widget elementor-widget-image\" data-id=\"78e1619c\" data-element_type=\"widget\" data-e-type=\"widget\" data-widget_type=\"image.default\">\n\t\t\t\t<div class=\"elementor-widget-container\">\n\t\t\t\t\t\t\t\t\t\t\t\t\t\t\t\t<a href=\"https:\/\/www.youtube.com\/channel\/UC7KxMlgG6jBLkTb5_MT1Mag\">\n\t\t\t\t\t\t\t<img loading=\"lazy\" decoding=\"async\" width=\"1080\" height=\"1080\" src=\"https:\/\/www.conam.org.ar\/web\/wp-content\/uploads\/2021\/03\/20_20210412_204328_0019-1.png\" class=\"attachment-1536x1536 size-1536x1536 wp-image-4632\" alt=\"\" srcset=\"https:\/\/www.conam.org.ar\/web\/wp-content\/uploads\/2021\/03\/20_20210412_204328_0019-1.png 1080w, https:\/\/www.conam.org.ar\/web\/wp-content\/uploads\/2021\/03\/20_20210412_204328_0019-1-300x300.png 300w, https:\/\/www.conam.org.ar\/web\/wp-content\/uploads\/2021\/03\/20_20210412_204328_0019-1-1024x1024.png 1024w, https:\/\/www.conam.org.ar\/web\/wp-content\/uploads\/2021\/03\/20_20210412_204328_0019-1-150x150.png 150w, https:\/\/www.conam.org.ar\/web\/wp-content\/uploads\/2021\/03\/20_20210412_204328_0019-1-768x768.png 768w, https:\/\/www.conam.org.ar\/web\/wp-content\/uploads\/2021\/03\/20_20210412_204328_0019-1-120x120.png 120w, https:\/\/www.conam.org.ar\/web\/wp-content\/uploads\/2021\/03\/20_20210412_204328_0019-1-105x105.png 105w, https:\/\/www.conam.org.ar\/web\/wp-content\/uploads\/2021\/03\/20_20210412_204328_0019-1-570x570.png 570w, https:\/\/www.conam.org.ar\/web\/wp-content\/uploads\/2021\/03\/20_20210412_204328_0019-1-380x380.png 380w, https:\/\/www.conam.org.ar\/web\/wp-content\/uploads\/2021\/03\/20_20210412_204328_0019-1-285x285.png 285w\" sizes=\"(max-width: 1080px) 100vw, 1080px\" \/>\t\t\t\t\t\t\t\t<\/a>\n\t\t\t\t\t\t\t\t\t\t\t\t\t\t\t<\/div>\n\t\t\t\t<\/div>\n\t\t\t\t\t<\/div>\n\t\t<\/div>\n\t\t\t\t\t<\/div>\n\t\t<\/section>\n\t\t\t\t<section class=\"elementor-section elementor-top-section elementor-element elementor-element-6d00d0e7 elementor-section-full_width elementor-section-height-default elementor-section-height-default\" data-id=\"6d00d0e7\" data-element_type=\"section\" data-e-type=\"section\">\n\t\t\t\t\t\t<div class=\"elementor-container elementor-column-gap-default\">\n\t\t\t\t\t<div class=\"elementor-column elementor-col-100 elementor-top-column elementor-element elementor-element-294515e5\" data-id=\"294515e5\" data-element_type=\"column\" data-e-type=\"column\">\n\t\t\t<div class=\"elementor-widget-wrap elementor-element-populated\">\n\t\t\t\t\t\t<div class=\"elementor-element elementor-element-568da618 elementor-widget elementor-widget-shortcode\" data-id=\"568da618\" data-element_type=\"widget\" data-e-type=\"widget\" data-widget_type=\"shortcode.default\">\n\t\t\t\t<div class=\"elementor-widget-container\">\n\t\t\t\t\t\t\t<div class=\"elementor-shortcode\">\t\t<div data-elementor-type=\"footer\" data-elementor-id=\"4235\" class=\"elementor elementor-4235\" data-elementor-post-type=\"elementor_library\">\n\t\t\t\t\t<section class=\"elementor-section elementor-top-section elementor-element elementor-element-f02ad73 elementor-section-boxed elementor-section-height-default elementor-section-height-default\" data-id=\"f02ad73\" data-element_type=\"section\" data-e-type=\"section\">\n\t\t\t\t\t\t<div class=\"elementor-container elementor-column-gap-default\">\n\t\t\t\t\t<div class=\"elementor-column elementor-col-100 elementor-top-column elementor-element elementor-element-eef0fef\" data-id=\"eef0fef\" data-element_type=\"column\" data-e-type=\"column\">\n\t\t\t<div class=\"elementor-widget-wrap elementor-element-populated\">\n\t\t\t\t\t\t<div class=\"elementor-element elementor-element-a83cf47 elementor-widget elementor-widget-heading\" data-id=\"a83cf47\" data-element_type=\"widget\" data-e-type=\"widget\" data-widget_type=\"heading.default\">\n\t\t\t\t<div class=\"elementor-widget-container\">\n\t\t\t\t\t<h1 class=\"elementor-heading-title elementor-size-default\">VER M\u00c1S<\/h1>\t\t\t\t<\/div>\n\t\t\t\t<\/div>\n\t\t\t\t<div class=\"elementor-element elementor-element-6738753 elementor-widget elementor-widget-shortcode\" data-id=\"6738753\" data-element_type=\"widget\" data-e-type=\"widget\" data-widget_type=\"shortcode.default\">\n\t\t\t\t<div class=\"elementor-widget-container\">\n\t\t\t\t\t\t\t<div class=\"elementor-shortcode\">        <div class=\"wcp-carousel-main-wrap rpc-crsl-5 default\">\r\n        <section class=\"wcp-slick  matchheightenable\"   data-dots = on data-pauseonhover = on data-slidesToShow = 4 data-slidesToShowmob = 1 data-slidesToScroll = 1 data-cssEase = ease data-arrows = on id=\"carousel-3981\">\r\n\r\n                            <div class=\"slick-slide carousel-item-17736\">\r\n                    <figure class=\"rpc-style-5 rpc-wrapper\">\r\n  <div class=\"image\">\r\n    <div class=\"fixed-height-image\"><img loading=\"lazy\" decoding=\"async\" width=\"1638\" height=\"1070\" src=\"https:\/\/www.conam.org.ar\/web\/wp-content\/uploads\/2026\/04\/FEDETUR-Primer-Encuentro-Binacional-de-Mutuales-de-Turismo-en-PARAGUAY-2.jpeg\" class=\"attachment-2048x2048 size-2048x2048 wp-post-image\" alt=\"\" srcset=\"https:\/\/www.conam.org.ar\/web\/wp-content\/uploads\/2026\/04\/FEDETUR-Primer-Encuentro-Binacional-de-Mutuales-de-Turismo-en-PARAGUAY-2.jpeg 1638w, https:\/\/www.conam.org.ar\/web\/wp-content\/uploads\/2026\/04\/FEDETUR-Primer-Encuentro-Binacional-de-Mutuales-de-Turismo-en-PARAGUAY-2-300x196.jpeg 300w, https:\/\/www.conam.org.ar\/web\/wp-content\/uploads\/2026\/04\/FEDETUR-Primer-Encuentro-Binacional-de-Mutuales-de-Turismo-en-PARAGUAY-2-1024x669.jpeg 1024w, https:\/\/www.conam.org.ar\/web\/wp-content\/uploads\/2026\/04\/FEDETUR-Primer-Encuentro-Binacional-de-Mutuales-de-Turismo-en-PARAGUAY-2-768x502.jpeg 768w, https:\/\/www.conam.org.ar\/web\/wp-content\/uploads\/2026\/04\/FEDETUR-Primer-Encuentro-Binacional-de-Mutuales-de-Turismo-en-PARAGUAY-2-1536x1003.jpeg 1536w\" sizes=\"(max-width: 1638px) 100vw, 1638px\" \/><\/div>  <\/div>\r\n  <figcaption class=\"rpc_bg\">\r\n    <h5 class=\"rpc_title\">\r\n      FEDETUR CRUZA FRONTERAS Y CONSOLIDA UNA AGENDA...    <\/h5>\r\n    <h3 class=\"rpc_desc\">\r\n          <\/h3>\r\n    <footer class=\"rpc_footer\">\r\n      <div class=\"date\">24 abril, 2026<\/div>\r\n      <div class=\"icons\">\r\n        <div class=\"views\">\r\n          <i class=\"fa fa-comments\"><\/i>\r\n        0        <\/div>\r\n      <\/div>\r\n    <\/footer>\r\n  <\/figcaption>\r\n  <a target=\"_self\" href=\"https:\/\/www.conam.org.ar\/web\/2026\/04\/24\/fedetur-cruza-fronteras-y-consolida-una-agenda-regional-para-el-turismo-mutual-y-cooperativo\/\"><\/a>\r\n<\/figure>                <\/div>    \r\n\r\n                            <div class=\"slick-slide carousel-item-17726\">\r\n                    <figure class=\"rpc-style-5 rpc-wrapper\">\r\n  <div class=\"image\">\r\n    <div class=\"fixed-height-image\"><img loading=\"lazy\" decoding=\"async\" width=\"1024\" height=\"1024\" src=\"https:\/\/www.conam.org.ar\/web\/wp-content\/uploads\/2026\/04\/34-ANOS-CONSTRUYENDO-MUTUALISMO.jpeg\" class=\"attachment-2048x2048 size-2048x2048 wp-post-image\" alt=\"\" srcset=\"https:\/\/www.conam.org.ar\/web\/wp-content\/uploads\/2026\/04\/34-ANOS-CONSTRUYENDO-MUTUALISMO.jpeg 1024w, https:\/\/www.conam.org.ar\/web\/wp-content\/uploads\/2026\/04\/34-ANOS-CONSTRUYENDO-MUTUALISMO-300x300.jpeg 300w, https:\/\/www.conam.org.ar\/web\/wp-content\/uploads\/2026\/04\/34-ANOS-CONSTRUYENDO-MUTUALISMO-150x150.jpeg 150w, https:\/\/www.conam.org.ar\/web\/wp-content\/uploads\/2026\/04\/34-ANOS-CONSTRUYENDO-MUTUALISMO-768x768.jpeg 768w, https:\/\/www.conam.org.ar\/web\/wp-content\/uploads\/2026\/04\/34-ANOS-CONSTRUYENDO-MUTUALISMO-120x120.jpeg 120w, https:\/\/www.conam.org.ar\/web\/wp-content\/uploads\/2026\/04\/34-ANOS-CONSTRUYENDO-MUTUALISMO-105x105.jpeg 105w, https:\/\/www.conam.org.ar\/web\/wp-content\/uploads\/2026\/04\/34-ANOS-CONSTRUYENDO-MUTUALISMO-570x570.jpeg 570w, https:\/\/www.conam.org.ar\/web\/wp-content\/uploads\/2026\/04\/34-ANOS-CONSTRUYENDO-MUTUALISMO-380x380.jpeg 380w, https:\/\/www.conam.org.ar\/web\/wp-content\/uploads\/2026\/04\/34-ANOS-CONSTRUYENDO-MUTUALISMO-285x285.jpeg 285w\" sizes=\"(max-width: 1024px) 100vw, 1024px\" \/><\/div>  <\/div>\r\n  <figcaption class=\"rpc_bg\">\r\n    <h5 class=\"rpc_title\">\r\n      34 A\u00d1OS CONSTRUYENDO MUTUALISMO: NUEVO ANIVERSARIO DE...    <\/h5>\r\n    <h3 class=\"rpc_desc\">\r\n          <\/h3>\r\n    <footer class=\"rpc_footer\">\r\n      <div class=\"date\">23 abril, 2026<\/div>\r\n      <div class=\"icons\">\r\n        <div class=\"views\">\r\n          <i class=\"fa fa-comments\"><\/i>\r\n        0        <\/div>\r\n      <\/div>\r\n    <\/footer>\r\n  <\/figcaption>\r\n  <a target=\"_self\" href=\"https:\/\/www.conam.org.ar\/web\/2026\/04\/23\/34-anos-construyendo-mutualismo-nuevo-aniversario-de-conam\/\"><\/a>\r\n<\/figure>                <\/div>    \r\n\r\n                            <div class=\"slick-slide carousel-item-17715\">\r\n                    <figure class=\"rpc-style-5 rpc-wrapper\">\r\n  <div class=\"image\">\r\n    <div class=\"fixed-height-image\"><img loading=\"lazy\" decoding=\"async\" width=\"1280\" height=\"960\" src=\"https:\/\/www.conam.org.ar\/web\/wp-content\/uploads\/2026\/04\/FEDETUR-CONSOLIDA-SU-PROYECCION-NACIONAL-ASAMBLEA-Y-FIRMA-DE-UN-CONVENIO-PARA-POTENCIAR-AL-TURISMO-MUTUAL-Y-COOPERATIVO-3.jpeg\" class=\"attachment-2048x2048 size-2048x2048 wp-post-image\" alt=\"\" srcset=\"https:\/\/www.conam.org.ar\/web\/wp-content\/uploads\/2026\/04\/FEDETUR-CONSOLIDA-SU-PROYECCION-NACIONAL-ASAMBLEA-Y-FIRMA-DE-UN-CONVENIO-PARA-POTENCIAR-AL-TURISMO-MUTUAL-Y-COOPERATIVO-3.jpeg 1280w, https:\/\/www.conam.org.ar\/web\/wp-content\/uploads\/2026\/04\/FEDETUR-CONSOLIDA-SU-PROYECCION-NACIONAL-ASAMBLEA-Y-FIRMA-DE-UN-CONVENIO-PARA-POTENCIAR-AL-TURISMO-MUTUAL-Y-COOPERATIVO-3-300x225.jpeg 300w, https:\/\/www.conam.org.ar\/web\/wp-content\/uploads\/2026\/04\/FEDETUR-CONSOLIDA-SU-PROYECCION-NACIONAL-ASAMBLEA-Y-FIRMA-DE-UN-CONVENIO-PARA-POTENCIAR-AL-TURISMO-MUTUAL-Y-COOPERATIVO-3-1024x768.jpeg 1024w, https:\/\/www.conam.org.ar\/web\/wp-content\/uploads\/2026\/04\/FEDETUR-CONSOLIDA-SU-PROYECCION-NACIONAL-ASAMBLEA-Y-FIRMA-DE-UN-CONVENIO-PARA-POTENCIAR-AL-TURISMO-MUTUAL-Y-COOPERATIVO-3-768x576.jpeg 768w, https:\/\/www.conam.org.ar\/web\/wp-content\/uploads\/2026\/04\/FEDETUR-CONSOLIDA-SU-PROYECCION-NACIONAL-ASAMBLEA-Y-FIRMA-DE-UN-CONVENIO-PARA-POTENCIAR-AL-TURISMO-MUTUAL-Y-COOPERATIVO-3-380x285.jpeg 380w, https:\/\/www.conam.org.ar\/web\/wp-content\/uploads\/2026\/04\/FEDETUR-CONSOLIDA-SU-PROYECCION-NACIONAL-ASAMBLEA-Y-FIRMA-DE-UN-CONVENIO-PARA-POTENCIAR-AL-TURISMO-MUTUAL-Y-COOPERATIVO-3-285x214.jpeg 285w\" sizes=\"(max-width: 1280px) 100vw, 1280px\" \/><\/div>  <\/div>\r\n  <figcaption class=\"rpc_bg\">\r\n    <h5 class=\"rpc_title\">\r\n      FEDETUR CONSOLIDA SU PROYECCI\u00d3N NACIONAL: ASAMBLEA Y...    <\/h5>\r\n    <h3 class=\"rpc_desc\">\r\n          <\/h3>\r\n    <footer class=\"rpc_footer\">\r\n      <div class=\"date\">23 abril, 2026<\/div>\r\n      <div class=\"icons\">\r\n        <div class=\"views\">\r\n          <i class=\"fa fa-comments\"><\/i>\r\n        0        <\/div>\r\n      <\/div>\r\n    <\/footer>\r\n  <\/figcaption>\r\n  <a target=\"_self\" href=\"https:\/\/www.conam.org.ar\/web\/2026\/04\/23\/fedetur-consolida-su-proyeccion-nacional-asamblea-y-firma-de-un-convenio-para-potenciar-al-turismo-mutual-y-cooperativo\/\"><\/a>\r\n<\/figure>                <\/div>    \r\n\r\n                            <div class=\"slick-slide carousel-item-17698\">\r\n                    <figure class=\"rpc-style-5 rpc-wrapper\">\r\n  <div class=\"image\">\r\n    <div class=\"fixed-height-image\"><img loading=\"lazy\" decoding=\"async\" width=\"1600\" height=\"1200\" src=\"https:\/\/www.conam.org.ar\/web\/wp-content\/uploads\/2026\/04\/TECNOLOGIA-INVERSIONES-Y-FUTURO-MAS-DE-150-PERSONAS-PARTICIPARON-DEL-MEGA-EVENTO-FINTECH-PARA-EL-MUTUALISMO-9.jpeg\" class=\"attachment-2048x2048 size-2048x2048 wp-post-image\" alt=\"\" srcset=\"https:\/\/www.conam.org.ar\/web\/wp-content\/uploads\/2026\/04\/TECNOLOGIA-INVERSIONES-Y-FUTURO-MAS-DE-150-PERSONAS-PARTICIPARON-DEL-MEGA-EVENTO-FINTECH-PARA-EL-MUTUALISMO-9.jpeg 1600w, https:\/\/www.conam.org.ar\/web\/wp-content\/uploads\/2026\/04\/TECNOLOGIA-INVERSIONES-Y-FUTURO-MAS-DE-150-PERSONAS-PARTICIPARON-DEL-MEGA-EVENTO-FINTECH-PARA-EL-MUTUALISMO-9-300x225.jpeg 300w, https:\/\/www.conam.org.ar\/web\/wp-content\/uploads\/2026\/04\/TECNOLOGIA-INVERSIONES-Y-FUTURO-MAS-DE-150-PERSONAS-PARTICIPARON-DEL-MEGA-EVENTO-FINTECH-PARA-EL-MUTUALISMO-9-1024x768.jpeg 1024w, https:\/\/www.conam.org.ar\/web\/wp-content\/uploads\/2026\/04\/TECNOLOGIA-INVERSIONES-Y-FUTURO-MAS-DE-150-PERSONAS-PARTICIPARON-DEL-MEGA-EVENTO-FINTECH-PARA-EL-MUTUALISMO-9-768x576.jpeg 768w, https:\/\/www.conam.org.ar\/web\/wp-content\/uploads\/2026\/04\/TECNOLOGIA-INVERSIONES-Y-FUTURO-MAS-DE-150-PERSONAS-PARTICIPARON-DEL-MEGA-EVENTO-FINTECH-PARA-EL-MUTUALISMO-9-1536x1152.jpeg 1536w, https:\/\/www.conam.org.ar\/web\/wp-content\/uploads\/2026\/04\/TECNOLOGIA-INVERSIONES-Y-FUTURO-MAS-DE-150-PERSONAS-PARTICIPARON-DEL-MEGA-EVENTO-FINTECH-PARA-EL-MUTUALISMO-9-380x285.jpeg 380w, https:\/\/www.conam.org.ar\/web\/wp-content\/uploads\/2026\/04\/TECNOLOGIA-INVERSIONES-Y-FUTURO-MAS-DE-150-PERSONAS-PARTICIPARON-DEL-MEGA-EVENTO-FINTECH-PARA-EL-MUTUALISMO-9-285x214.jpeg 285w\" sizes=\"(max-width: 1600px) 100vw, 1600px\" \/><\/div>  <\/div>\r\n  <figcaption class=\"rpc_bg\">\r\n    <h5 class=\"rpc_title\">\r\n      TECNOLOG\u00cdA, INVERSIONES Y FUTURO: M\u00c1S DE 150...    <\/h5>\r\n    <h3 class=\"rpc_desc\">\r\n          <\/h3>\r\n    <footer class=\"rpc_footer\">\r\n      <div class=\"date\">22 abril, 2026<\/div>\r\n      <div class=\"icons\">\r\n        <div class=\"views\">\r\n          <i class=\"fa fa-comments\"><\/i>\r\n        0        <\/div>\r\n      <\/div>\r\n    <\/footer>\r\n  <\/figcaption>\r\n  <a target=\"_self\" href=\"https:\/\/www.conam.org.ar\/web\/2026\/04\/22\/tecnologia-inversiones-y-futuro-mas-de-150-personas-participaron-del-mega-evento-fintech-para-el-mutualismo\/\"><\/a>\r\n<\/figure>                <\/div>    \r\n\r\n                            <div class=\"slick-slide carousel-item-17681\">\r\n                    <figure class=\"rpc-style-5 rpc-wrapper\">\r\n  <div class=\"image\">\r\n    <div class=\"fixed-height-image\"><img loading=\"lazy\" decoding=\"async\" width=\"1126\" height=\"906\" src=\"https:\/\/www.conam.org.ar\/web\/wp-content\/uploads\/2026\/04\/CONAM-CELEBRO-SU-ASAMBLEA-GENERAL-ORDINARIA-JUNTO-A-SUS-FEDERACIONES-3.jpeg\" class=\"attachment-2048x2048 size-2048x2048 wp-post-image\" alt=\"\" srcset=\"https:\/\/www.conam.org.ar\/web\/wp-content\/uploads\/2026\/04\/CONAM-CELEBRO-SU-ASAMBLEA-GENERAL-ORDINARIA-JUNTO-A-SUS-FEDERACIONES-3.jpeg 1126w, https:\/\/www.conam.org.ar\/web\/wp-content\/uploads\/2026\/04\/CONAM-CELEBRO-SU-ASAMBLEA-GENERAL-ORDINARIA-JUNTO-A-SUS-FEDERACIONES-3-300x241.jpeg 300w, https:\/\/www.conam.org.ar\/web\/wp-content\/uploads\/2026\/04\/CONAM-CELEBRO-SU-ASAMBLEA-GENERAL-ORDINARIA-JUNTO-A-SUS-FEDERACIONES-3-1024x824.jpeg 1024w, https:\/\/www.conam.org.ar\/web\/wp-content\/uploads\/2026\/04\/CONAM-CELEBRO-SU-ASAMBLEA-GENERAL-ORDINARIA-JUNTO-A-SUS-FEDERACIONES-3-768x618.jpeg 768w\" sizes=\"(max-width: 1126px) 100vw, 1126px\" \/><\/div>  <\/div>\r\n  <figcaption class=\"rpc_bg\">\r\n    <h5 class=\"rpc_title\">\r\n      CONAM CELEBR\u00d3 SU ASAMBLEA GENERAL ORDINARIA JUNTO...    <\/h5>\r\n    <h3 class=\"rpc_desc\">\r\n          <\/h3>\r\n    <footer class=\"rpc_footer\">\r\n      <div class=\"date\">20 abril, 2026<\/div>\r\n      <div class=\"icons\">\r\n        <div class=\"views\">\r\n          <i class=\"fa fa-comments\"><\/i>\r\n        0        <\/div>\r\n      <\/div>\r\n    <\/footer>\r\n  <\/figcaption>\r\n  <a target=\"_self\" href=\"https:\/\/www.conam.org.ar\/web\/2026\/04\/20\/conam-celebro-su-asamblea-general-ordinaria-junto-a-sus-federaciones\/\"><\/a>\r\n<\/figure>                <\/div>    \r\n\r\n                            <div class=\"slick-slide carousel-item-17667\">\r\n                    <figure class=\"rpc-style-5 rpc-wrapper\">\r\n  <div class=\"image\">\r\n    <div class=\"fixed-height-image\"><img loading=\"lazy\" decoding=\"async\" width=\"960\" height=\"1280\" src=\"https:\/\/www.conam.org.ar\/web\/wp-content\/uploads\/2026\/04\/FESMAP-IMPULSA-EL-CRECIMIENTO-MUTUALISTA-EN-SANTA-FE-INAUGURACION-DE-UNA-NUEVA-ENTIDAD-Y-EXPANSION-DE-LA-SEDE-DE-OTRA-MUTUAL-6.jpeg\" class=\"attachment-2048x2048 size-2048x2048 wp-post-image\" alt=\"\" srcset=\"https:\/\/www.conam.org.ar\/web\/wp-content\/uploads\/2026\/04\/FESMAP-IMPULSA-EL-CRECIMIENTO-MUTUALISTA-EN-SANTA-FE-INAUGURACION-DE-UNA-NUEVA-ENTIDAD-Y-EXPANSION-DE-LA-SEDE-DE-OTRA-MUTUAL-6.jpeg 960w, https:\/\/www.conam.org.ar\/web\/wp-content\/uploads\/2026\/04\/FESMAP-IMPULSA-EL-CRECIMIENTO-MUTUALISTA-EN-SANTA-FE-INAUGURACION-DE-UNA-NUEVA-ENTIDAD-Y-EXPANSION-DE-LA-SEDE-DE-OTRA-MUTUAL-6-225x300.jpeg 225w, https:\/\/www.conam.org.ar\/web\/wp-content\/uploads\/2026\/04\/FESMAP-IMPULSA-EL-CRECIMIENTO-MUTUALISTA-EN-SANTA-FE-INAUGURACION-DE-UNA-NUEVA-ENTIDAD-Y-EXPANSION-DE-LA-SEDE-DE-OTRA-MUTUAL-6-768x1024.jpeg 768w\" sizes=\"(max-width: 960px) 100vw, 960px\" \/><\/div>  <\/div>\r\n  <figcaption class=\"rpc_bg\">\r\n    <h5 class=\"rpc_title\">\r\n      FESMAP IMPULSA EL CRECIMIENTO MUTUALISTA EN SANTA...    <\/h5>\r\n    <h3 class=\"rpc_desc\">\r\n          <\/h3>\r\n    <footer class=\"rpc_footer\">\r\n      <div class=\"date\">1 abril, 2026<\/div>\r\n      <div class=\"icons\">\r\n        <div class=\"views\">\r\n          <i class=\"fa fa-comments\"><\/i>\r\n        0        <\/div>\r\n      <\/div>\r\n    <\/footer>\r\n  <\/figcaption>\r\n  <a target=\"_self\" href=\"https:\/\/www.conam.org.ar\/web\/2026\/04\/01\/fesmap-impulsa-el-crecimiento-mutualista-en-santa-fe-inauguracion-de-una-nueva-entidad-y-expansion-de-la-sede-de-otra-mutual\/\"><\/a>\r\n<\/figure>                <\/div>    \r\n\r\n                            <div class=\"slick-slide carousel-item-17639\">\r\n                    <figure class=\"rpc-style-5 rpc-wrapper\">\r\n  <div class=\"image\">\r\n    <div class=\"fixed-height-image\"><img loading=\"lazy\" decoding=\"async\" width=\"1080\" height=\"1080\" src=\"https:\/\/www.conam.org.ar\/web\/wp-content\/uploads\/2026\/03\/NUEVA-CAPACITACION-UIF-ACTUALIZATE-CON-LAS-ULTIMAS-NORMATIVAS-Y-RESOLUCIONES-DEL-2026.png\" class=\"attachment-2048x2048 size-2048x2048 wp-post-image\" alt=\"\" srcset=\"https:\/\/www.conam.org.ar\/web\/wp-content\/uploads\/2026\/03\/NUEVA-CAPACITACION-UIF-ACTUALIZATE-CON-LAS-ULTIMAS-NORMATIVAS-Y-RESOLUCIONES-DEL-2026.png 1080w, https:\/\/www.conam.org.ar\/web\/wp-content\/uploads\/2026\/03\/NUEVA-CAPACITACION-UIF-ACTUALIZATE-CON-LAS-ULTIMAS-NORMATIVAS-Y-RESOLUCIONES-DEL-2026-300x300.png 300w, https:\/\/www.conam.org.ar\/web\/wp-content\/uploads\/2026\/03\/NUEVA-CAPACITACION-UIF-ACTUALIZATE-CON-LAS-ULTIMAS-NORMATIVAS-Y-RESOLUCIONES-DEL-2026-1024x1024.png 1024w, https:\/\/www.conam.org.ar\/web\/wp-content\/uploads\/2026\/03\/NUEVA-CAPACITACION-UIF-ACTUALIZATE-CON-LAS-ULTIMAS-NORMATIVAS-Y-RESOLUCIONES-DEL-2026-150x150.png 150w, https:\/\/www.conam.org.ar\/web\/wp-content\/uploads\/2026\/03\/NUEVA-CAPACITACION-UIF-ACTUALIZATE-CON-LAS-ULTIMAS-NORMATIVAS-Y-RESOLUCIONES-DEL-2026-768x768.png 768w, https:\/\/www.conam.org.ar\/web\/wp-content\/uploads\/2026\/03\/NUEVA-CAPACITACION-UIF-ACTUALIZATE-CON-LAS-ULTIMAS-NORMATIVAS-Y-RESOLUCIONES-DEL-2026-120x120.png 120w, https:\/\/www.conam.org.ar\/web\/wp-content\/uploads\/2026\/03\/NUEVA-CAPACITACION-UIF-ACTUALIZATE-CON-LAS-ULTIMAS-NORMATIVAS-Y-RESOLUCIONES-DEL-2026-105x105.png 105w, https:\/\/www.conam.org.ar\/web\/wp-content\/uploads\/2026\/03\/NUEVA-CAPACITACION-UIF-ACTUALIZATE-CON-LAS-ULTIMAS-NORMATIVAS-Y-RESOLUCIONES-DEL-2026-570x570.png 570w, https:\/\/www.conam.org.ar\/web\/wp-content\/uploads\/2026\/03\/NUEVA-CAPACITACION-UIF-ACTUALIZATE-CON-LAS-ULTIMAS-NORMATIVAS-Y-RESOLUCIONES-DEL-2026-380x380.png 380w, https:\/\/www.conam.org.ar\/web\/wp-content\/uploads\/2026\/03\/NUEVA-CAPACITACION-UIF-ACTUALIZATE-CON-LAS-ULTIMAS-NORMATIVAS-Y-RESOLUCIONES-DEL-2026-285x285.png 285w\" sizes=\"(max-width: 1080px) 100vw, 1080px\" \/><\/div>  <\/div>\r\n  <figcaption class=\"rpc_bg\">\r\n    <h5 class=\"rpc_title\">\r\n      NUEVA CAPACITACI\u00d3N UIF: ACTUALIZATE CON LAS \u00daLTIMAS...    <\/h5>\r\n    <h3 class=\"rpc_desc\">\r\n          <\/h3>\r\n    <footer class=\"rpc_footer\">\r\n      <div class=\"date\">20 marzo, 2026<\/div>\r\n      <div class=\"icons\">\r\n        <div class=\"views\">\r\n          <i class=\"fa fa-comments\"><\/i>\r\n        0        <\/div>\r\n      <\/div>\r\n    <\/footer>\r\n  <\/figcaption>\r\n  <a target=\"_self\" href=\"https:\/\/www.conam.org.ar\/web\/2026\/03\/20\/nueva-capacitacion-uif-actualizate-con-las-ultimas-normativas-y-resoluciones-del-2026\/\"><\/a>\r\n<\/figure>                <\/div>    \r\n\r\n                \r\n        <\/section>\r\n        <\/div>\r\n        <style>#carousel-3981 { background-color: ; } #carousel-3981 .slick-slide { margin: 2px ; } #carousel-3981.slick-vertical .slick-slide { margin:  2px; } #carousel-3981 .fixed-height-image { height: 270px; } #carousel-3981 .slick-slide .rpc_bg { background-color: #FFFFFF !important; } #carousel-3981 .slick-slide .rpc_title { color: #000000 !important; } #carousel-3981 .slick-slide .rpc_title { font-size:  !important; } #carousel-3981 .slick-slide .rpc_title { font-family:  !important; } #carousel-3981 .slick-slide .rpc_title { line-height:  !important; } #carousel-3981 .slick-slide .rpc_desc { color:  !important; } #carousel-3981 .slick-slide .rpc_desc { font-size:  !important; } #carousel-3981 .slick-slide .rpc_desc { font-family:  !important; } #carousel-3981 .slick-slide .rpc_desc { line-height:  !important; } #carousel-3981 .slick-slide .rpc_footer { background-color:  !important; } #carousel-3981 .slick-slide .rpc_footer { color:  !important; } #carousel-3981 .slick-slide .rpc-wrapper { border-style: none !important; } #carousel-3981 .slick-slide .rpc-wrapper { border-width:  !important; } #carousel-3981 .slick-slide .rpc-wrapper { border-color:  !important; } #carousel-3981 .slick-slide .rpc-wrapper { box-shadow: 0 0 5px rgba(0, 0, 0, 0.15) !important; } .topright #carousel-3981 .slick-next { right: ; }.topright #carousel-3981 .slick-prev { right: 29px; left: inherit; } .topleft #carousel-3981 .slick-prev { left: ; }.topleft #carousel-3981 .slick-next { left: 29px; right: inherit; } .aboveposts #carousel-3981 .slick-prev { left: ; }.aboveposts #carousel-3981 .slick-next { right: ; left: inherit; } #carousel-3981 .slick-dots li button:before { color:  ; }#carousel-3981 .slick-prev:before, #carousel-3981 .slick-next:before { color: #0066bf !important;}#carousel-3981 .slick-next:before { content: '\\ \\f0a9 '; } #carousel-3981 .slick-prev:before { content: '\\ \\f0a8'; }#carousel-3981 .slick-next:before, #carousel-3981 .slick-prev:before { background-color: #ffffff; padding: 2px 5px; border-radius: 50%; } #carousel-3981 .slick-next:before, #carousel-3981 .slick-prev:before { font-size: 20px; }#carousel-3981 .slick-next, #carousel-3981 .slick-prev { width: 20px; height: 20px; }<\/style><\/div>\n\t\t\t\t\t\t<\/div>\n\t\t\t\t<\/div>\n\t\t\t\t<div class=\"elementor-element elementor-element-0ab9eff elementor-widget__width-inherit elementor-hidden-tablet elementor-hidden-phone elementor-widget elementor-widget-wp-widget-wpmegamenu_widget\" data-id=\"0ab9eff\" data-element_type=\"widget\" data-e-type=\"widget\" data-widget_type=\"wp-widget-wpmegamenu_widget.default\">\n\t\t\t\t<div class=\"elementor-widget-container\">\n\t\t\t\t\t<div id=\"wpmm-wrap-header_menu\" class=\"wp-megamenu-main-wrapper wpmm-ctheme-wrapper wpmm-hide-toggle wpmega-default-theme wpmega-enabled-mobile-menu wpmm-hideallicons-mobile  wpmm-toggle-accordion wpmm-onhover wpmm-orientation-horizontal  wpmm-flip-effect \"><div class=\"wpmegamenu-toggle wpmega-enabled-menutoggle\" data-responsive-breakpoint=\"910px\"><div class='wp-mega-toggle-block'><div class='wpmega-closeblock'><i class='dashicons dashicons-editor-justify'><\/i><\/div><div class='wpmega-openblock'><i class='dashicons dashicons-no'><\/i><\/div><div class='menutoggle'>Menu<\/div><\/div><\/div><ul id=\"wpmega-menu-header_menu\" class=\"wpmm-mega-wrapper wpmemgamenu-pro\" data-advanced-click=\"wpmm-click-submenu\" data-trigger-effect=\"wpmm-onhover\"><li class='menu-item menu-item-type-custom menu-item-object-custom menu-item-home menu-item-has-children wpmega-menu-flyout wpmega-show-arrow wpmm-menu-align-left wpmega-hide-menu-icon wpmega-flyout-horizontal-right menu-item-4097 menu-item-depth-0 wpmm-submenu-align-left no-dropdown' id='wp_nav_menu-item-4097'><a class=\"wp-mega-menu-link\" href=\"https:\/\/www.conam.org.ar\/web\/\"><span class=\"wpmm-mega-menu-href-title\">Institucional<\/span><\/a>\n<div class='wpmm-sub-menu-wrapper wpmm-menu0'><ul class=\"wp-mega-sub-menu\">\n\t<li class='menu-item menu-item-type-post_type menu-item-object-page wp-mega-menu-header wpmega-show-arrow wpmm-menu-align-left wpmega-hide-menu-icon menu-item-767 menu-item-depth-1 wpmm-submenu-align-left no-dropdown' id='wp_nav_menu-item-767'><a class=\"wp-mega-menu-link\" href=\"https:\/\/www.conam.org.ar\/web\/mision\/\"><span class=\"wpmm-mega-menu-href-title\">Misi\u00f3n y objetivos<\/span><\/a><\/li>\t<li class='menu-item menu-item-type-post_type menu-item-object-page wp-mega-menu-header wpmega-show-arrow wpmm-menu-align-left wpmega-hide-menu-icon menu-item-766 menu-item-depth-1 wpmm-submenu-align-left no-dropdown' id='wp_nav_menu-item-766'><a class=\"wp-mega-menu-link\" href=\"https:\/\/www.conam.org.ar\/web\/vision\/\"><span class=\"wpmm-mega-menu-href-title\">Visi\u00f3n<\/span><\/a><\/li>\t<li class='menu-item menu-item-type-post_type menu-item-object-page wp-mega-menu-header wpmega-show-arrow wpmm-menu-align-left wpmega-hide-menu-icon menu-item-765 menu-item-depth-1 wpmm-submenu-align-left no-dropdown' id='wp_nav_menu-item-765'><a class=\"wp-mega-menu-link\" href=\"https:\/\/www.conam.org.ar\/web\/sobre-conam\/\"><span class=\"wpmm-mega-menu-href-title\">Sobre CONAM<\/span><\/a><\/li>\t<li class='menu-item menu-item-type-post_type menu-item-object-page wp-mega-menu-header wpmega-show-arrow wpmm-menu-align-left wpmega-hide-menu-icon menu-item-3920 menu-item-depth-1 wpmm-submenu-align-left no-dropdown' id='wp_nav_menu-item-3920'><a class=\"wp-mega-menu-link\" href=\"https:\/\/www.conam.org.ar\/web\/estatutos\/\"><span class=\"wpmm-mega-menu-href-title\">Estatuto<\/span><\/a><\/li>\t<li class='menu-item menu-item-type-post_type menu-item-object-page wp-mega-menu-header wpmega-show-arrow wpmm-menu-align-left wpmega-hide-menu-icon menu-item-768 menu-item-depth-1 wpmm-submenu-align-left no-dropdown' id='wp_nav_menu-item-768'><a class=\"wp-mega-menu-link\" href=\"https:\/\/www.conam.org.ar\/web\/autoridades\/\"><span class=\"wpmm-mega-menu-href-title\">Autoridades<\/span><\/a><\/li><\/ul><\/div>\n<\/li><li class='menu-item menu-item-type-post_type menu-item-object-page wpmega-menu-flyout wpmega-show-arrow wpmm-menu-align-left wpmega-hide-menu-icon wpmega-flyout-horizontal-right menu-item-4052 menu-item-depth-0 wpmm-submenu-align-left no-dropdown' id='wp_nav_menu-item-4052'><a class=\"wp-mega-menu-link\" href=\"https:\/\/www.conam.org.ar\/web\/federaciones\/\"><span class=\"wpmm-mega-menu-href-title\">Federaciones<\/span><\/a><\/li><li class='menu-item menu-item-type-post_type menu-item-object-page menu-item-has-children wpmega-menu-flyout wpmega-show-arrow wpmm-menu-align-left wpmega-hide-menu-icon wpmega-flyout-horizontal-right menu-item-770 menu-item-depth-0 wpmm-submenu-align-left no-dropdown' id='wp_nav_menu-item-770'><a class=\"wp-mega-menu-link\" href=\"https:\/\/www.conam.org.ar\/web\/economia-solidaria\/\"><span class=\"wpmm-mega-menu-href-title\">Econom\u00eda Solidaria<\/span><\/a>\n<div class='wpmm-sub-menu-wrapper wpmm-menu0'><ul class=\"wp-mega-sub-menu\">\n\t<li class='menu-item menu-item-type-post_type menu-item-object-page wp-mega-menu-header wpmega-show-arrow wpmm-menu-align-left wpmega-hide-menu-icon menu-item-771 menu-item-depth-1 wpmm-submenu-align-left no-dropdown' id='wp_nav_menu-item-771'><a class=\"wp-mega-menu-link\" href=\"https:\/\/www.conam.org.ar\/web\/mutual-y-sus-principios\/\"><span class=\"wpmm-mega-menu-href-title\">Mutual y sus principios<\/span><\/a><\/li>\t<li class='menu-item menu-item-type-post_type menu-item-object-page wp-mega-menu-header wpmega-show-arrow wpmm-menu-align-left wpmega-hide-menu-icon menu-item-772 menu-item-depth-1 wpmm-submenu-align-left no-dropdown' id='wp_nav_menu-item-772'><a class=\"wp-mega-menu-link\" href=\"https:\/\/www.conam.org.ar\/web\/actividad-de-las-mutuales\/\"><span class=\"wpmm-mega-menu-href-title\">Actividad de las mutuales<\/span><\/a><\/li>\t<li class='menu-item menu-item-type-post_type menu-item-object-page wp-mega-menu-header wpmega-show-arrow wpmm-menu-align-left wpmega-hide-menu-icon menu-item-773 menu-item-depth-1 wpmm-submenu-align-left no-dropdown' id='wp_nav_menu-item-773'><a class=\"wp-mega-menu-link\" href=\"https:\/\/www.conam.org.ar\/web\/normativa\/\"><span class=\"wpmm-mega-menu-href-title\">Normativa<\/span><\/a><\/li><\/ul><\/div>\n<\/li><li class='menu-item menu-item-type-post_type menu-item-object-page wpmega-menu-flyout wpmega-show-arrow wpmm-menu-align-left wpmega-hide-menu-icon wpmega-flyout-horizontal-right menu-item-775 menu-item-depth-0 wpmm-submenu-align-left no-dropdown' id='wp_nav_menu-item-775'><a class=\"wp-mega-menu-link\" href=\"https:\/\/www.conam.org.ar\/web\/mutuales-en-red\/\"><span class=\"wpmm-mega-menu-href-title\">Servicios en red<\/span><\/a><\/li><li class='menu-item menu-item-type-post_type menu-item-object-page wpmega-menu-flyout wpmega-show-arrow wpmm-menu-align-left wpmega-hide-menu-icon wpmega-flyout-horizontal-right menu-item-1610 menu-item-depth-0 wpmm-submenu-align-left no-dropdown' id='wp_nav_menu-item-1610'><a class=\"wp-mega-menu-link\" href=\"https:\/\/www.conam.org.ar\/web\/novedades\/\"><span class=\"wpmm-mega-menu-href-title\">Novedades<\/span><\/a><\/li><\/ul><\/div>\t\t\t\t<\/div>\n\t\t\t\t<\/div>\n\t\t\t\t\t<\/div>\n\t\t<\/div>\n\t\t\t\t\t<\/div>\n\t\t<\/section>\n\t\t\t\t<section class=\"elementor-section elementor-top-section elementor-element elementor-element-77dd5d4 elementor-section-full_width elementor-section-height-default elementor-section-height-default\" data-id=\"77dd5d4\" data-element_type=\"section\" data-e-type=\"section\">\n\t\t\t\t\t\t<div class=\"elementor-container elementor-column-gap-default\">\n\t\t\t\t\t<div class=\"elementor-column elementor-col-33 elementor-top-column elementor-element elementor-element-57eaae5\" data-id=\"57eaae5\" data-element_type=\"column\" data-e-type=\"column\">\n\t\t\t<div class=\"elementor-widget-wrap elementor-element-populated\">\n\t\t\t\t\t\t<div class=\"elementor-element elementor-element-b236e72 elementor-widget elementor-widget-theme-site-logo elementor-widget-image\" data-id=\"b236e72\" data-element_type=\"widget\" data-e-type=\"widget\" data-widget_type=\"theme-site-logo.default\">\n\t\t\t\t<div class=\"elementor-widget-container\">\n\t\t\t\t\t\t\t\t\t\t\t<a href=\"https:\/\/www.conam.org.ar\/web\">\n\t\t\t<img decoding=\"async\" width=\"357\" height=\"109\" src=\"https:\/\/www.conam.org.ar\/web\/wp-content\/uploads\/2021\/03\/thumbnail_logo-sin-color-de-fondo.png\" class=\"attachment-full size-full wp-image-2800\" alt=\"\" srcset=\"https:\/\/www.conam.org.ar\/web\/wp-content\/uploads\/2021\/03\/thumbnail_logo-sin-color-de-fondo.png 357w, https:\/\/www.conam.org.ar\/web\/wp-content\/uploads\/2021\/03\/thumbnail_logo-sin-color-de-fondo-300x92.png 300w\" sizes=\"(max-width: 357px) 100vw, 357px\" \/>\t\t\t\t<\/a>\n\t\t\t\t\t\t\t\t\t\t\t<\/div>\n\t\t\t\t<\/div>\n\t\t\t\t\t<\/div>\n\t\t<\/div>\n\t\t\t\t<div class=\"elementor-column elementor-col-33 elementor-top-column elementor-element elementor-element-24d9719\" data-id=\"24d9719\" data-element_type=\"column\" data-e-type=\"column\">\n\t\t\t<div class=\"elementor-widget-wrap elementor-element-populated\">\n\t\t\t\t\t\t<div class=\"elementor-element elementor-element-f2251ad elementor-widget elementor-widget-text-editor\" data-id=\"f2251ad\" data-element_type=\"widget\" data-e-type=\"widget\" data-widget_type=\"text-editor.default\">\n\t\t\t\t<div class=\"elementor-widget-container\">\n\t\t\t\t\t\t\t\t\t<h4 style=\"text-align: center;\"><span style=\"text-decoration: underline;\"><strong><span style=\"color: #000000; text-decoration: underline;\">Humberto Primo 986 5to 32\u00a0&#8211; CABA<\/span><\/strong><\/span><\/h4><h4 style=\"text-align: center;\"><span style=\"color: #000000;\"><strong>011-4800-2268\u00a0<\/strong><\/span><\/h4><h4 style=\"text-align: center;\"><span style=\"color: #000000;\"><strong>info@conam.org.ar<\/strong><\/span><\/h4>\t\t\t\t\t\t\t\t<\/div>\n\t\t\t\t<\/div>\n\t\t\t\t\t<\/div>\n\t\t<\/div>\n\t\t\t\t<div class=\"elementor-column elementor-col-33 elementor-top-column elementor-element elementor-element-c6e4ac2\" data-id=\"c6e4ac2\" data-element_type=\"column\" data-e-type=\"column\">\n\t\t\t<div class=\"elementor-widget-wrap elementor-element-populated\">\n\t\t\t\t\t\t<div class=\"elementor-element elementor-element-2fe3a63 elementor-shape-circle elementor-grid-0 e-grid-align-center elementor-widget elementor-widget-social-icons\" data-id=\"2fe3a63\" data-element_type=\"widget\" data-e-type=\"widget\" data-widget_type=\"social-icons.default\">\n\t\t\t\t<div class=\"elementor-widget-container\">\n\t\t\t\t\t\t\t<div class=\"elementor-social-icons-wrapper elementor-grid\" role=\"list\">\n\t\t\t\t\t\t\t<span class=\"elementor-grid-item\" role=\"listitem\">\n\t\t\t\t\t<a class=\"elementor-icon elementor-social-icon elementor-social-icon-facebook-f elementor-repeater-item-7e76215\" href=\"https:\/\/www.facebook.com\/ConamMutualismo\" target=\"_blank\">\n\t\t\t\t\t\t<span class=\"elementor-screen-only\">Facebook-f<\/span>\n\t\t\t\t\t\t<i aria-hidden=\"true\" class=\"fab fa-facebook-f\"><\/i>\t\t\t\t\t<\/a>\n\t\t\t\t<\/span>\n\t\t\t\t\t\t\t<span class=\"elementor-grid-item\" role=\"listitem\">\n\t\t\t\t\t<a class=\"elementor-icon elementor-social-icon elementor-social-icon-x-twitter elementor-repeater-item-f4248f0\" href=\"https:\/\/x.com\/ConamMutual\" target=\"_blank\">\n\t\t\t\t\t\t<span class=\"elementor-screen-only\">X-twitter<\/span>\n\t\t\t\t\t\t<i aria-hidden=\"true\" class=\"fab fa-x-twitter\"><\/i>\t\t\t\t\t<\/a>\n\t\t\t\t<\/span>\n\t\t\t\t\t\t\t<span class=\"elementor-grid-item\" role=\"listitem\">\n\t\t\t\t\t<a class=\"elementor-icon elementor-social-icon elementor-social-icon-instagram elementor-repeater-item-8b02ba4\" href=\"https:\/\/www.instagram.com\/conammutualismo\/\" target=\"_blank\">\n\t\t\t\t\t\t<span class=\"elementor-screen-only\">Instagram<\/span>\n\t\t\t\t\t\t<i aria-hidden=\"true\" class=\"fab fa-instagram\"><\/i>\t\t\t\t\t<\/a>\n\t\t\t\t<\/span>\n\t\t\t\t\t\t\t<span class=\"elementor-grid-item\" role=\"listitem\">\n\t\t\t\t\t<a class=\"elementor-icon elementor-social-icon elementor-social-icon-envelope elementor-repeater-item-742fba0\" href=\"mailto:info@conam.org.ar\" target=\"_blank\">\n\t\t\t\t\t\t<span class=\"elementor-screen-only\">Envelope<\/span>\n\t\t\t\t\t\t<i aria-hidden=\"true\" class=\"far fa-envelope\"><\/i>\t\t\t\t\t<\/a>\n\t\t\t\t<\/span>\n\t\t\t\t\t\t\t<span class=\"elementor-grid-item\" role=\"listitem\">\n\t\t\t\t\t<a class=\"elementor-icon elementor-social-icon elementor-social-icon-youtube elementor-repeater-item-ace45c9\" href=\"https:\/\/www.youtube.com\/channel\/UC7KxMlgG6jBLkTb5_MT1Mag\" target=\"_blank\">\n\t\t\t\t\t\t<span class=\"elementor-screen-only\">Youtube<\/span>\n\t\t\t\t\t\t<i aria-hidden=\"true\" class=\"fab fa-youtube\"><\/i>\t\t\t\t\t<\/a>\n\t\t\t\t<\/span>\n\t\t\t\t\t\t\t<span class=\"elementor-grid-item\" role=\"listitem\">\n\t\t\t\t\t<a class=\"elementor-icon elementor-social-icon elementor-social-icon-whatsapp elementor-repeater-item-f9a6816\" href=\"https:\/\/www.whatsapp.com\/channel\/0029VbAb94eGOj9wgl4q133o\" target=\"_blank\">\n\t\t\t\t\t\t<span class=\"elementor-screen-only\">Whatsapp<\/span>\n\t\t\t\t\t\t<i aria-hidden=\"true\" class=\"fab fa-whatsapp\"><\/i>\t\t\t\t\t<\/a>\n\t\t\t\t<\/span>\n\t\t\t\t\t<\/div>\n\t\t\t\t\t\t<\/div>\n\t\t\t\t<\/div>\n\t\t\t\t\t<\/div>\n\t\t<\/div>\n\t\t\t\t\t<\/div>\n\t\t<\/section>\n\t\t\t\t<\/div>\n\t\t<\/div>\n\t\t\t\t\t\t<\/div>\n\t\t\t\t<\/div>\n\t\t\t\t\t<\/div>\n\t\t<\/div>\n\t\t\t\t\t<\/div>\n\t\t<\/section>\n\t\t\t\t<\/div>\n\t\t","protected":false},"excerpt":{"rendered":"<p>CARITAS CONTENTAS: LA FEDERACI\u00d3N DE MUTUALES REGIONAL LA PLATA PARTICIP\u00d3 DE UNA EMOTIVA CELEBRACI\u00d3N DEL D\u00cdA DE LAS INFANCIAS Facebook-f Twitter Instagram Envelope Youtube En un emotivo encuentro, la Federaci\u00f3n de Mutuales Regional La Plata (FMRLP), entidad adherida a CONAM, volvi\u00f3 a sumarse a la celebraci\u00f3n del D\u00eda de las Infancias que realiz\u00f3 el Instituto<\/p>\n<p class=\"more-link\"><a href=\"https:\/\/www.conam.org.ar\/web\/2026\/03\/20\/nueva-capacitacion-uif-actualizate-con-las-ultimas-normativas-y-resoluciones-del-2026\/\" class=\"themebutton\">Read More<\/a><\/p>\n","protected":false},"author":3,"featured_media":15551,"comment_status":"open","ping_status":"open","sticky":false,"template":"elementor_canvas","format":"standard","meta":{"footnotes":""},"categories":[15,1],"tags":[1055,53,1053,1057,21,1052,23,24,50,49,1050,1051,1054,1056,1058,22,104,878],"class_list":["post-15550","post","type-post","status-publish","format-standard","has-post-thumbnail","hentry","category-noticias-de-confederacion","category-ultimas-noticias","tag-anabel-levandosky","tag-carlos-gaskin","tag-carolina-angeleri","tag-claudia-sancari","tag-conam","tag-daniela-blanco","tag-economia-social","tag-economia-solidaria","tag-federacion-de-mutuales-regional-la-plata","tag-fmrlp","tag-instituto-de-psicopedagogia-especial-de-la-plata","tag-ipe","tag-leo-nocetti","tag-marta-castillo","tag-maximiliano-h-durso","tag-mutualismo","tag-pablo-rocha","tag-walter-dellavolpe"],"aioseo_notices":[],"_links":{"self":[{"href":"https:\/\/www.conam.org.ar\/web\/wp-json\/wp\/v2\/posts\/15550","targetHints":{"allow":["GET"]}}],"collection":[{"href":"https:\/\/www.conam.org.ar\/web\/wp-json\/wp\/v2\/posts"}],"about":[{"href":"https:\/\/www.conam.org.ar\/web\/wp-json\/wp\/v2\/types\/post"}],"author":[{"embeddable":true,"href":"https:\/\/www.conam.org.ar\/web\/wp-json\/wp\/v2\/users\/3"}],"replies":[{"embeddable":true,"href":"https:\/\/www.conam.org.ar\/web\/wp-json\/wp\/v2\/comments?post=15550"}],"version-history":[{"count":4,"href":"https:\/\/www.conam.org.ar\/web\/wp-json\/wp\/v2\/posts\/15550\/revisions"}],"predecessor-version":[{"id":15558,"href":"https:\/\/www.conam.org.ar\/web\/wp-json\/wp\/v2\/posts\/15550\/revisions\/15558"}],"wp:featuredmedia":[{"embeddable":true,"href":"https:\/\/www.conam.org.ar\/web\/wp-json\/wp\/v2\/media\/15551"}],"wp:attachment":[{"href":"https:\/\/www.conam.org.ar\/web\/wp-json\/wp\/v2\/media?parent=15550"}],"wp:term":[{"taxonomy":"category","embeddable":true,"href":"https:\/\/www.conam.org.ar\/web\/wp-json\/wp\/v2\/categories?post=15550"},{"taxonomy":"post_tag","embeddable":true,"href":"https:\/\/www.conam.org.ar\/web\/wp-json\/wp\/v2\/tags?post=15550"}],"curies":[{"name":"wp","href":"https:\/\/api.w.org\/{rel}","templated":true}]}}