{"id":16564,"date":"2025-06-04T11:38:47","date_gmt":"2025-06-04T14:38:47","guid":{"rendered":"https:\/\/www.conam.org.ar\/web\/?p=16564"},"modified":"2025-06-04T12:07:48","modified_gmt":"2025-06-04T15:07:48","slug":"el-papa-es-de-temperamento-sajon-pero-de-estilo-de-vida-latino-entrevista-exclusiva-al-obispo-auxiliar-monsenor-alberto-bochatey-en-el-streaming-mutualista-mutualmente","status":"publish","type":"post","link":"https:\/\/www.conam.org.ar\/web\/2025\/06\/04\/el-papa-es-de-temperamento-sajon-pero-de-estilo-de-vida-latino-entrevista-exclusiva-al-obispo-auxiliar-monsenor-alberto-bochatey-en-el-streaming-mutualista-mutualmente\/","title":{"rendered":"\u201cEL PAPA ES DE TEMPERAMENTO SAJ\u00d3N PERO DE ESTILO DE VIDA LATINO\u201d, ENTREVISTA EXCLUSIVA AL OBISPO AUXILIAR MONSE\u00d1OR ALBERTO BOCHATEY, EN EL STREAMING MUTUALISTA \u201cMUTUALMENTE\u201d"},"content":{"rendered":"\t\t<div data-elementor-type=\"wp-post\" data-elementor-id=\"16564\" class=\"elementor elementor-16564\" data-elementor-post-type=\"post\">\n\t\t\t\t\t\t<section class=\"elementor-section elementor-top-section elementor-element elementor-element-54aa7ebd elementor-section-full_width elementor-section-height-default elementor-section-height-default\" data-id=\"54aa7ebd\" data-element_type=\"section\" data-e-type=\"section\">\n\t\t\t\t\t\t<div class=\"elementor-container elementor-column-gap-default\">\n\t\t\t\t\t<div class=\"elementor-column elementor-col-100 elementor-top-column elementor-element elementor-element-5766f6a5\" data-id=\"5766f6a5\" data-element_type=\"column\" data-e-type=\"column\">\n\t\t\t<div class=\"elementor-widget-wrap elementor-element-populated\">\n\t\t\t\t\t\t<div class=\"elementor-element elementor-element-38548a77 elementor-widget elementor-widget-shortcode\" data-id=\"38548a77\" data-element_type=\"widget\" data-e-type=\"widget\" data-widget_type=\"shortcode.default\">\n\t\t\t\t<div class=\"elementor-widget-container\">\n\t\t\t\t\t\t\t<div class=\"elementor-shortcode\">\t\t<div data-elementor-type=\"header\" data-elementor-id=\"2792\" class=\"elementor elementor-2792\" data-elementor-post-type=\"elementor_library\">\n\t\t\t\t\t<section class=\"elementor-section elementor-top-section elementor-element elementor-element-e36ce06 elementor-section-boxed elementor-section-height-default elementor-section-height-default\" data-id=\"e36ce06\" data-element_type=\"section\" data-e-type=\"section\">\n\t\t\t\t\t\t<div class=\"elementor-container elementor-column-gap-no\">\n\t\t\t\t\t<div class=\"elementor-column elementor-col-50 elementor-top-column elementor-element elementor-element-196edba\" data-id=\"196edba\" data-element_type=\"column\" data-e-type=\"column\">\n\t\t\t<div class=\"elementor-widget-wrap elementor-element-populated\">\n\t\t\t\t\t\t<div class=\"elementor-element elementor-element-2c1d154 elementor-hidden-tablet elementor-hidden-phone elementor-widget elementor-widget-heading\" data-id=\"2c1d154\" data-element_type=\"widget\" data-e-type=\"widget\" data-widget_type=\"heading.default\">\n\t\t\t\t<div class=\"elementor-widget-container\">\n\t\t\t\t\t<h6 class=\"elementor-heading-title elementor-size-default\">&nbsp;011-4800-2268&nbsp; &nbsp; &nbsp; &nbsp; Humberto Primo 986 5to 32&nbsp;- CABA<\/h6>\t\t\t\t<\/div>\n\t\t\t\t<\/div>\n\t\t\t\t\t<\/div>\n\t\t<\/div>\n\t\t\t\t<div class=\"elementor-column elementor-col-50 elementor-top-column elementor-element elementor-element-3ed4958\" data-id=\"3ed4958\" data-element_type=\"column\" data-e-type=\"column\">\n\t\t\t<div class=\"elementor-widget-wrap elementor-element-populated\">\n\t\t\t\t\t\t<div class=\"elementor-element elementor-element-af8bf08 elementor-shape-circle e-grid-align-right elementor-hidden-tablet elementor-hidden-phone elementor-grid-0 elementor-widget elementor-widget-social-icons\" data-id=\"af8bf08\" data-element_type=\"widget\" data-e-type=\"widget\" data-widget_type=\"social-icons.default\">\n\t\t\t\t<div class=\"elementor-widget-container\">\n\t\t\t\t\t\t\t<div class=\"elementor-social-icons-wrapper elementor-grid\" role=\"list\">\n\t\t\t\t\t\t\t<span class=\"elementor-grid-item\" role=\"listitem\">\n\t\t\t\t\t<a class=\"elementor-icon elementor-social-icon elementor-social-icon-facebook-f elementor-repeater-item-7e76215\" href=\"https:\/\/www.facebook.com\/ConamMutualismo\" target=\"_blank\">\n\t\t\t\t\t\t<span class=\"elementor-screen-only\">Facebook-f<\/span>\n\t\t\t\t\t\t<i aria-hidden=\"true\" class=\"fab fa-facebook-f\"><\/i>\t\t\t\t\t<\/a>\n\t\t\t\t<\/span>\n\t\t\t\t\t\t\t<span class=\"elementor-grid-item\" role=\"listitem\">\n\t\t\t\t\t<a class=\"elementor-icon elementor-social-icon elementor-social-icon-x-twitter elementor-repeater-item-f4248f0\" href=\"https:\/\/x.com\/ConamMutual\" target=\"_blank\">\n\t\t\t\t\t\t<span class=\"elementor-screen-only\">X-twitter<\/span>\n\t\t\t\t\t\t<i aria-hidden=\"true\" class=\"fab fa-x-twitter\"><\/i>\t\t\t\t\t<\/a>\n\t\t\t\t<\/span>\n\t\t\t\t\t\t\t<span class=\"elementor-grid-item\" role=\"listitem\">\n\t\t\t\t\t<a class=\"elementor-icon elementor-social-icon elementor-social-icon-instagram elementor-repeater-item-8b02ba4\" href=\"https:\/\/www.instagram.com\/conammutualismo\/\" target=\"_blank\">\n\t\t\t\t\t\t<span class=\"elementor-screen-only\">Instagram<\/span>\n\t\t\t\t\t\t<i aria-hidden=\"true\" class=\"fab fa-instagram\"><\/i>\t\t\t\t\t<\/a>\n\t\t\t\t<\/span>\n\t\t\t\t\t\t\t<span class=\"elementor-grid-item\" role=\"listitem\">\n\t\t\t\t\t<a class=\"elementor-icon elementor-social-icon elementor-social-icon-envelope elementor-repeater-item-742fba0\" href=\"mailto:info@conam.org.ar%20\" target=\"_blank\">\n\t\t\t\t\t\t<span class=\"elementor-screen-only\">Envelope<\/span>\n\t\t\t\t\t\t<i aria-hidden=\"true\" class=\"far fa-envelope\"><\/i>\t\t\t\t\t<\/a>\n\t\t\t\t<\/span>\n\t\t\t\t\t\t\t<span class=\"elementor-grid-item\" role=\"listitem\">\n\t\t\t\t\t<a class=\"elementor-icon elementor-social-icon elementor-social-icon-youtube elementor-repeater-item-ace45c9\" href=\"https:\/\/www.youtube.com\/channel\/UC7KxMlgG6jBLkTb5_MT1Mag\" target=\"_blank\">\n\t\t\t\t\t\t<span class=\"elementor-screen-only\">Youtube<\/span>\n\t\t\t\t\t\t<i aria-hidden=\"true\" class=\"fab fa-youtube\"><\/i>\t\t\t\t\t<\/a>\n\t\t\t\t<\/span>\n\t\t\t\t\t\t\t<span class=\"elementor-grid-item\" role=\"listitem\">\n\t\t\t\t\t<a class=\"elementor-icon elementor-social-icon elementor-social-icon-whatsapp elementor-repeater-item-21cc4b7\" href=\"https:\/\/www.whatsapp.com\/channel\/0029VbAb94eGOj9wgl4q133o\" target=\"_blank\">\n\t\t\t\t\t\t<span class=\"elementor-screen-only\">Whatsapp<\/span>\n\t\t\t\t\t\t<i aria-hidden=\"true\" class=\"fab fa-whatsapp\"><\/i>\t\t\t\t\t<\/a>\n\t\t\t\t<\/span>\n\t\t\t\t\t<\/div>\n\t\t\t\t\t\t<\/div>\n\t\t\t\t<\/div>\n\t\t\t\t\t<\/div>\n\t\t<\/div>\n\t\t\t\t\t<\/div>\n\t\t<\/section>\n\t\t\t\t<section class=\"elementor-section elementor-top-section elementor-element elementor-element-629d88b elementor-section-full_width elementor-section-height-default elementor-section-height-default\" data-id=\"629d88b\" data-element_type=\"section\" data-e-type=\"section\">\n\t\t\t\t\t\t<div class=\"elementor-container elementor-column-gap-no\">\n\t\t\t\t\t<div class=\"elementor-column elementor-col-100 elementor-top-column elementor-element elementor-element-3a1d78f\" data-id=\"3a1d78f\" data-element_type=\"column\" data-e-type=\"column\">\n\t\t\t<div class=\"elementor-widget-wrap elementor-element-populated\">\n\t\t\t\t\t\t<div class=\"elementor-element elementor-element-89c407a elementor-hidden-tablet elementor-hidden-phone elementor-widget-divider--view-line elementor-widget elementor-widget-divider\" data-id=\"89c407a\" data-element_type=\"widget\" data-e-type=\"widget\" data-widget_type=\"divider.default\">\n\t\t\t\t<div class=\"elementor-widget-container\">\n\t\t\t\t\t\t\t<div class=\"elementor-divider\">\n\t\t\t<span class=\"elementor-divider-separator\">\n\t\t\t\t\t\t<\/span>\n\t\t<\/div>\n\t\t\t\t\t\t<\/div>\n\t\t\t\t<\/div>\n\t\t\t\t\t<\/div>\n\t\t<\/div>\n\t\t\t\t\t<\/div>\n\t\t<\/section>\n\t\t\t\t<section class=\"elementor-section elementor-top-section elementor-element elementor-element-8df3edb elementor-section-full_width elementor-section-content-middle elementor-section-height-default elementor-section-height-default\" data-id=\"8df3edb\" data-element_type=\"section\" data-e-type=\"section\">\n\t\t\t\t\t\t<div class=\"elementor-container elementor-column-gap-default\">\n\t\t\t\t\t<div class=\"elementor-column elementor-col-33 elementor-top-column elementor-element elementor-element-4634086\" data-id=\"4634086\" data-element_type=\"column\" data-e-type=\"column\">\n\t\t\t<div class=\"elementor-widget-wrap elementor-element-populated\">\n\t\t\t\t\t\t<div class=\"elementor-element elementor-element-643d4bd elementor-widget elementor-widget-theme-site-logo elementor-widget-image\" data-id=\"643d4bd\" data-element_type=\"widget\" data-e-type=\"widget\" data-widget_type=\"theme-site-logo.default\">\n\t\t\t\t<div class=\"elementor-widget-container\">\n\t\t\t\t\t\t\t\t\t\t\t<a href=\"https:\/\/www.conam.org.ar\/web\">\n\t\t\t<img decoding=\"async\" width=\"357\" height=\"109\" src=\"https:\/\/www.conam.org.ar\/web\/wp-content\/uploads\/2021\/03\/thumbnail_logo-sin-color-de-fondo.png\" class=\"attachment-full size-full wp-image-2800\" alt=\"\" srcset=\"https:\/\/www.conam.org.ar\/web\/wp-content\/uploads\/2021\/03\/thumbnail_logo-sin-color-de-fondo.png 357w, https:\/\/www.conam.org.ar\/web\/wp-content\/uploads\/2021\/03\/thumbnail_logo-sin-color-de-fondo-300x92.png 300w\" sizes=\"(max-width: 357px) 100vw, 357px\" \/>\t\t\t\t<\/a>\n\t\t\t\t\t\t\t\t\t\t\t<\/div>\n\t\t\t\t<\/div>\n\t\t\t\t\t<\/div>\n\t\t<\/div>\n\t\t\t\t<div class=\"elementor-column elementor-col-33 elementor-top-column elementor-element elementor-element-7ad5816\" data-id=\"7ad5816\" data-element_type=\"column\" data-e-type=\"column\">\n\t\t\t<div class=\"elementor-widget-wrap elementor-element-populated\">\n\t\t\t\t\t\t<div class=\"elementor-element elementor-element-1630c3a elementor-widget-tablet__width-initial elementor-hidden-desktop elementor-hidden-phone elementor-search-form--skin-classic elementor-search-form--button-type-icon elementor-search-form--icon-search elementor-widget elementor-widget-search-form\" data-id=\"1630c3a\" data-element_type=\"widget\" data-e-type=\"widget\" data-settings=\"{&quot;skin&quot;:&quot;classic&quot;}\" data-widget_type=\"search-form.default\">\n\t\t\t\t<div class=\"elementor-widget-container\">\n\t\t\t\t\t\t\t<search role=\"search\">\n\t\t\t<form class=\"elementor-search-form\" action=\"https:\/\/www.conam.org.ar\/web\" method=\"get\">\n\t\t\t\t\t\t\t\t\t\t\t\t<div class=\"elementor-search-form__container\">\n\t\t\t\t\t<label class=\"elementor-screen-only\" for=\"elementor-search-form-1630c3a\">Search<\/label>\n\n\t\t\t\t\t\n\t\t\t\t\t<input id=\"elementor-search-form-1630c3a\" placeholder=\"Buscar\" class=\"elementor-search-form__input\" type=\"search\" name=\"s\" value=\"\">\n\t\t\t\t\t\n\t\t\t\t\t\t\t\t\t\t\t<button class=\"elementor-search-form__submit\" type=\"submit\" aria-label=\"Search\">\n\t\t\t\t\t\t\t\t\t\t\t\t\t\t\t<i aria-hidden=\"true\" class=\"fas fa-search\"><\/i>\t\t\t\t\t\t\t\t\t\t\t\t\t<\/button>\n\t\t\t\t\t\n\t\t\t\t\t\t\t\t\t<\/div>\n\t\t\t<\/form>\n\t\t<\/search>\n\t\t\t\t\t\t<\/div>\n\t\t\t\t<\/div>\n\t\t\t\t<div class=\"elementor-element elementor-element-352c26d elementor-hidden-tablet elementor-widget elementor-widget-wp-widget-wpmegamenu_widget\" data-id=\"352c26d\" data-element_type=\"widget\" data-e-type=\"widget\" data-widget_type=\"wp-widget-wpmegamenu_widget.default\">\n\t\t\t\t<div class=\"elementor-widget-container\">\n\t\t\t\t\t<div id=\"wpmm-wrap-header_menu\" class=\"wp-megamenu-main-wrapper wpmm-ctheme-wrapper wpmm-hide-toggle wpmega-default-theme wpmega-enabled-mobile-menu wpmm-hideallicons-mobile  wpmm-toggle-accordion wpmm-onhover wpmm-orientation-horizontal  wpmm-flip-effect \"><div class=\"wpmegamenu-toggle wpmega-enabled-menutoggle\" data-responsive-breakpoint=\"910px\"><div class='wp-mega-toggle-block'><div class='wpmega-closeblock'><i class='dashicons dashicons-editor-justify'><\/i><\/div><div class='wpmega-openblock'><i class='dashicons dashicons-no'><\/i><\/div><div class='menutoggle'>Menu<\/div><\/div><\/div><ul id=\"wpmega-menu-header_menu\" class=\"wpmm-mega-wrapper wpmemgamenu-pro\" data-advanced-click=\"wpmm-click-submenu\" data-trigger-effect=\"wpmm-onhover\"><li class='menu-item menu-item-type-custom menu-item-object-custom menu-item-home menu-item-has-children wpmega-menu-flyout wpmega-show-arrow wpmm-menu-align-left wpmega-hide-menu-icon wpmega-flyout-horizontal-right menu-item-4097 menu-item-depth-0 wpmm-submenu-align-left no-dropdown' id='wp_nav_menu-item-4097'><a class=\"wp-mega-menu-link\" href=\"https:\/\/www.conam.org.ar\/web\/\"><span class=\"wpmm-mega-menu-href-title\">Institucional<\/span><\/a>\n<div class='wpmm-sub-menu-wrapper wpmm-menu0'><ul class=\"wp-mega-sub-menu\">\n\t<li class='menu-item menu-item-type-post_type menu-item-object-page wp-mega-menu-header wpmega-show-arrow wpmm-menu-align-left wpmega-hide-menu-icon menu-item-767 menu-item-depth-1 wpmm-submenu-align-left no-dropdown' id='wp_nav_menu-item-767'><a class=\"wp-mega-menu-link\" href=\"https:\/\/www.conam.org.ar\/web\/mision\/\"><span class=\"wpmm-mega-menu-href-title\">Misi\u00f3n y objetivos<\/span><\/a><\/li>\t<li class='menu-item menu-item-type-post_type menu-item-object-page wp-mega-menu-header wpmega-show-arrow wpmm-menu-align-left wpmega-hide-menu-icon menu-item-766 menu-item-depth-1 wpmm-submenu-align-left no-dropdown' id='wp_nav_menu-item-766'><a class=\"wp-mega-menu-link\" href=\"https:\/\/www.conam.org.ar\/web\/vision\/\"><span class=\"wpmm-mega-menu-href-title\">Visi\u00f3n<\/span><\/a><\/li>\t<li class='menu-item menu-item-type-post_type menu-item-object-page wp-mega-menu-header wpmega-show-arrow wpmm-menu-align-left wpmega-hide-menu-icon menu-item-765 menu-item-depth-1 wpmm-submenu-align-left no-dropdown' id='wp_nav_menu-item-765'><a class=\"wp-mega-menu-link\" href=\"https:\/\/www.conam.org.ar\/web\/sobre-conam\/\"><span class=\"wpmm-mega-menu-href-title\">Sobre CONAM<\/span><\/a><\/li>\t<li class='menu-item menu-item-type-post_type menu-item-object-page wp-mega-menu-header wpmega-show-arrow wpmm-menu-align-left wpmega-hide-menu-icon menu-item-3920 menu-item-depth-1 wpmm-submenu-align-left no-dropdown' id='wp_nav_menu-item-3920'><a class=\"wp-mega-menu-link\" href=\"https:\/\/www.conam.org.ar\/web\/estatutos\/\"><span class=\"wpmm-mega-menu-href-title\">Estatuto<\/span><\/a><\/li>\t<li class='menu-item menu-item-type-post_type menu-item-object-page wp-mega-menu-header wpmega-show-arrow wpmm-menu-align-left wpmega-hide-menu-icon menu-item-768 menu-item-depth-1 wpmm-submenu-align-left no-dropdown' id='wp_nav_menu-item-768'><a class=\"wp-mega-menu-link\" href=\"https:\/\/www.conam.org.ar\/web\/autoridades\/\"><span class=\"wpmm-mega-menu-href-title\">Autoridades<\/span><\/a><\/li><\/ul><\/div>\n<\/li><li class='menu-item menu-item-type-post_type menu-item-object-page wpmega-menu-flyout wpmega-show-arrow wpmm-menu-align-left wpmega-hide-menu-icon wpmega-flyout-horizontal-right menu-item-4052 menu-item-depth-0 wpmm-submenu-align-left no-dropdown' id='wp_nav_menu-item-4052'><a class=\"wp-mega-menu-link\" href=\"https:\/\/www.conam.org.ar\/web\/federaciones\/\"><span class=\"wpmm-mega-menu-href-title\">Federaciones<\/span><\/a><\/li><li class='menu-item menu-item-type-post_type menu-item-object-page menu-item-has-children wpmega-menu-flyout wpmega-show-arrow wpmm-menu-align-left wpmega-hide-menu-icon wpmega-flyout-horizontal-right menu-item-770 menu-item-depth-0 wpmm-submenu-align-left no-dropdown' id='wp_nav_menu-item-770'><a class=\"wp-mega-menu-link\" href=\"https:\/\/www.conam.org.ar\/web\/economia-solidaria\/\"><span class=\"wpmm-mega-menu-href-title\">Econom\u00eda Solidaria<\/span><\/a>\n<div class='wpmm-sub-menu-wrapper wpmm-menu0'><ul class=\"wp-mega-sub-menu\">\n\t<li class='menu-item menu-item-type-post_type menu-item-object-page wp-mega-menu-header wpmega-show-arrow wpmm-menu-align-left wpmega-hide-menu-icon menu-item-771 menu-item-depth-1 wpmm-submenu-align-left no-dropdown' id='wp_nav_menu-item-771'><a class=\"wp-mega-menu-link\" href=\"https:\/\/www.conam.org.ar\/web\/mutual-y-sus-principios\/\"><span class=\"wpmm-mega-menu-href-title\">Mutual y sus principios<\/span><\/a><\/li>\t<li class='menu-item menu-item-type-post_type menu-item-object-page wp-mega-menu-header wpmega-show-arrow wpmm-menu-align-left wpmega-hide-menu-icon menu-item-772 menu-item-depth-1 wpmm-submenu-align-left no-dropdown' id='wp_nav_menu-item-772'><a class=\"wp-mega-menu-link\" href=\"https:\/\/www.conam.org.ar\/web\/actividad-de-las-mutuales\/\"><span class=\"wpmm-mega-menu-href-title\">Actividad de las mutuales<\/span><\/a><\/li>\t<li class='menu-item menu-item-type-post_type menu-item-object-page wp-mega-menu-header wpmega-show-arrow wpmm-menu-align-left wpmega-hide-menu-icon menu-item-773 menu-item-depth-1 wpmm-submenu-align-left no-dropdown' id='wp_nav_menu-item-773'><a class=\"wp-mega-menu-link\" href=\"https:\/\/www.conam.org.ar\/web\/normativa\/\"><span class=\"wpmm-mega-menu-href-title\">Normativa<\/span><\/a><\/li><\/ul><\/div>\n<\/li><li class='menu-item menu-item-type-post_type menu-item-object-page wpmega-menu-flyout wpmega-show-arrow wpmm-menu-align-left wpmega-hide-menu-icon wpmega-flyout-horizontal-right menu-item-775 menu-item-depth-0 wpmm-submenu-align-left no-dropdown' id='wp_nav_menu-item-775'><a class=\"wp-mega-menu-link\" href=\"https:\/\/www.conam.org.ar\/web\/mutuales-en-red\/\"><span class=\"wpmm-mega-menu-href-title\">Servicios en red<\/span><\/a><\/li><li class='menu-item menu-item-type-post_type menu-item-object-page wpmega-menu-flyout wpmega-show-arrow wpmm-menu-align-left wpmega-hide-menu-icon wpmega-flyout-horizontal-right menu-item-1610 menu-item-depth-0 wpmm-submenu-align-left no-dropdown' id='wp_nav_menu-item-1610'><a class=\"wp-mega-menu-link\" href=\"https:\/\/www.conam.org.ar\/web\/novedades\/\"><span class=\"wpmm-mega-menu-href-title\">Novedades<\/span><\/a><\/li><\/ul><\/div>\t\t\t\t<\/div>\n\t\t\t\t<\/div>\n\t\t\t\t\t<\/div>\n\t\t<\/div>\n\t\t\t\t<div class=\"elementor-column elementor-col-33 elementor-top-column elementor-element elementor-element-f467f19\" data-id=\"f467f19\" data-element_type=\"column\" data-e-type=\"column\">\n\t\t\t<div class=\"elementor-widget-wrap elementor-element-populated\">\n\t\t\t\t\t\t<div class=\"elementor-element elementor-element-f6a9a59 elementor-widget-tablet__width-initial elementor-hidden-tablet elementor-hidden-mobile elementor-search-form--skin-classic elementor-search-form--button-type-icon elementor-search-form--icon-search elementor-widget elementor-widget-search-form\" data-id=\"f6a9a59\" data-element_type=\"widget\" data-e-type=\"widget\" data-settings=\"{&quot;skin&quot;:&quot;classic&quot;}\" data-widget_type=\"search-form.default\">\n\t\t\t\t<div class=\"elementor-widget-container\">\n\t\t\t\t\t\t\t<search role=\"search\">\n\t\t\t<form class=\"elementor-search-form\" action=\"https:\/\/www.conam.org.ar\/web\" method=\"get\">\n\t\t\t\t\t\t\t\t\t\t\t\t<div class=\"elementor-search-form__container\">\n\t\t\t\t\t<label class=\"elementor-screen-only\" for=\"elementor-search-form-f6a9a59\">Search<\/label>\n\n\t\t\t\t\t\n\t\t\t\t\t<input id=\"elementor-search-form-f6a9a59\" placeholder=\"Buscar\" class=\"elementor-search-form__input\" type=\"search\" name=\"s\" value=\"\">\n\t\t\t\t\t\n\t\t\t\t\t\t\t\t\t\t\t<button class=\"elementor-search-form__submit\" type=\"submit\" aria-label=\"Search\">\n\t\t\t\t\t\t\t\t\t\t\t\t\t\t\t<i aria-hidden=\"true\" class=\"fas fa-search\"><\/i>\t\t\t\t\t\t\t\t\t\t\t\t\t<\/button>\n\t\t\t\t\t\n\t\t\t\t\t\t\t\t\t<\/div>\n\t\t\t<\/form>\n\t\t<\/search>\n\t\t\t\t\t\t<\/div>\n\t\t\t\t<\/div>\n\t\t\t\t<div class=\"elementor-element elementor-element-3197658 elementor-hidden-desktop elementor-nav-menu--stretch elementor-nav-menu__align-center elementor-hidden-mobile elementor-nav-menu--dropdown-tablet elementor-nav-menu__text-align-aside elementor-nav-menu--toggle elementor-nav-menu--burger elementor-widget elementor-widget-nav-menu\" data-id=\"3197658\" data-element_type=\"widget\" data-e-type=\"widget\" data-settings=\"{&quot;full_width&quot;:&quot;stretch&quot;,&quot;layout&quot;:&quot;horizontal&quot;,&quot;submenu_icon&quot;:{&quot;value&quot;:&quot;&lt;i class=\\&quot;fas fa-caret-down\\&quot;&gt;&lt;\\\/i&gt;&quot;,&quot;library&quot;:&quot;fa-solid&quot;},&quot;toggle&quot;:&quot;burger&quot;}\" data-widget_type=\"nav-menu.default\">\n\t\t\t\t<div class=\"elementor-widget-container\">\n\t\t\t\t\t\t\t\t<nav aria-label=\"Menu\" class=\"elementor-nav-menu--main elementor-nav-menu__container elementor-nav-menu--layout-horizontal e--pointer-underline e--animation-fade\">\n\t\t\t\t<ul id=\"menu-1-3197658\" class=\"elementor-nav-menu\"><li class=\"menu-item menu-item-type-custom menu-item-object-custom menu-item-home menu-item-has-children menu-item-4097\"><a href=\"https:\/\/www.conam.org.ar\/web\/\" class=\"elementor-item\">Institucional<\/a>\n<ul class=\"sub-menu elementor-nav-menu--dropdown\">\n\t<li class=\"menu-item menu-item-type-post_type menu-item-object-page menu-item-767\"><a href=\"https:\/\/www.conam.org.ar\/web\/mision\/\" class=\"elementor-sub-item\">Misi\u00f3n y objetivos<\/a><\/li>\n\t<li class=\"menu-item menu-item-type-post_type menu-item-object-page menu-item-766\"><a href=\"https:\/\/www.conam.org.ar\/web\/vision\/\" class=\"elementor-sub-item\">Visi\u00f3n<\/a><\/li>\n\t<li class=\"menu-item menu-item-type-post_type menu-item-object-page menu-item-765\"><a href=\"https:\/\/www.conam.org.ar\/web\/sobre-conam\/\" class=\"elementor-sub-item\">Sobre CONAM<\/a><\/li>\n\t<li class=\"menu-item menu-item-type-post_type menu-item-object-page menu-item-3920\"><a href=\"https:\/\/www.conam.org.ar\/web\/estatutos\/\" class=\"elementor-sub-item\">Estatuto<\/a><\/li>\n\t<li class=\"menu-item menu-item-type-post_type menu-item-object-page menu-item-768\"><a href=\"https:\/\/www.conam.org.ar\/web\/autoridades\/\" class=\"elementor-sub-item\">Autoridades<\/a><\/li>\n<\/ul>\n<\/li>\n<li class=\"menu-item menu-item-type-post_type menu-item-object-page menu-item-4052\"><a href=\"https:\/\/www.conam.org.ar\/web\/federaciones\/\" class=\"elementor-item\">Federaciones<\/a><\/li>\n<li class=\"menu-item menu-item-type-post_type menu-item-object-page menu-item-has-children menu-item-770\"><a href=\"https:\/\/www.conam.org.ar\/web\/economia-solidaria\/\" class=\"elementor-item\">Econom\u00eda Solidaria<\/a>\n<ul class=\"sub-menu elementor-nav-menu--dropdown\">\n\t<li class=\"menu-item menu-item-type-post_type menu-item-object-page menu-item-771\"><a href=\"https:\/\/www.conam.org.ar\/web\/mutual-y-sus-principios\/\" class=\"elementor-sub-item\">Mutual y sus principios<\/a><\/li>\n\t<li class=\"menu-item menu-item-type-post_type menu-item-object-page menu-item-772\"><a href=\"https:\/\/www.conam.org.ar\/web\/actividad-de-las-mutuales\/\" class=\"elementor-sub-item\">Actividad de las mutuales<\/a><\/li>\n\t<li class=\"menu-item menu-item-type-post_type menu-item-object-page menu-item-773\"><a href=\"https:\/\/www.conam.org.ar\/web\/normativa\/\" class=\"elementor-sub-item\">Normativa<\/a><\/li>\n<\/ul>\n<\/li>\n<li class=\"menu-item menu-item-type-post_type menu-item-object-page menu-item-775\"><a href=\"https:\/\/www.conam.org.ar\/web\/mutuales-en-red\/\" class=\"elementor-item\">Servicios en red<\/a><\/li>\n<li class=\"menu-item menu-item-type-post_type menu-item-object-page menu-item-1610\"><a href=\"https:\/\/www.conam.org.ar\/web\/novedades\/\" class=\"elementor-item\">Novedades<\/a><\/li>\n<\/ul>\t\t\t<\/nav>\n\t\t\t\t\t<div class=\"elementor-menu-toggle\" role=\"button\" tabindex=\"0\" aria-label=\"Menu Toggle\" aria-expanded=\"false\">\n\t\t\t<i aria-hidden=\"true\" role=\"presentation\" class=\"elementor-menu-toggle__icon--open eicon-menu-bar\"><\/i><i aria-hidden=\"true\" role=\"presentation\" class=\"elementor-menu-toggle__icon--close eicon-close\"><\/i>\t\t<\/div>\n\t\t\t\t\t<nav class=\"elementor-nav-menu--dropdown elementor-nav-menu__container\" aria-hidden=\"true\">\n\t\t\t\t<ul id=\"menu-2-3197658\" class=\"elementor-nav-menu\"><li class=\"menu-item menu-item-type-custom menu-item-object-custom menu-item-home menu-item-has-children menu-item-4097\"><a href=\"https:\/\/www.conam.org.ar\/web\/\" class=\"elementor-item\" tabindex=\"-1\">Institucional<\/a>\n<ul class=\"sub-menu elementor-nav-menu--dropdown\">\n\t<li class=\"menu-item menu-item-type-post_type menu-item-object-page menu-item-767\"><a href=\"https:\/\/www.conam.org.ar\/web\/mision\/\" class=\"elementor-sub-item\" tabindex=\"-1\">Misi\u00f3n y objetivos<\/a><\/li>\n\t<li class=\"menu-item menu-item-type-post_type menu-item-object-page menu-item-766\"><a href=\"https:\/\/www.conam.org.ar\/web\/vision\/\" class=\"elementor-sub-item\" tabindex=\"-1\">Visi\u00f3n<\/a><\/li>\n\t<li class=\"menu-item menu-item-type-post_type menu-item-object-page menu-item-765\"><a href=\"https:\/\/www.conam.org.ar\/web\/sobre-conam\/\" class=\"elementor-sub-item\" tabindex=\"-1\">Sobre CONAM<\/a><\/li>\n\t<li class=\"menu-item menu-item-type-post_type menu-item-object-page menu-item-3920\"><a href=\"https:\/\/www.conam.org.ar\/web\/estatutos\/\" class=\"elementor-sub-item\" tabindex=\"-1\">Estatuto<\/a><\/li>\n\t<li class=\"menu-item menu-item-type-post_type menu-item-object-page menu-item-768\"><a href=\"https:\/\/www.conam.org.ar\/web\/autoridades\/\" class=\"elementor-sub-item\" tabindex=\"-1\">Autoridades<\/a><\/li>\n<\/ul>\n<\/li>\n<li class=\"menu-item menu-item-type-post_type menu-item-object-page menu-item-4052\"><a href=\"https:\/\/www.conam.org.ar\/web\/federaciones\/\" class=\"elementor-item\" tabindex=\"-1\">Federaciones<\/a><\/li>\n<li class=\"menu-item menu-item-type-post_type menu-item-object-page menu-item-has-children menu-item-770\"><a href=\"https:\/\/www.conam.org.ar\/web\/economia-solidaria\/\" class=\"elementor-item\" tabindex=\"-1\">Econom\u00eda Solidaria<\/a>\n<ul class=\"sub-menu elementor-nav-menu--dropdown\">\n\t<li class=\"menu-item menu-item-type-post_type menu-item-object-page menu-item-771\"><a href=\"https:\/\/www.conam.org.ar\/web\/mutual-y-sus-principios\/\" class=\"elementor-sub-item\" tabindex=\"-1\">Mutual y sus principios<\/a><\/li>\n\t<li class=\"menu-item menu-item-type-post_type menu-item-object-page menu-item-772\"><a href=\"https:\/\/www.conam.org.ar\/web\/actividad-de-las-mutuales\/\" class=\"elementor-sub-item\" tabindex=\"-1\">Actividad de las mutuales<\/a><\/li>\n\t<li class=\"menu-item menu-item-type-post_type menu-item-object-page menu-item-773\"><a href=\"https:\/\/www.conam.org.ar\/web\/normativa\/\" class=\"elementor-sub-item\" tabindex=\"-1\">Normativa<\/a><\/li>\n<\/ul>\n<\/li>\n<li class=\"menu-item menu-item-type-post_type menu-item-object-page menu-item-775\"><a href=\"https:\/\/www.conam.org.ar\/web\/mutuales-en-red\/\" class=\"elementor-item\" tabindex=\"-1\">Servicios en red<\/a><\/li>\n<li class=\"menu-item menu-item-type-post_type menu-item-object-page menu-item-1610\"><a href=\"https:\/\/www.conam.org.ar\/web\/novedades\/\" class=\"elementor-item\" tabindex=\"-1\">Novedades<\/a><\/li>\n<\/ul>\t\t\t<\/nav>\n\t\t\t\t\t\t<\/div>\n\t\t\t\t<\/div>\n\t\t\t\t\t<\/div>\n\t\t<\/div>\n\t\t\t\t\t<\/div>\n\t\t<\/section>\n\t\t\t\t<section class=\"elementor-section elementor-top-section elementor-element elementor-element-a540f51 elementor-section-full_width elementor-hidden-tablet elementor-hidden-phone elementor-section-height-default elementor-section-height-default\" data-id=\"a540f51\" data-element_type=\"section\" data-e-type=\"section\">\n\t\t\t\t\t\t<div class=\"elementor-container elementor-column-gap-default\">\n\t\t\t\t\t<div class=\"elementor-column elementor-col-100 elementor-top-column elementor-element elementor-element-e87a7ee\" data-id=\"e87a7ee\" data-element_type=\"column\" data-e-type=\"column\">\n\t\t\t<div class=\"elementor-widget-wrap elementor-element-populated\">\n\t\t\t\t\t\t<div class=\"elementor-element elementor-element-f563717 elementor-widget elementor-widget-spacer\" data-id=\"f563717\" data-element_type=\"widget\" data-e-type=\"widget\" data-widget_type=\"spacer.default\">\n\t\t\t\t<div class=\"elementor-widget-container\">\n\t\t\t\t\t\t\t<div class=\"elementor-spacer\">\n\t\t\t<div class=\"elementor-spacer-inner\"><\/div>\n\t\t<\/div>\n\t\t\t\t\t\t<\/div>\n\t\t\t\t<\/div>\n\t\t\t\t\t<\/div>\n\t\t<\/div>\n\t\t\t\t\t<\/div>\n\t\t<\/section>\n\t\t\t\t<\/div>\n\t\t<\/div>\n\t\t\t\t\t\t<\/div>\n\t\t\t\t<\/div>\n\t\t\t\t\t<\/div>\n\t\t<\/div>\n\t\t\t\t\t<\/div>\n\t\t<\/section>\n\t\t\t\t<section class=\"elementor-section elementor-top-section elementor-element elementor-element-13f17779 elementor-section-boxed elementor-section-height-default elementor-section-height-default\" data-id=\"13f17779\" data-element_type=\"section\" data-e-type=\"section\">\n\t\t\t\t\t\t<div class=\"elementor-container elementor-column-gap-default\">\n\t\t\t\t\t<div class=\"elementor-column elementor-col-100 elementor-top-column elementor-element elementor-element-6cd45517\" data-id=\"6cd45517\" data-element_type=\"column\" data-e-type=\"column\">\n\t\t\t<div class=\"elementor-widget-wrap elementor-element-populated\">\n\t\t\t\t\t\t<div class=\"elementor-element elementor-element-7076626d elementor-widget elementor-widget-heading\" data-id=\"7076626d\" data-element_type=\"widget\" data-e-type=\"widget\" data-widget_type=\"heading.default\">\n\t\t\t\t<div class=\"elementor-widget-container\">\n\t\t\t\t\t<h1 class=\"elementor-heading-title elementor-size-default\">\u201cEL PAPA ES DE TEMPERAMENTO SAJ\u00d3N PERO DE ESTILO DE VIDA LATINO\u201d, ENTREVISTA EXCLUSIVA AL OBISPO AUXILIAR MONSE\u00d1OR ALBERTO BOCHATEY, EN EL STREAMING MUTUALISTA \u201cMUTUALMENTE\u201d<\/h1>\t\t\t\t<\/div>\n\t\t\t\t<\/div>\n\t\t\t\t\t<\/div>\n\t\t<\/div>\n\t\t\t\t\t<\/div>\n\t\t<\/section>\n\t\t\t\t<section class=\"elementor-section elementor-top-section elementor-element elementor-element-4c6f63c3 elementor-section-boxed elementor-section-height-default elementor-section-height-default\" data-id=\"4c6f63c3\" data-element_type=\"section\" data-e-type=\"section\">\n\t\t\t\t\t\t<div class=\"elementor-container elementor-column-gap-default\">\n\t\t\t\t\t<div class=\"elementor-column elementor-col-100 elementor-top-column elementor-element elementor-element-613cbb59\" data-id=\"613cbb59\" data-element_type=\"column\" data-e-type=\"column\">\n\t\t\t<div class=\"elementor-widget-wrap elementor-element-populated\">\n\t\t\t\t\t\t<div class=\"elementor-element elementor-element-7523ae97 elementor-widget elementor-widget-image\" data-id=\"7523ae97\" data-element_type=\"widget\" data-e-type=\"widget\" data-widget_type=\"image.default\">\n\t\t\t\t<div class=\"elementor-widget-container\">\n\t\t\t\t\t\t\t\t\t\t\t\t\t\t\t<img fetchpriority=\"high\" decoding=\"async\" width=\"1318\" height=\"654\" src=\"https:\/\/www.conam.org.ar\/web\/wp-content\/uploads\/2025\/06\/ELPAPA1.png\" class=\"attachment-1536x1536 size-1536x1536 wp-image-16565\" alt=\"\" srcset=\"https:\/\/www.conam.org.ar\/web\/wp-content\/uploads\/2025\/06\/ELPAPA1.png 1318w, https:\/\/www.conam.org.ar\/web\/wp-content\/uploads\/2025\/06\/ELPAPA1-300x149.png 300w, https:\/\/www.conam.org.ar\/web\/wp-content\/uploads\/2025\/06\/ELPAPA1-1024x508.png 1024w, https:\/\/www.conam.org.ar\/web\/wp-content\/uploads\/2025\/06\/ELPAPA1-768x381.png 768w\" sizes=\"(max-width: 1318px) 100vw, 1318px\" \/>\t\t\t\t\t\t\t\t\t\t\t\t\t\t\t<\/div>\n\t\t\t\t<\/div>\n\t\t\t\t\t<\/div>\n\t\t<\/div>\n\t\t\t\t\t<\/div>\n\t\t<\/section>\n\t\t\t\t<section class=\"elementor-section elementor-top-section elementor-element elementor-element-17a52b2 elementor-section-boxed elementor-section-height-default elementor-section-height-default\" data-id=\"17a52b2\" data-element_type=\"section\" data-e-type=\"section\">\n\t\t\t\t\t\t<div class=\"elementor-container elementor-column-gap-default\">\n\t\t\t\t\t<div class=\"elementor-column elementor-col-50 elementor-top-column elementor-element elementor-element-68e128e1\" data-id=\"68e128e1\" data-element_type=\"column\" data-e-type=\"column\">\n\t\t\t<div class=\"elementor-widget-wrap elementor-element-populated\">\n\t\t\t\t\t\t<div class=\"elementor-element elementor-element-26bc277e elementor-widget-divider--view-line elementor-widget elementor-widget-divider\" data-id=\"26bc277e\" data-element_type=\"widget\" data-e-type=\"widget\" data-widget_type=\"divider.default\">\n\t\t\t\t<div class=\"elementor-widget-container\">\n\t\t\t\t\t\t\t<div class=\"elementor-divider\">\n\t\t\t<span class=\"elementor-divider-separator\">\n\t\t\t\t\t\t<\/span>\n\t\t<\/div>\n\t\t\t\t\t\t<\/div>\n\t\t\t\t<\/div>\n\t\t\t\t<div class=\"elementor-element elementor-element-5faf4456 elementor-shape-circle elementor-grid-mobile-0 elementor-grid-0 e-grid-align-center elementor-widget elementor-widget-social-icons\" data-id=\"5faf4456\" data-element_type=\"widget\" data-e-type=\"widget\" data-widget_type=\"social-icons.default\">\n\t\t\t\t<div class=\"elementor-widget-container\">\n\t\t\t\t\t\t\t<div class=\"elementor-social-icons-wrapper elementor-grid\" role=\"list\">\n\t\t\t\t\t\t\t<span class=\"elementor-grid-item\" role=\"listitem\">\n\t\t\t\t\t<a class=\"elementor-icon elementor-social-icon elementor-social-icon-facebook-f elementor-repeater-item-7e76215\" href=\"https:\/\/www.facebook.com\/ConamMutualismo\" target=\"_blank\">\n\t\t\t\t\t\t<span class=\"elementor-screen-only\">Facebook-f<\/span>\n\t\t\t\t\t\t<i aria-hidden=\"true\" class=\"fab fa-facebook-f\"><\/i>\t\t\t\t\t<\/a>\n\t\t\t\t<\/span>\n\t\t\t\t\t\t\t<span class=\"elementor-grid-item\" role=\"listitem\">\n\t\t\t\t\t<a class=\"elementor-icon elementor-social-icon elementor-social-icon-twitter elementor-repeater-item-f4248f0\" href=\"https:\/\/twitter.com\/conammutual?lang=es\" target=\"_blank\">\n\t\t\t\t\t\t<span class=\"elementor-screen-only\">Twitter<\/span>\n\t\t\t\t\t\t<i aria-hidden=\"true\" class=\"fab fa-twitter\"><\/i>\t\t\t\t\t<\/a>\n\t\t\t\t<\/span>\n\t\t\t\t\t\t\t<span class=\"elementor-grid-item\" role=\"listitem\">\n\t\t\t\t\t<a class=\"elementor-icon elementor-social-icon elementor-social-icon-instagram elementor-repeater-item-8b02ba4\" href=\"https:\/\/www.instagram.com\/conammutualismo\/\" target=\"_blank\">\n\t\t\t\t\t\t<span class=\"elementor-screen-only\">Instagram<\/span>\n\t\t\t\t\t\t<i aria-hidden=\"true\" class=\"fab fa-instagram\"><\/i>\t\t\t\t\t<\/a>\n\t\t\t\t<\/span>\n\t\t\t\t\t\t\t<span class=\"elementor-grid-item\" role=\"listitem\">\n\t\t\t\t\t<a class=\"elementor-icon elementor-social-icon elementor-social-icon-envelope elementor-repeater-item-742fba0\" target=\"_blank\">\n\t\t\t\t\t\t<span class=\"elementor-screen-only\">Envelope<\/span>\n\t\t\t\t\t\t<i aria-hidden=\"true\" class=\"far fa-envelope\"><\/i>\t\t\t\t\t<\/a>\n\t\t\t\t<\/span>\n\t\t\t\t\t\t\t<span class=\"elementor-grid-item\" role=\"listitem\">\n\t\t\t\t\t<a class=\"elementor-icon elementor-social-icon elementor-social-icon-youtube elementor-repeater-item-ace45c9\" href=\"https:\/\/www.youtube.com\/channel\/UC7KxMlgG6jBLkTb5_MT1Mag\" target=\"_blank\">\n\t\t\t\t\t\t<span class=\"elementor-screen-only\">Youtube<\/span>\n\t\t\t\t\t\t<i aria-hidden=\"true\" class=\"fab fa-youtube\"><\/i>\t\t\t\t\t<\/a>\n\t\t\t\t<\/span>\n\t\t\t\t\t<\/div>\n\t\t\t\t\t\t<\/div>\n\t\t\t\t<\/div>\n\t\t\t\t<div class=\"elementor-element elementor-element-6bb781bc elementor-widget-divider--view-line elementor-widget elementor-widget-divider\" data-id=\"6bb781bc\" data-element_type=\"widget\" data-e-type=\"widget\" data-widget_type=\"divider.default\">\n\t\t\t\t<div class=\"elementor-widget-container\">\n\t\t\t\t\t\t\t<div class=\"elementor-divider\">\n\t\t\t<span class=\"elementor-divider-separator\">\n\t\t\t\t\t\t<\/span>\n\t\t<\/div>\n\t\t\t\t\t\t<\/div>\n\t\t\t\t<\/div>\n\t\t\t\t<div class=\"elementor-element elementor-element-5f072bc8 elementor-widget elementor-widget-text-editor\" data-id=\"5f072bc8\" data-element_type=\"widget\" data-e-type=\"widget\" data-widget_type=\"text-editor.default\">\n\t\t\t\t<div class=\"elementor-widget-container\">\n\t\t\t\t\t\t\t\t\t<h4><strong>El Obispo Auxiliar de la Arquidi\u00f3cesis de La Plata, Monse\u00f1or Alberto Bochatey, fue entrevistado en el ciclo de streaming mutualista: \u201cMutualmente\u201d<\/strong>, de la Federaci\u00f3n de Mutuales Regional La Plata <a href=\"https:\/\/fmrlp.org.ar\/\"><strong>(FMRLP)<\/strong> <\/a><strong>e <a href=\"https:\/\/infocielo.com\/\">Info Cielo Play<\/a><\/strong>, el pasado 30 de mayo. En una charla profundamente espiritual, reflexiva y cercana, <strong>uno de los compa\u00f1eros y amigos cercanos del actual Papa Le\u00f3n XIV<\/strong> dej\u00f3 su visi\u00f3n sobre la actualidad religiosa, social y \u00e9tica, entrelazando experiencias personales con el pensamiento de la Iglesia sobre el rol del mutualismo, dejando an\u00e9cdotas imperdibles sobre el actual Sumo Pont\u00edfice.<\/h4>\t\t\t\t\t\t\t\t<\/div>\n\t\t\t\t<\/div>\n\t\t\t\t<div class=\"elementor-element elementor-element-7f56a09c elementor-widget elementor-widget-text-editor\" data-id=\"7f56a09c\" data-element_type=\"widget\" data-e-type=\"widget\" data-widget_type=\"text-editor.default\">\n\t\t\t\t<div class=\"elementor-widget-container\">\n\t\t\t\t\t\t\t\t\t<h4>Durante la entrevista, <strong>Monse\u00f1or Bochatey valor\u00f3 el trabajo de las mutuales y de la econom\u00eda social en general,<\/strong> reconociendo su profunda ra\u00edz en la doctrina social de la Iglesia, remont\u00e1ndose a los or\u00edgenes del cristianismo donde <strong>&#8220;dejaban todo lo que ten\u00edan, lo compart\u00edan y se pon\u00edan a trabajar para el otro&#8221;.<\/strong> Asimismo, <strong>destac\u00f3 el valor de iniciativas concretas como <a href=\"https:\/\/fmrlp.org.ar\/gran-inauguracion-de-consultorios-odontologicos-de-la-federacion-de-mutuales-regional-la-plata\/\">los consultorios odontol\u00f3gicos impulsados por la Federaci\u00f3n de Mutuales Regional La Plata<\/a><\/strong>, <strong>una obra que \u201cayuda a la gente m\u00e1s carenciada. Especialmente a aquellos mayores o con m\u00e1s dificultades econ\u00f3micas\u201d.<\/strong><\/h4>\t\t\t\t\t\t\t\t<\/div>\n\t\t\t\t<\/div>\n\t\t\t\t<div class=\"elementor-element elementor-element-78c455a1 elementor-widget elementor-widget-text-editor\" data-id=\"78c455a1\" data-element_type=\"widget\" data-e-type=\"widget\" data-widget_type=\"text-editor.default\">\n\t\t\t\t<div class=\"elementor-widget-container\">\n\t\t\t\t\t\t\t\t\t<h4>En otro tramo de la conversaci\u00f3n, el Obispo Auxiliar comparti\u00f3 aspectos personales de su formaci\u00f3n en la orden agustiniana y <strong>su relaci\u00f3n con el Papa Le\u00f3n XIV, a quien conoce desde hace a\u00f1os y con quien comparti\u00f3 estudios y tareas en Roma.<\/strong> Al respecto, lo describi\u00f3 como un hombre de <strong>&#8220;pocas palabras pero certeras&#8221;<\/strong> que <strong>&#8220;sabe escuchar muy bien&#8221; y que continuar\u00e1 el legado de Jorge Bergoglio, ya que \u201ctodo aquello que Francisco describi\u00f3 como la iglesia que debe ser, \u00e9l ya lo vivi\u00f3 en su vida\u201d<\/strong>, haciendo referencia a la misi\u00f3n pastoral en zonas pobres de Per\u00fa y el fuerte compromiso con una Iglesia cercana, sinodal y en salida. Asimismo, en un tono m\u00e1s personal, destac\u00f3: <strong>\u201cEst\u00e1 muy metido en las culturas nativas. Entiende el Qechua, por ejemplo. Es, sin duda, de temperamento saj\u00f3n, pero de estilo de vida latino\u201d.<\/strong><\/h4>\t\t\t\t\t\t\t\t<\/div>\n\t\t\t\t<\/div>\n\t\t\t\t<div class=\"elementor-element elementor-element-372f8625 elementor-widget elementor-widget-image\" data-id=\"372f8625\" data-element_type=\"widget\" data-e-type=\"widget\" data-widget_type=\"image.default\">\n\t\t\t\t<div class=\"elementor-widget-container\">\n\t\t\t\t\t\t\t\t\t\t\t\t\t\t\t<img decoding=\"async\" width=\"792\" height=\"508\" src=\"https:\/\/www.conam.org.ar\/web\/wp-content\/uploads\/2025\/06\/EL-PAPA-JUNTO-AL-OBISPO-ALBERTO-BOCHATEY.png\" class=\"attachment-1536x1536 size-1536x1536 wp-image-16585\" alt=\"\" srcset=\"https:\/\/www.conam.org.ar\/web\/wp-content\/uploads\/2025\/06\/EL-PAPA-JUNTO-AL-OBISPO-ALBERTO-BOCHATEY.png 792w, https:\/\/www.conam.org.ar\/web\/wp-content\/uploads\/2025\/06\/EL-PAPA-JUNTO-AL-OBISPO-ALBERTO-BOCHATEY-300x192.png 300w, https:\/\/www.conam.org.ar\/web\/wp-content\/uploads\/2025\/06\/EL-PAPA-JUNTO-AL-OBISPO-ALBERTO-BOCHATEY-768x493.png 768w\" sizes=\"(max-width: 792px) 100vw, 792px\" \/>\t\t\t\t\t\t\t\t\t\t\t\t\t\t\t<\/div>\n\t\t\t\t<\/div>\n\t\t\t\t<div class=\"elementor-element elementor-element-74bec52c elementor-widget elementor-widget-text-editor\" data-id=\"74bec52c\" data-element_type=\"widget\" data-e-type=\"widget\" data-widget_type=\"text-editor.default\">\n\t\t\t\t<div class=\"elementor-widget-container\">\n\t\t\t\t\t\t\t\t\t<h4><strong>\u201cMutualmente\u201d,<\/strong> a cargo del reconocido periodista bonaerense Adri\u00e1n Belinche, <strong>ya lleva 9 emisiones realizadas a trav\u00e9s del canal de Youtube de Infocielo Play, con la participaci\u00f3n de referentes y figuras destacadas del \u00e1mbito acad\u00e9mico, mutual, pol\u00edtico, religioso y social.<\/strong> La Presidente de CONAM, <strong><a href=\"https:\/\/www.youtube.com\/watch?v=bAcfgnz6xwI&amp;t=1057s\">Rosa B. Rodr\u00edguez<\/a><\/strong>; el Vicepresidente de la Confederaci\u00f3n, <strong><a href=\"https:\/\/www.youtube.com\/watch?v=SvS9yUAvnhw&amp;t=13s\">Carlos Gaskin<\/a><\/strong>; el titular de la Organizaci\u00f3n de Entidades Mutuales de las Am\u00e9ricas <strong>(ODEMA)<\/strong>, Andr\u00e9s Rom\u00e1n; la Secretaria General de UTEDYC La Plata, <a href=\"https:\/\/www.youtube.com\/watch?v=3nF-fhYpHok&amp;t=23s\"><strong>Mari\u00e1ngeles Sot\u00e9s<\/strong><\/a>; <strong>ya participaron en las primeras emisiones del programa, compartiendo sus visiones y sensaciones sobre la actualidad del pa\u00eds.<\/strong><\/h4>\t\t\t\t\t\t\t\t<\/div>\n\t\t\t\t<\/div>\n\t\t\t\t<div class=\"elementor-element elementor-element-ccc20be elementor-widget elementor-widget-video\" data-id=\"ccc20be\" data-element_type=\"widget\" data-e-type=\"widget\" data-settings=\"{&quot;youtube_url&quot;:&quot;https:\\\/\\\/www.youtube.com\\\/watch?v=7ywyI1vlbTM&amp;t=891s&quot;,&quot;video_type&quot;:&quot;youtube&quot;,&quot;controls&quot;:&quot;yes&quot;}\" data-widget_type=\"video.default\">\n\t\t\t\t<div class=\"elementor-widget-container\">\n\t\t\t\t\t\t\t<div class=\"elementor-wrapper elementor-open-inline\">\n\t\t\t<div class=\"elementor-video\"><\/div>\t\t<\/div>\n\t\t\t\t\t\t<\/div>\n\t\t\t\t<\/div>\n\t\t\t\t<div class=\"elementor-element elementor-element-cff796e elementor-widget elementor-widget-text-editor\" data-id=\"cff796e\" data-element_type=\"widget\" data-e-type=\"widget\" data-widget_type=\"text-editor.default\">\n\t\t\t\t<div class=\"elementor-widget-container\">\n\t\t\t\t\t\t\t\t\t<h4><strong>Compartimos la entrevista completa a Monse\u00f1or Alberto Bochatey y debajo los principales temas de una entrevista sumamente reflexiva:<\/strong><\/h4>\t\t\t\t\t\t\t\t<\/div>\n\t\t\t\t<\/div>\n\t\t\t\t<div class=\"elementor-element elementor-element-76ac8fa elementor-widget elementor-widget-text-editor\" data-id=\"76ac8fa\" data-element_type=\"widget\" data-e-type=\"widget\" data-widget_type=\"text-editor.default\">\n\t\t\t\t<div class=\"elementor-widget-container\">\n\t\t\t\t\t\t\t\t\t<h3><strong>EL MUTUALISMO Y SU \u201cANCLAJE EN LA DOCTRINA SOCIAL DE LA IGLESIA\u201d<\/strong><\/h3><p>Monse\u00f1or Bochatey expres\u00f3 un fuerte reconocimiento al rol del mutualismo en la ayuda comunitaria, destacando su v\u00ednculo con la doctrina social de la Iglesia. Valor\u00f3 las iniciativas solidarias de la Federaci\u00f3n de Mutuales Regional La Plata, como los consultorios odontol\u00f3gicos para sectores vulnerables, y destac\u00f3 la importancia de la econom\u00eda social, que busca asociarse para resolver problemas en la comunidad, sin fines de lucro. Afirm\u00f3 que desde los inicios, Jes\u00fas convoc\u00f3 a su comunidad a compartir y vivir en com\u00fan para que a nadie le faltara nada.<\/p><h3><strong>DESAF\u00cdOS DE LA IGLESIA EN EL SIGLO XXI<\/strong><\/h3><p>Bochatey identific\u00f3 como principal desaf\u00edo la parte humana social: \u201cEstamos en el tercer milenio, en el siglo XXI, y no hay todav\u00eda cloacas o falta el agua\u201d. Asimismo, sum\u00f3 como problem\u00e1ticas el hambre y la malnutrici\u00f3n infantil, haciendo referencia tambi\u00e9n a la importancia de la reconstrucci\u00f3n del tejido familiar y la necesidad de una cultura del trabajo renovada, adaptada a las nuevas tecnolog\u00edas y a la evoluci\u00f3n del mercado laboral: \u201cNo nos tiene que dar miedo la modernidad, nos tiene que dar miedo quedarnos o que el gobierno o los gobiernos o las instituciones no nos modernicen. Debemos avanzar y caminar hacia delante\u201d.<\/p><p>Llam\u00f3 a una conversi\u00f3n \u00e9tica y a una mejor distribuci\u00f3n de los recursos, preocupado por la corrupci\u00f3n y abogando por una sociedad m\u00e1s justa, con valores s\u00f3lidos y proyectos realistas.<\/p><h3><strong>LE\u00d3N XIV: CONTINUIDAD PERO CON RENOVACI\u00d3N<\/strong><\/h3><p>Seg\u00fan el Obispo Auxiliar, el nuevo Papa dar\u00e1 continuidad al legado de Francisco con un estilo propio, pero fiel a una misma l\u00ednea eclesial. Destac\u00f3 su humildad, capacidad de escucha y compromiso con los pueblos originarios y los m\u00e1s vulnerables, forjado en su labor misionera en Per\u00fa. Lo describi\u00f3 como un hombre sereno, con sentido del humor y sensibilidad pastoral. Asimismo, revel\u00f3 su emoci\u00f3n y sorpresa al enterarse de la elecci\u00f3n del Papa, destacando que Le\u00f3n XIV ya viv\u00eda en su vida pastoral lo que Francisco promov\u00eda como ideal: una Iglesia misionera, en salida, cercana a los pobres y comprometida con la paz.<\/p><h3><strong>UN OBISPO ESPECIALISTA EN BIO\u00c9TICA<\/strong><\/h3><p>Especialista en teolog\u00eda moral y bio\u00e9tica con m\u00e1s de 30 a\u00f1os de estudios, Bochatey explic\u00f3 que esta disciplina se ocupa de los dilemas \u00e9ticos en torno a la vida, la salud y la tecnolog\u00eda. Subray\u00f3 que su enfoque defiende una perspectiva humanista que respeta la vida desde la concepci\u00f3n hasta la muerte natural.<\/p><h3><strong>LA REALIDAD DE LA ARQUIDI\u00d3CESIS DE LA PLATA<\/strong><\/h3><p>Describi\u00f3 a la di\u00f3cesis como diversa, con fuerte presencia del Estado, universidades y estudiantes. A pesar de ser porte\u00f1o de origen, dijo sentirse adoptado y querido por la comunidad platense. Resalt\u00f3 que la labor pastoral debe adaptarse a una ciudad donde conviven lo p\u00fablico, lo acad\u00e9mico y lo social.<\/p>\t\t\t\t\t\t\t\t<\/div>\n\t\t\t\t<\/div>\n\t\t\t\t<div class=\"elementor-element elementor-element-87f4c64 elementor-widget elementor-widget-image\" data-id=\"87f4c64\" data-element_type=\"widget\" data-e-type=\"widget\" data-widget_type=\"image.default\">\n\t\t\t\t<div class=\"elementor-widget-container\">\n\t\t\t\t\t\t\t\t\t\t\t\t\t\t\t<img loading=\"lazy\" decoding=\"async\" width=\"1024\" height=\"504\" src=\"https:\/\/www.conam.org.ar\/web\/wp-content\/uploads\/2025\/06\/OBISPO-ALBERTO-BOCHATEY-2-1024x504.png\" class=\"attachment-large size-large wp-image-16589\" alt=\"\" srcset=\"https:\/\/www.conam.org.ar\/web\/wp-content\/uploads\/2025\/06\/OBISPO-ALBERTO-BOCHATEY-2-1024x504.png 1024w, https:\/\/www.conam.org.ar\/web\/wp-content\/uploads\/2025\/06\/OBISPO-ALBERTO-BOCHATEY-2-300x148.png 300w, https:\/\/www.conam.org.ar\/web\/wp-content\/uploads\/2025\/06\/OBISPO-ALBERTO-BOCHATEY-2-768x378.png 768w, https:\/\/www.conam.org.ar\/web\/wp-content\/uploads\/2025\/06\/OBISPO-ALBERTO-BOCHATEY-2.png 1334w\" sizes=\"(max-width: 1024px) 100vw, 1024px\" \/>\t\t\t\t\t\t\t\t\t\t\t\t\t\t\t<\/div>\n\t\t\t\t<\/div>\n\t\t\t\t\t<\/div>\n\t\t<\/div>\n\t\t\t\t<div class=\"elementor-column elementor-col-50 elementor-top-column elementor-element elementor-element-38920484 elementor-hidden-phone\" data-id=\"38920484\" data-element_type=\"column\" data-e-type=\"column\">\n\t\t\t<div class=\"elementor-widget-wrap elementor-element-populated\">\n\t\t\t\t\t\t<div class=\"elementor-element elementor-element-40bed22c elementor-widget elementor-widget-shortcode\" data-id=\"40bed22c\" data-element_type=\"widget\" data-e-type=\"widget\" data-widget_type=\"shortcode.default\">\n\t\t\t\t<div class=\"elementor-widget-container\">\n\t\t\t\t\t\t\t<div class=\"elementor-shortcode\">\t\t<div data-elementor-type=\"single-page\" data-elementor-id=\"16562\" class=\"elementor elementor-16562\" data-elementor-post-type=\"elementor_library\">\n\t\t\t\t\t<section class=\"elementor-section elementor-top-section elementor-element elementor-element-f02303f elementor-section-boxed elementor-section-height-default elementor-section-height-default\" data-id=\"f02303f\" data-element_type=\"section\" data-e-type=\"section\">\n\t\t\t\t\t\t<div class=\"elementor-container elementor-column-gap-default\">\n\t\t\t\t\t<div class=\"elementor-column elementor-col-100 elementor-top-column elementor-element elementor-element-7423582 elementor-hidden-phone\" data-id=\"7423582\" data-element_type=\"column\" data-e-type=\"column\">\n\t\t\t<div class=\"elementor-widget-wrap elementor-element-populated\">\n\t\t\t\t\t\t<div class=\"elementor-element elementor-element-4ba6ff5 elementor-widget elementor-widget-spacer\" data-id=\"4ba6ff5\" data-element_type=\"widget\" data-e-type=\"widget\" data-widget_type=\"spacer.default\">\n\t\t\t\t<div class=\"elementor-widget-container\">\n\t\t\t\t\t\t\t<div class=\"elementor-spacer\">\n\t\t\t<div class=\"elementor-spacer-inner\"><\/div>\n\t\t<\/div>\n\t\t\t\t\t\t<\/div>\n\t\t\t\t<\/div>\n\t\t\t\t<div class=\"elementor-element elementor-element-3776301 elementor-widget elementor-widget-heading\" data-id=\"3776301\" data-element_type=\"widget\" data-e-type=\"widget\" data-widget_type=\"heading.default\">\n\t\t\t\t<div class=\"elementor-widget-container\">\n\t\t\t\t\t<h1 class=\"elementor-heading-title elementor-size-default\">\u00a1SEGUINOS EN REDES!<\/h1>\t\t\t\t<\/div>\n\t\t\t\t<\/div>\n\t\t\t\t<div class=\"elementor-element elementor-element-5361de5 elementor-widget elementor-widget-spacer\" data-id=\"5361de5\" data-element_type=\"widget\" data-e-type=\"widget\" data-widget_type=\"spacer.default\">\n\t\t\t\t<div class=\"elementor-widget-container\">\n\t\t\t\t\t\t\t<div class=\"elementor-spacer\">\n\t\t\t<div class=\"elementor-spacer-inner\"><\/div>\n\t\t<\/div>\n\t\t\t\t\t\t<\/div>\n\t\t\t\t<\/div>\n\t\t\t\t<div class=\"elementor-element elementor-element-79e5d43 elementor-widget elementor-widget-image\" data-id=\"79e5d43\" data-element_type=\"widget\" data-e-type=\"widget\" data-widget_type=\"image.default\">\n\t\t\t\t<div class=\"elementor-widget-container\">\n\t\t\t\t\t\t\t\t\t\t\t\t\t\t\t\t<a href=\"https:\/\/www.instagram.com\/conammutualismo\/\">\n\t\t\t\t\t\t\t<img loading=\"lazy\" decoding=\"async\" width=\"768\" height=\"768\" src=\"https:\/\/www.conam.org.ar\/web\/wp-content\/uploads\/2025\/05\/TEMPLATE-DE-INSTAGRAM-PARA-LA-WEB-DE-CONAM-768x768.png\" class=\"attachment-medium_large size-medium_large wp-image-16549\" alt=\"\" srcset=\"https:\/\/www.conam.org.ar\/web\/wp-content\/uploads\/2025\/05\/TEMPLATE-DE-INSTAGRAM-PARA-LA-WEB-DE-CONAM-768x768.png 768w, https:\/\/www.conam.org.ar\/web\/wp-content\/uploads\/2025\/05\/TEMPLATE-DE-INSTAGRAM-PARA-LA-WEB-DE-CONAM-300x300.png 300w, https:\/\/www.conam.org.ar\/web\/wp-content\/uploads\/2025\/05\/TEMPLATE-DE-INSTAGRAM-PARA-LA-WEB-DE-CONAM-1024x1024.png 1024w, https:\/\/www.conam.org.ar\/web\/wp-content\/uploads\/2025\/05\/TEMPLATE-DE-INSTAGRAM-PARA-LA-WEB-DE-CONAM-150x150.png 150w, https:\/\/www.conam.org.ar\/web\/wp-content\/uploads\/2025\/05\/TEMPLATE-DE-INSTAGRAM-PARA-LA-WEB-DE-CONAM-120x120.png 120w, https:\/\/www.conam.org.ar\/web\/wp-content\/uploads\/2025\/05\/TEMPLATE-DE-INSTAGRAM-PARA-LA-WEB-DE-CONAM-105x105.png 105w, https:\/\/www.conam.org.ar\/web\/wp-content\/uploads\/2025\/05\/TEMPLATE-DE-INSTAGRAM-PARA-LA-WEB-DE-CONAM-570x570.png 570w, https:\/\/www.conam.org.ar\/web\/wp-content\/uploads\/2025\/05\/TEMPLATE-DE-INSTAGRAM-PARA-LA-WEB-DE-CONAM-380x380.png 380w, https:\/\/www.conam.org.ar\/web\/wp-content\/uploads\/2025\/05\/TEMPLATE-DE-INSTAGRAM-PARA-LA-WEB-DE-CONAM-285x285.png 285w, https:\/\/www.conam.org.ar\/web\/wp-content\/uploads\/2025\/05\/TEMPLATE-DE-INSTAGRAM-PARA-LA-WEB-DE-CONAM.png 1080w\" sizes=\"(max-width: 768px) 100vw, 768px\" \/>\t\t\t\t\t\t\t\t<\/a>\n\t\t\t\t\t\t\t\t\t\t\t\t\t\t\t<\/div>\n\t\t\t\t<\/div>\n\t\t\t\t<div class=\"elementor-element elementor-element-63ae0c9 elementor-widget elementor-widget-spacer\" data-id=\"63ae0c9\" data-element_type=\"widget\" data-e-type=\"widget\" data-widget_type=\"spacer.default\">\n\t\t\t\t<div class=\"elementor-widget-container\">\n\t\t\t\t\t\t\t<div class=\"elementor-spacer\">\n\t\t\t<div class=\"elementor-spacer-inner\"><\/div>\n\t\t<\/div>\n\t\t\t\t\t\t<\/div>\n\t\t\t\t<\/div>\n\t\t\t\t<div class=\"elementor-element elementor-element-6f602ae elementor-widget elementor-widget-image\" data-id=\"6f602ae\" data-element_type=\"widget\" data-e-type=\"widget\" data-widget_type=\"image.default\">\n\t\t\t\t<div class=\"elementor-widget-container\">\n\t\t\t\t\t\t\t\t\t\t\t\t\t\t\t\t<a href=\"https:\/\/x.com\/ConamMutual\">\n\t\t\t\t\t\t\t<img loading=\"lazy\" decoding=\"async\" width=\"768\" height=\"768\" src=\"https:\/\/www.conam.org.ar\/web\/wp-content\/uploads\/2025\/05\/TEMPLATE-DE-X-PARA-LA-WEB-DE-CONAM-768x768.png\" class=\"attachment-medium_large size-medium_large wp-image-16548\" alt=\"\" srcset=\"https:\/\/www.conam.org.ar\/web\/wp-content\/uploads\/2025\/05\/TEMPLATE-DE-X-PARA-LA-WEB-DE-CONAM-768x768.png 768w, https:\/\/www.conam.org.ar\/web\/wp-content\/uploads\/2025\/05\/TEMPLATE-DE-X-PARA-LA-WEB-DE-CONAM-300x300.png 300w, https:\/\/www.conam.org.ar\/web\/wp-content\/uploads\/2025\/05\/TEMPLATE-DE-X-PARA-LA-WEB-DE-CONAM-1024x1024.png 1024w, https:\/\/www.conam.org.ar\/web\/wp-content\/uploads\/2025\/05\/TEMPLATE-DE-X-PARA-LA-WEB-DE-CONAM-150x150.png 150w, https:\/\/www.conam.org.ar\/web\/wp-content\/uploads\/2025\/05\/TEMPLATE-DE-X-PARA-LA-WEB-DE-CONAM-120x120.png 120w, https:\/\/www.conam.org.ar\/web\/wp-content\/uploads\/2025\/05\/TEMPLATE-DE-X-PARA-LA-WEB-DE-CONAM-105x105.png 105w, https:\/\/www.conam.org.ar\/web\/wp-content\/uploads\/2025\/05\/TEMPLATE-DE-X-PARA-LA-WEB-DE-CONAM-570x570.png 570w, https:\/\/www.conam.org.ar\/web\/wp-content\/uploads\/2025\/05\/TEMPLATE-DE-X-PARA-LA-WEB-DE-CONAM-380x380.png 380w, https:\/\/www.conam.org.ar\/web\/wp-content\/uploads\/2025\/05\/TEMPLATE-DE-X-PARA-LA-WEB-DE-CONAM-285x285.png 285w, https:\/\/www.conam.org.ar\/web\/wp-content\/uploads\/2025\/05\/TEMPLATE-DE-X-PARA-LA-WEB-DE-CONAM.png 1080w\" sizes=\"(max-width: 768px) 100vw, 768px\" \/>\t\t\t\t\t\t\t\t<\/a>\n\t\t\t\t\t\t\t\t\t\t\t\t\t\t\t<\/div>\n\t\t\t\t<\/div>\n\t\t\t\t<div class=\"elementor-element elementor-element-535588b elementor-widget elementor-widget-spacer\" data-id=\"535588b\" data-element_type=\"widget\" data-e-type=\"widget\" data-widget_type=\"spacer.default\">\n\t\t\t\t<div class=\"elementor-widget-container\">\n\t\t\t\t\t\t\t<div class=\"elementor-spacer\">\n\t\t\t<div class=\"elementor-spacer-inner\"><\/div>\n\t\t<\/div>\n\t\t\t\t\t\t<\/div>\n\t\t\t\t<\/div>\n\t\t\t\t<div class=\"elementor-element elementor-element-15820c5 elementor-widget elementor-widget-heading\" data-id=\"15820c5\" data-element_type=\"widget\" data-e-type=\"widget\" data-widget_type=\"heading.default\">\n\t\t\t\t<div class=\"elementor-widget-container\">\n\t\t\t\t\t<h1 class=\"elementor-heading-title elementor-size-default\">CONAM MEDIA<\/h1>\t\t\t\t<\/div>\n\t\t\t\t<\/div>\n\t\t\t\t<div class=\"elementor-element elementor-element-46069e0 elementor-widget elementor-widget-image\" data-id=\"46069e0\" data-element_type=\"widget\" data-e-type=\"widget\" data-widget_type=\"image.default\">\n\t\t\t\t<div class=\"elementor-widget-container\">\n\t\t\t\t\t\t\t\t\t\t\t\t\t\t\t\t<a href=\"https:\/\/www.youtube.com\/channel\/UC7KxMlgG6jBLkTb5_MT1Mag\">\n\t\t\t\t\t\t\t<img loading=\"lazy\" decoding=\"async\" width=\"768\" height=\"768\" src=\"https:\/\/www.conam.org.ar\/web\/wp-content\/uploads\/2021\/03\/20_20210412_204328_0019-1-768x768.png\" class=\"attachment-medium_large size-medium_large wp-image-4632\" alt=\"\" srcset=\"https:\/\/www.conam.org.ar\/web\/wp-content\/uploads\/2021\/03\/20_20210412_204328_0019-1-768x768.png 768w, https:\/\/www.conam.org.ar\/web\/wp-content\/uploads\/2021\/03\/20_20210412_204328_0019-1-300x300.png 300w, https:\/\/www.conam.org.ar\/web\/wp-content\/uploads\/2021\/03\/20_20210412_204328_0019-1-1024x1024.png 1024w, https:\/\/www.conam.org.ar\/web\/wp-content\/uploads\/2021\/03\/20_20210412_204328_0019-1-150x150.png 150w, https:\/\/www.conam.org.ar\/web\/wp-content\/uploads\/2021\/03\/20_20210412_204328_0019-1-120x120.png 120w, https:\/\/www.conam.org.ar\/web\/wp-content\/uploads\/2021\/03\/20_20210412_204328_0019-1-105x105.png 105w, https:\/\/www.conam.org.ar\/web\/wp-content\/uploads\/2021\/03\/20_20210412_204328_0019-1-570x570.png 570w, https:\/\/www.conam.org.ar\/web\/wp-content\/uploads\/2021\/03\/20_20210412_204328_0019-1-380x380.png 380w, https:\/\/www.conam.org.ar\/web\/wp-content\/uploads\/2021\/03\/20_20210412_204328_0019-1-285x285.png 285w, https:\/\/www.conam.org.ar\/web\/wp-content\/uploads\/2021\/03\/20_20210412_204328_0019-1.png 1080w\" sizes=\"(max-width: 768px) 100vw, 768px\" \/>\t\t\t\t\t\t\t\t<\/a>\n\t\t\t\t\t\t\t\t\t\t\t\t\t\t\t<\/div>\n\t\t\t\t<\/div>\n\t\t\t\t\t<\/div>\n\t\t<\/div>\n\t\t\t\t\t<\/div>\n\t\t<\/section>\n\t\t\t\t<\/div>\n\t\t<\/div>\n\t\t\t\t\t\t<\/div>\n\t\t\t\t<\/div>\n\t\t\t\t\t<\/div>\n\t\t<\/div>\n\t\t\t\t\t<\/div>\n\t\t<\/section>\n\t\t\t\t<section class=\"elementor-section elementor-top-section elementor-element elementor-element-7a8f1ce elementor-section-full_width elementor-section-height-default elementor-section-height-default\" data-id=\"7a8f1ce\" data-element_type=\"section\" data-e-type=\"section\">\n\t\t\t\t\t\t<div class=\"elementor-container elementor-column-gap-default\">\n\t\t\t\t\t<div class=\"elementor-column elementor-col-100 elementor-top-column elementor-element elementor-element-284de83e\" data-id=\"284de83e\" data-element_type=\"column\" data-e-type=\"column\">\n\t\t\t<div class=\"elementor-widget-wrap elementor-element-populated\">\n\t\t\t\t\t\t<div class=\"elementor-element elementor-element-998fb81 elementor-widget elementor-widget-shortcode\" data-id=\"998fb81\" data-element_type=\"widget\" data-e-type=\"widget\" data-widget_type=\"shortcode.default\">\n\t\t\t\t<div class=\"elementor-widget-container\">\n\t\t\t\t\t\t\t<div class=\"elementor-shortcode\">\t\t<div data-elementor-type=\"footer\" data-elementor-id=\"4235\" class=\"elementor elementor-4235\" data-elementor-post-type=\"elementor_library\">\n\t\t\t\t\t<section class=\"elementor-section elementor-top-section elementor-element elementor-element-f02ad73 elementor-section-boxed elementor-section-height-default elementor-section-height-default\" data-id=\"f02ad73\" data-element_type=\"section\" data-e-type=\"section\">\n\t\t\t\t\t\t<div class=\"elementor-container elementor-column-gap-default\">\n\t\t\t\t\t<div class=\"elementor-column elementor-col-100 elementor-top-column elementor-element elementor-element-eef0fef\" data-id=\"eef0fef\" data-element_type=\"column\" data-e-type=\"column\">\n\t\t\t<div class=\"elementor-widget-wrap elementor-element-populated\">\n\t\t\t\t\t\t<div class=\"elementor-element elementor-element-a83cf47 elementor-widget elementor-widget-heading\" data-id=\"a83cf47\" data-element_type=\"widget\" data-e-type=\"widget\" data-widget_type=\"heading.default\">\n\t\t\t\t<div class=\"elementor-widget-container\">\n\t\t\t\t\t<h1 class=\"elementor-heading-title elementor-size-default\">VER M\u00c1S<\/h1>\t\t\t\t<\/div>\n\t\t\t\t<\/div>\n\t\t\t\t<div class=\"elementor-element elementor-element-6738753 elementor-widget elementor-widget-shortcode\" data-id=\"6738753\" data-element_type=\"widget\" data-e-type=\"widget\" data-widget_type=\"shortcode.default\">\n\t\t\t\t<div class=\"elementor-widget-container\">\n\t\t\t\t\t\t\t<div class=\"elementor-shortcode\">        <div class=\"wcp-carousel-main-wrap rpc-crsl-5 default\">\r\n        <section class=\"wcp-slick  matchheightenable\"   data-dots = on data-pauseonhover = on data-slidesToShow = 4 data-slidesToShowmob = 1 data-slidesToScroll = 1 data-cssEase = ease data-arrows = on id=\"carousel-3981\">\r\n\r\n                            <div class=\"slick-slide carousel-item-17736\">\r\n                    <figure class=\"rpc-style-5 rpc-wrapper\">\r\n  <div class=\"image\">\r\n    <div class=\"fixed-height-image\"><img loading=\"lazy\" decoding=\"async\" width=\"1638\" height=\"1070\" src=\"https:\/\/www.conam.org.ar\/web\/wp-content\/uploads\/2026\/04\/FEDETUR-Primer-Encuentro-Binacional-de-Mutuales-de-Turismo-en-PARAGUAY-2.jpeg\" class=\"attachment-2048x2048 size-2048x2048 wp-post-image\" alt=\"\" srcset=\"https:\/\/www.conam.org.ar\/web\/wp-content\/uploads\/2026\/04\/FEDETUR-Primer-Encuentro-Binacional-de-Mutuales-de-Turismo-en-PARAGUAY-2.jpeg 1638w, https:\/\/www.conam.org.ar\/web\/wp-content\/uploads\/2026\/04\/FEDETUR-Primer-Encuentro-Binacional-de-Mutuales-de-Turismo-en-PARAGUAY-2-300x196.jpeg 300w, https:\/\/www.conam.org.ar\/web\/wp-content\/uploads\/2026\/04\/FEDETUR-Primer-Encuentro-Binacional-de-Mutuales-de-Turismo-en-PARAGUAY-2-1024x669.jpeg 1024w, https:\/\/www.conam.org.ar\/web\/wp-content\/uploads\/2026\/04\/FEDETUR-Primer-Encuentro-Binacional-de-Mutuales-de-Turismo-en-PARAGUAY-2-768x502.jpeg 768w, https:\/\/www.conam.org.ar\/web\/wp-content\/uploads\/2026\/04\/FEDETUR-Primer-Encuentro-Binacional-de-Mutuales-de-Turismo-en-PARAGUAY-2-1536x1003.jpeg 1536w\" sizes=\"(max-width: 1638px) 100vw, 1638px\" \/><\/div>  <\/div>\r\n  <figcaption class=\"rpc_bg\">\r\n    <h5 class=\"rpc_title\">\r\n      FEDETUR CRUZA FRONTERAS Y CONSOLIDA UNA AGENDA...    <\/h5>\r\n    <h3 class=\"rpc_desc\">\r\n          <\/h3>\r\n    <footer class=\"rpc_footer\">\r\n      <div class=\"date\">24 abril, 2026<\/div>\r\n      <div class=\"icons\">\r\n        <div class=\"views\">\r\n          <i class=\"fa fa-comments\"><\/i>\r\n        0        <\/div>\r\n      <\/div>\r\n    <\/footer>\r\n  <\/figcaption>\r\n  <a target=\"_self\" href=\"https:\/\/www.conam.org.ar\/web\/2026\/04\/24\/fedetur-cruza-fronteras-y-consolida-una-agenda-regional-para-el-turismo-mutual-y-cooperativo\/\"><\/a>\r\n<\/figure>                <\/div>    \r\n\r\n                            <div class=\"slick-slide carousel-item-17726\">\r\n                    <figure class=\"rpc-style-5 rpc-wrapper\">\r\n  <div class=\"image\">\r\n    <div class=\"fixed-height-image\"><img loading=\"lazy\" decoding=\"async\" width=\"1024\" height=\"1024\" src=\"https:\/\/www.conam.org.ar\/web\/wp-content\/uploads\/2026\/04\/34-ANOS-CONSTRUYENDO-MUTUALISMO.jpeg\" class=\"attachment-2048x2048 size-2048x2048 wp-post-image\" alt=\"\" srcset=\"https:\/\/www.conam.org.ar\/web\/wp-content\/uploads\/2026\/04\/34-ANOS-CONSTRUYENDO-MUTUALISMO.jpeg 1024w, https:\/\/www.conam.org.ar\/web\/wp-content\/uploads\/2026\/04\/34-ANOS-CONSTRUYENDO-MUTUALISMO-300x300.jpeg 300w, https:\/\/www.conam.org.ar\/web\/wp-content\/uploads\/2026\/04\/34-ANOS-CONSTRUYENDO-MUTUALISMO-150x150.jpeg 150w, https:\/\/www.conam.org.ar\/web\/wp-content\/uploads\/2026\/04\/34-ANOS-CONSTRUYENDO-MUTUALISMO-768x768.jpeg 768w, https:\/\/www.conam.org.ar\/web\/wp-content\/uploads\/2026\/04\/34-ANOS-CONSTRUYENDO-MUTUALISMO-120x120.jpeg 120w, https:\/\/www.conam.org.ar\/web\/wp-content\/uploads\/2026\/04\/34-ANOS-CONSTRUYENDO-MUTUALISMO-105x105.jpeg 105w, https:\/\/www.conam.org.ar\/web\/wp-content\/uploads\/2026\/04\/34-ANOS-CONSTRUYENDO-MUTUALISMO-570x570.jpeg 570w, https:\/\/www.conam.org.ar\/web\/wp-content\/uploads\/2026\/04\/34-ANOS-CONSTRUYENDO-MUTUALISMO-380x380.jpeg 380w, https:\/\/www.conam.org.ar\/web\/wp-content\/uploads\/2026\/04\/34-ANOS-CONSTRUYENDO-MUTUALISMO-285x285.jpeg 285w\" sizes=\"(max-width: 1024px) 100vw, 1024px\" \/><\/div>  <\/div>\r\n  <figcaption class=\"rpc_bg\">\r\n    <h5 class=\"rpc_title\">\r\n      34 A\u00d1OS CONSTRUYENDO MUTUALISMO: NUEVO ANIVERSARIO DE...    <\/h5>\r\n    <h3 class=\"rpc_desc\">\r\n          <\/h3>\r\n    <footer class=\"rpc_footer\">\r\n      <div class=\"date\">23 abril, 2026<\/div>\r\n      <div class=\"icons\">\r\n        <div class=\"views\">\r\n          <i class=\"fa fa-comments\"><\/i>\r\n        0        <\/div>\r\n      <\/div>\r\n    <\/footer>\r\n  <\/figcaption>\r\n  <a target=\"_self\" href=\"https:\/\/www.conam.org.ar\/web\/2026\/04\/23\/34-anos-construyendo-mutualismo-nuevo-aniversario-de-conam\/\"><\/a>\r\n<\/figure>                <\/div>    \r\n\r\n                            <div class=\"slick-slide carousel-item-17715\">\r\n                    <figure class=\"rpc-style-5 rpc-wrapper\">\r\n  <div class=\"image\">\r\n    <div class=\"fixed-height-image\"><img loading=\"lazy\" decoding=\"async\" width=\"1280\" height=\"960\" src=\"https:\/\/www.conam.org.ar\/web\/wp-content\/uploads\/2026\/04\/FEDETUR-CONSOLIDA-SU-PROYECCION-NACIONAL-ASAMBLEA-Y-FIRMA-DE-UN-CONVENIO-PARA-POTENCIAR-AL-TURISMO-MUTUAL-Y-COOPERATIVO-3.jpeg\" class=\"attachment-2048x2048 size-2048x2048 wp-post-image\" alt=\"\" srcset=\"https:\/\/www.conam.org.ar\/web\/wp-content\/uploads\/2026\/04\/FEDETUR-CONSOLIDA-SU-PROYECCION-NACIONAL-ASAMBLEA-Y-FIRMA-DE-UN-CONVENIO-PARA-POTENCIAR-AL-TURISMO-MUTUAL-Y-COOPERATIVO-3.jpeg 1280w, https:\/\/www.conam.org.ar\/web\/wp-content\/uploads\/2026\/04\/FEDETUR-CONSOLIDA-SU-PROYECCION-NACIONAL-ASAMBLEA-Y-FIRMA-DE-UN-CONVENIO-PARA-POTENCIAR-AL-TURISMO-MUTUAL-Y-COOPERATIVO-3-300x225.jpeg 300w, https:\/\/www.conam.org.ar\/web\/wp-content\/uploads\/2026\/04\/FEDETUR-CONSOLIDA-SU-PROYECCION-NACIONAL-ASAMBLEA-Y-FIRMA-DE-UN-CONVENIO-PARA-POTENCIAR-AL-TURISMO-MUTUAL-Y-COOPERATIVO-3-1024x768.jpeg 1024w, https:\/\/www.conam.org.ar\/web\/wp-content\/uploads\/2026\/04\/FEDETUR-CONSOLIDA-SU-PROYECCION-NACIONAL-ASAMBLEA-Y-FIRMA-DE-UN-CONVENIO-PARA-POTENCIAR-AL-TURISMO-MUTUAL-Y-COOPERATIVO-3-768x576.jpeg 768w, https:\/\/www.conam.org.ar\/web\/wp-content\/uploads\/2026\/04\/FEDETUR-CONSOLIDA-SU-PROYECCION-NACIONAL-ASAMBLEA-Y-FIRMA-DE-UN-CONVENIO-PARA-POTENCIAR-AL-TURISMO-MUTUAL-Y-COOPERATIVO-3-380x285.jpeg 380w, https:\/\/www.conam.org.ar\/web\/wp-content\/uploads\/2026\/04\/FEDETUR-CONSOLIDA-SU-PROYECCION-NACIONAL-ASAMBLEA-Y-FIRMA-DE-UN-CONVENIO-PARA-POTENCIAR-AL-TURISMO-MUTUAL-Y-COOPERATIVO-3-285x214.jpeg 285w\" sizes=\"(max-width: 1280px) 100vw, 1280px\" \/><\/div>  <\/div>\r\n  <figcaption class=\"rpc_bg\">\r\n    <h5 class=\"rpc_title\">\r\n      FEDETUR CONSOLIDA SU PROYECCI\u00d3N NACIONAL: ASAMBLEA Y...    <\/h5>\r\n    <h3 class=\"rpc_desc\">\r\n          <\/h3>\r\n    <footer class=\"rpc_footer\">\r\n      <div class=\"date\">23 abril, 2026<\/div>\r\n      <div class=\"icons\">\r\n        <div class=\"views\">\r\n          <i class=\"fa fa-comments\"><\/i>\r\n        0        <\/div>\r\n      <\/div>\r\n    <\/footer>\r\n  <\/figcaption>\r\n  <a target=\"_self\" href=\"https:\/\/www.conam.org.ar\/web\/2026\/04\/23\/fedetur-consolida-su-proyeccion-nacional-asamblea-y-firma-de-un-convenio-para-potenciar-al-turismo-mutual-y-cooperativo\/\"><\/a>\r\n<\/figure>                <\/div>    \r\n\r\n                            <div class=\"slick-slide carousel-item-17698\">\r\n                    <figure class=\"rpc-style-5 rpc-wrapper\">\r\n  <div class=\"image\">\r\n    <div class=\"fixed-height-image\"><img loading=\"lazy\" decoding=\"async\" width=\"1600\" height=\"1200\" src=\"https:\/\/www.conam.org.ar\/web\/wp-content\/uploads\/2026\/04\/TECNOLOGIA-INVERSIONES-Y-FUTURO-MAS-DE-150-PERSONAS-PARTICIPARON-DEL-MEGA-EVENTO-FINTECH-PARA-EL-MUTUALISMO-9.jpeg\" class=\"attachment-2048x2048 size-2048x2048 wp-post-image\" alt=\"\" srcset=\"https:\/\/www.conam.org.ar\/web\/wp-content\/uploads\/2026\/04\/TECNOLOGIA-INVERSIONES-Y-FUTURO-MAS-DE-150-PERSONAS-PARTICIPARON-DEL-MEGA-EVENTO-FINTECH-PARA-EL-MUTUALISMO-9.jpeg 1600w, https:\/\/www.conam.org.ar\/web\/wp-content\/uploads\/2026\/04\/TECNOLOGIA-INVERSIONES-Y-FUTURO-MAS-DE-150-PERSONAS-PARTICIPARON-DEL-MEGA-EVENTO-FINTECH-PARA-EL-MUTUALISMO-9-300x225.jpeg 300w, https:\/\/www.conam.org.ar\/web\/wp-content\/uploads\/2026\/04\/TECNOLOGIA-INVERSIONES-Y-FUTURO-MAS-DE-150-PERSONAS-PARTICIPARON-DEL-MEGA-EVENTO-FINTECH-PARA-EL-MUTUALISMO-9-1024x768.jpeg 1024w, https:\/\/www.conam.org.ar\/web\/wp-content\/uploads\/2026\/04\/TECNOLOGIA-INVERSIONES-Y-FUTURO-MAS-DE-150-PERSONAS-PARTICIPARON-DEL-MEGA-EVENTO-FINTECH-PARA-EL-MUTUALISMO-9-768x576.jpeg 768w, https:\/\/www.conam.org.ar\/web\/wp-content\/uploads\/2026\/04\/TECNOLOGIA-INVERSIONES-Y-FUTURO-MAS-DE-150-PERSONAS-PARTICIPARON-DEL-MEGA-EVENTO-FINTECH-PARA-EL-MUTUALISMO-9-1536x1152.jpeg 1536w, https:\/\/www.conam.org.ar\/web\/wp-content\/uploads\/2026\/04\/TECNOLOGIA-INVERSIONES-Y-FUTURO-MAS-DE-150-PERSONAS-PARTICIPARON-DEL-MEGA-EVENTO-FINTECH-PARA-EL-MUTUALISMO-9-380x285.jpeg 380w, https:\/\/www.conam.org.ar\/web\/wp-content\/uploads\/2026\/04\/TECNOLOGIA-INVERSIONES-Y-FUTURO-MAS-DE-150-PERSONAS-PARTICIPARON-DEL-MEGA-EVENTO-FINTECH-PARA-EL-MUTUALISMO-9-285x214.jpeg 285w\" sizes=\"(max-width: 1600px) 100vw, 1600px\" \/><\/div>  <\/div>\r\n  <figcaption class=\"rpc_bg\">\r\n    <h5 class=\"rpc_title\">\r\n      TECNOLOG\u00cdA, INVERSIONES Y FUTURO: M\u00c1S DE 150...    <\/h5>\r\n    <h3 class=\"rpc_desc\">\r\n          <\/h3>\r\n    <footer class=\"rpc_footer\">\r\n      <div class=\"date\">22 abril, 2026<\/div>\r\n      <div class=\"icons\">\r\n        <div class=\"views\">\r\n          <i class=\"fa fa-comments\"><\/i>\r\n        0        <\/div>\r\n      <\/div>\r\n    <\/footer>\r\n  <\/figcaption>\r\n  <a target=\"_self\" href=\"https:\/\/www.conam.org.ar\/web\/2026\/04\/22\/tecnologia-inversiones-y-futuro-mas-de-150-personas-participaron-del-mega-evento-fintech-para-el-mutualismo\/\"><\/a>\r\n<\/figure>                <\/div>    \r\n\r\n                            <div class=\"slick-slide carousel-item-17681\">\r\n                    <figure class=\"rpc-style-5 rpc-wrapper\">\r\n  <div class=\"image\">\r\n    <div class=\"fixed-height-image\"><img loading=\"lazy\" decoding=\"async\" width=\"1126\" height=\"906\" src=\"https:\/\/www.conam.org.ar\/web\/wp-content\/uploads\/2026\/04\/CONAM-CELEBRO-SU-ASAMBLEA-GENERAL-ORDINARIA-JUNTO-A-SUS-FEDERACIONES-3.jpeg\" class=\"attachment-2048x2048 size-2048x2048 wp-post-image\" alt=\"\" srcset=\"https:\/\/www.conam.org.ar\/web\/wp-content\/uploads\/2026\/04\/CONAM-CELEBRO-SU-ASAMBLEA-GENERAL-ORDINARIA-JUNTO-A-SUS-FEDERACIONES-3.jpeg 1126w, https:\/\/www.conam.org.ar\/web\/wp-content\/uploads\/2026\/04\/CONAM-CELEBRO-SU-ASAMBLEA-GENERAL-ORDINARIA-JUNTO-A-SUS-FEDERACIONES-3-300x241.jpeg 300w, https:\/\/www.conam.org.ar\/web\/wp-content\/uploads\/2026\/04\/CONAM-CELEBRO-SU-ASAMBLEA-GENERAL-ORDINARIA-JUNTO-A-SUS-FEDERACIONES-3-1024x824.jpeg 1024w, https:\/\/www.conam.org.ar\/web\/wp-content\/uploads\/2026\/04\/CONAM-CELEBRO-SU-ASAMBLEA-GENERAL-ORDINARIA-JUNTO-A-SUS-FEDERACIONES-3-768x618.jpeg 768w\" sizes=\"(max-width: 1126px) 100vw, 1126px\" \/><\/div>  <\/div>\r\n  <figcaption class=\"rpc_bg\">\r\n    <h5 class=\"rpc_title\">\r\n      CONAM CELEBR\u00d3 SU ASAMBLEA GENERAL ORDINARIA JUNTO...    <\/h5>\r\n    <h3 class=\"rpc_desc\">\r\n          <\/h3>\r\n    <footer class=\"rpc_footer\">\r\n      <div class=\"date\">20 abril, 2026<\/div>\r\n      <div class=\"icons\">\r\n        <div class=\"views\">\r\n          <i class=\"fa fa-comments\"><\/i>\r\n        0        <\/div>\r\n      <\/div>\r\n    <\/footer>\r\n  <\/figcaption>\r\n  <a target=\"_self\" href=\"https:\/\/www.conam.org.ar\/web\/2026\/04\/20\/conam-celebro-su-asamblea-general-ordinaria-junto-a-sus-federaciones\/\"><\/a>\r\n<\/figure>                <\/div>    \r\n\r\n                            <div class=\"slick-slide carousel-item-17667\">\r\n                    <figure class=\"rpc-style-5 rpc-wrapper\">\r\n  <div class=\"image\">\r\n    <div class=\"fixed-height-image\"><img loading=\"lazy\" decoding=\"async\" width=\"960\" height=\"1280\" src=\"https:\/\/www.conam.org.ar\/web\/wp-content\/uploads\/2026\/04\/FESMAP-IMPULSA-EL-CRECIMIENTO-MUTUALISTA-EN-SANTA-FE-INAUGURACION-DE-UNA-NUEVA-ENTIDAD-Y-EXPANSION-DE-LA-SEDE-DE-OTRA-MUTUAL-6.jpeg\" class=\"attachment-2048x2048 size-2048x2048 wp-post-image\" alt=\"\" srcset=\"https:\/\/www.conam.org.ar\/web\/wp-content\/uploads\/2026\/04\/FESMAP-IMPULSA-EL-CRECIMIENTO-MUTUALISTA-EN-SANTA-FE-INAUGURACION-DE-UNA-NUEVA-ENTIDAD-Y-EXPANSION-DE-LA-SEDE-DE-OTRA-MUTUAL-6.jpeg 960w, https:\/\/www.conam.org.ar\/web\/wp-content\/uploads\/2026\/04\/FESMAP-IMPULSA-EL-CRECIMIENTO-MUTUALISTA-EN-SANTA-FE-INAUGURACION-DE-UNA-NUEVA-ENTIDAD-Y-EXPANSION-DE-LA-SEDE-DE-OTRA-MUTUAL-6-225x300.jpeg 225w, https:\/\/www.conam.org.ar\/web\/wp-content\/uploads\/2026\/04\/FESMAP-IMPULSA-EL-CRECIMIENTO-MUTUALISTA-EN-SANTA-FE-INAUGURACION-DE-UNA-NUEVA-ENTIDAD-Y-EXPANSION-DE-LA-SEDE-DE-OTRA-MUTUAL-6-768x1024.jpeg 768w\" sizes=\"(max-width: 960px) 100vw, 960px\" \/><\/div>  <\/div>\r\n  <figcaption class=\"rpc_bg\">\r\n    <h5 class=\"rpc_title\">\r\n      FESMAP IMPULSA EL CRECIMIENTO MUTUALISTA EN SANTA...    <\/h5>\r\n    <h3 class=\"rpc_desc\">\r\n          <\/h3>\r\n    <footer class=\"rpc_footer\">\r\n      <div class=\"date\">1 abril, 2026<\/div>\r\n      <div class=\"icons\">\r\n        <div class=\"views\">\r\n          <i class=\"fa fa-comments\"><\/i>\r\n        0        <\/div>\r\n      <\/div>\r\n    <\/footer>\r\n  <\/figcaption>\r\n  <a target=\"_self\" href=\"https:\/\/www.conam.org.ar\/web\/2026\/04\/01\/fesmap-impulsa-el-crecimiento-mutualista-en-santa-fe-inauguracion-de-una-nueva-entidad-y-expansion-de-la-sede-de-otra-mutual\/\"><\/a>\r\n<\/figure>                <\/div>    \r\n\r\n                            <div class=\"slick-slide carousel-item-17639\">\r\n                    <figure class=\"rpc-style-5 rpc-wrapper\">\r\n  <div class=\"image\">\r\n    <div class=\"fixed-height-image\"><img loading=\"lazy\" decoding=\"async\" width=\"1080\" height=\"1080\" src=\"https:\/\/www.conam.org.ar\/web\/wp-content\/uploads\/2026\/03\/NUEVA-CAPACITACION-UIF-ACTUALIZATE-CON-LAS-ULTIMAS-NORMATIVAS-Y-RESOLUCIONES-DEL-2026.png\" class=\"attachment-2048x2048 size-2048x2048 wp-post-image\" alt=\"\" srcset=\"https:\/\/www.conam.org.ar\/web\/wp-content\/uploads\/2026\/03\/NUEVA-CAPACITACION-UIF-ACTUALIZATE-CON-LAS-ULTIMAS-NORMATIVAS-Y-RESOLUCIONES-DEL-2026.png 1080w, https:\/\/www.conam.org.ar\/web\/wp-content\/uploads\/2026\/03\/NUEVA-CAPACITACION-UIF-ACTUALIZATE-CON-LAS-ULTIMAS-NORMATIVAS-Y-RESOLUCIONES-DEL-2026-300x300.png 300w, https:\/\/www.conam.org.ar\/web\/wp-content\/uploads\/2026\/03\/NUEVA-CAPACITACION-UIF-ACTUALIZATE-CON-LAS-ULTIMAS-NORMATIVAS-Y-RESOLUCIONES-DEL-2026-1024x1024.png 1024w, https:\/\/www.conam.org.ar\/web\/wp-content\/uploads\/2026\/03\/NUEVA-CAPACITACION-UIF-ACTUALIZATE-CON-LAS-ULTIMAS-NORMATIVAS-Y-RESOLUCIONES-DEL-2026-150x150.png 150w, https:\/\/www.conam.org.ar\/web\/wp-content\/uploads\/2026\/03\/NUEVA-CAPACITACION-UIF-ACTUALIZATE-CON-LAS-ULTIMAS-NORMATIVAS-Y-RESOLUCIONES-DEL-2026-768x768.png 768w, https:\/\/www.conam.org.ar\/web\/wp-content\/uploads\/2026\/03\/NUEVA-CAPACITACION-UIF-ACTUALIZATE-CON-LAS-ULTIMAS-NORMATIVAS-Y-RESOLUCIONES-DEL-2026-120x120.png 120w, https:\/\/www.conam.org.ar\/web\/wp-content\/uploads\/2026\/03\/NUEVA-CAPACITACION-UIF-ACTUALIZATE-CON-LAS-ULTIMAS-NORMATIVAS-Y-RESOLUCIONES-DEL-2026-105x105.png 105w, https:\/\/www.conam.org.ar\/web\/wp-content\/uploads\/2026\/03\/NUEVA-CAPACITACION-UIF-ACTUALIZATE-CON-LAS-ULTIMAS-NORMATIVAS-Y-RESOLUCIONES-DEL-2026-570x570.png 570w, https:\/\/www.conam.org.ar\/web\/wp-content\/uploads\/2026\/03\/NUEVA-CAPACITACION-UIF-ACTUALIZATE-CON-LAS-ULTIMAS-NORMATIVAS-Y-RESOLUCIONES-DEL-2026-380x380.png 380w, https:\/\/www.conam.org.ar\/web\/wp-content\/uploads\/2026\/03\/NUEVA-CAPACITACION-UIF-ACTUALIZATE-CON-LAS-ULTIMAS-NORMATIVAS-Y-RESOLUCIONES-DEL-2026-285x285.png 285w\" sizes=\"(max-width: 1080px) 100vw, 1080px\" \/><\/div>  <\/div>\r\n  <figcaption class=\"rpc_bg\">\r\n    <h5 class=\"rpc_title\">\r\n      NUEVA CAPACITACI\u00d3N UIF: ACTUALIZATE CON LAS \u00daLTIMAS...    <\/h5>\r\n    <h3 class=\"rpc_desc\">\r\n          <\/h3>\r\n    <footer class=\"rpc_footer\">\r\n      <div class=\"date\">20 marzo, 2026<\/div>\r\n      <div class=\"icons\">\r\n        <div class=\"views\">\r\n          <i class=\"fa fa-comments\"><\/i>\r\n        0        <\/div>\r\n      <\/div>\r\n    <\/footer>\r\n  <\/figcaption>\r\n  <a target=\"_self\" href=\"https:\/\/www.conam.org.ar\/web\/2026\/03\/20\/nueva-capacitacion-uif-actualizate-con-las-ultimas-normativas-y-resoluciones-del-2026\/\"><\/a>\r\n<\/figure>                <\/div>    \r\n\r\n                \r\n        <\/section>\r\n        <\/div>\r\n        <style>#carousel-3981 { background-color: ; } #carousel-3981 .slick-slide { margin: 2px ; } #carousel-3981.slick-vertical .slick-slide { margin:  2px; } #carousel-3981 .fixed-height-image { height: 270px; } #carousel-3981 .slick-slide .rpc_bg { background-color: #FFFFFF !important; } #carousel-3981 .slick-slide .rpc_title { color: #000000 !important; } #carousel-3981 .slick-slide .rpc_title { font-size:  !important; } #carousel-3981 .slick-slide .rpc_title { font-family:  !important; } #carousel-3981 .slick-slide .rpc_title { line-height:  !important; } #carousel-3981 .slick-slide .rpc_desc { color:  !important; } #carousel-3981 .slick-slide .rpc_desc { font-size:  !important; } #carousel-3981 .slick-slide .rpc_desc { font-family:  !important; } #carousel-3981 .slick-slide .rpc_desc { line-height:  !important; } #carousel-3981 .slick-slide .rpc_footer { background-color:  !important; } #carousel-3981 .slick-slide .rpc_footer { color:  !important; } #carousel-3981 .slick-slide .rpc-wrapper { border-style: none !important; } #carousel-3981 .slick-slide .rpc-wrapper { border-width:  !important; } #carousel-3981 .slick-slide .rpc-wrapper { border-color:  !important; } #carousel-3981 .slick-slide .rpc-wrapper { box-shadow: 0 0 5px rgba(0, 0, 0, 0.15) !important; } .topright #carousel-3981 .slick-next { right: ; }.topright #carousel-3981 .slick-prev { right: 29px; left: inherit; } .topleft #carousel-3981 .slick-prev { left: ; }.topleft #carousel-3981 .slick-next { left: 29px; right: inherit; } .aboveposts #carousel-3981 .slick-prev { left: ; }.aboveposts #carousel-3981 .slick-next { right: ; left: inherit; } #carousel-3981 .slick-dots li button:before { color:  ; }#carousel-3981 .slick-prev:before, #carousel-3981 .slick-next:before { color: #0066bf !important;}#carousel-3981 .slick-next:before { content: '\\ \\f0a9 '; } #carousel-3981 .slick-prev:before { content: '\\ \\f0a8'; }#carousel-3981 .slick-next:before, #carousel-3981 .slick-prev:before { background-color: #ffffff; padding: 2px 5px; border-radius: 50%; } #carousel-3981 .slick-next:before, #carousel-3981 .slick-prev:before { font-size: 20px; }#carousel-3981 .slick-next, #carousel-3981 .slick-prev { width: 20px; height: 20px; }<\/style><\/div>\n\t\t\t\t\t\t<\/div>\n\t\t\t\t<\/div>\n\t\t\t\t<div class=\"elementor-element elementor-element-0ab9eff elementor-widget__width-inherit elementor-hidden-tablet elementor-hidden-phone elementor-widget elementor-widget-wp-widget-wpmegamenu_widget\" data-id=\"0ab9eff\" data-element_type=\"widget\" data-e-type=\"widget\" data-widget_type=\"wp-widget-wpmegamenu_widget.default\">\n\t\t\t\t<div class=\"elementor-widget-container\">\n\t\t\t\t\t<div id=\"wpmm-wrap-header_menu\" class=\"wp-megamenu-main-wrapper wpmm-ctheme-wrapper wpmm-hide-toggle wpmega-default-theme wpmega-enabled-mobile-menu wpmm-hideallicons-mobile  wpmm-toggle-accordion wpmm-onhover wpmm-orientation-horizontal  wpmm-flip-effect \"><div class=\"wpmegamenu-toggle wpmega-enabled-menutoggle\" data-responsive-breakpoint=\"910px\"><div class='wp-mega-toggle-block'><div class='wpmega-closeblock'><i class='dashicons dashicons-editor-justify'><\/i><\/div><div class='wpmega-openblock'><i class='dashicons dashicons-no'><\/i><\/div><div class='menutoggle'>Menu<\/div><\/div><\/div><ul id=\"wpmega-menu-header_menu\" class=\"wpmm-mega-wrapper wpmemgamenu-pro\" data-advanced-click=\"wpmm-click-submenu\" data-trigger-effect=\"wpmm-onhover\"><li class='menu-item menu-item-type-custom menu-item-object-custom menu-item-home menu-item-has-children wpmega-menu-flyout wpmega-show-arrow wpmm-menu-align-left wpmega-hide-menu-icon wpmega-flyout-horizontal-right menu-item-4097 menu-item-depth-0 wpmm-submenu-align-left no-dropdown' id='wp_nav_menu-item-4097'><a class=\"wp-mega-menu-link\" href=\"https:\/\/www.conam.org.ar\/web\/\"><span class=\"wpmm-mega-menu-href-title\">Institucional<\/span><\/a>\n<div class='wpmm-sub-menu-wrapper wpmm-menu0'><ul class=\"wp-mega-sub-menu\">\n\t<li class='menu-item menu-item-type-post_type menu-item-object-page wp-mega-menu-header wpmega-show-arrow wpmm-menu-align-left wpmega-hide-menu-icon menu-item-767 menu-item-depth-1 wpmm-submenu-align-left no-dropdown' id='wp_nav_menu-item-767'><a class=\"wp-mega-menu-link\" href=\"https:\/\/www.conam.org.ar\/web\/mision\/\"><span class=\"wpmm-mega-menu-href-title\">Misi\u00f3n y objetivos<\/span><\/a><\/li>\t<li class='menu-item menu-item-type-post_type menu-item-object-page wp-mega-menu-header wpmega-show-arrow wpmm-menu-align-left wpmega-hide-menu-icon menu-item-766 menu-item-depth-1 wpmm-submenu-align-left no-dropdown' id='wp_nav_menu-item-766'><a class=\"wp-mega-menu-link\" href=\"https:\/\/www.conam.org.ar\/web\/vision\/\"><span class=\"wpmm-mega-menu-href-title\">Visi\u00f3n<\/span><\/a><\/li>\t<li class='menu-item menu-item-type-post_type menu-item-object-page wp-mega-menu-header wpmega-show-arrow wpmm-menu-align-left wpmega-hide-menu-icon menu-item-765 menu-item-depth-1 wpmm-submenu-align-left no-dropdown' id='wp_nav_menu-item-765'><a class=\"wp-mega-menu-link\" href=\"https:\/\/www.conam.org.ar\/web\/sobre-conam\/\"><span class=\"wpmm-mega-menu-href-title\">Sobre CONAM<\/span><\/a><\/li>\t<li class='menu-item menu-item-type-post_type menu-item-object-page wp-mega-menu-header wpmega-show-arrow wpmm-menu-align-left wpmega-hide-menu-icon menu-item-3920 menu-item-depth-1 wpmm-submenu-align-left no-dropdown' id='wp_nav_menu-item-3920'><a class=\"wp-mega-menu-link\" href=\"https:\/\/www.conam.org.ar\/web\/estatutos\/\"><span class=\"wpmm-mega-menu-href-title\">Estatuto<\/span><\/a><\/li>\t<li class='menu-item menu-item-type-post_type menu-item-object-page wp-mega-menu-header wpmega-show-arrow wpmm-menu-align-left wpmega-hide-menu-icon menu-item-768 menu-item-depth-1 wpmm-submenu-align-left no-dropdown' id='wp_nav_menu-item-768'><a class=\"wp-mega-menu-link\" href=\"https:\/\/www.conam.org.ar\/web\/autoridades\/\"><span class=\"wpmm-mega-menu-href-title\">Autoridades<\/span><\/a><\/li><\/ul><\/div>\n<\/li><li class='menu-item menu-item-type-post_type menu-item-object-page wpmega-menu-flyout wpmega-show-arrow wpmm-menu-align-left wpmega-hide-menu-icon wpmega-flyout-horizontal-right menu-item-4052 menu-item-depth-0 wpmm-submenu-align-left no-dropdown' id='wp_nav_menu-item-4052'><a class=\"wp-mega-menu-link\" href=\"https:\/\/www.conam.org.ar\/web\/federaciones\/\"><span class=\"wpmm-mega-menu-href-title\">Federaciones<\/span><\/a><\/li><li class='menu-item menu-item-type-post_type menu-item-object-page menu-item-has-children wpmega-menu-flyout wpmega-show-arrow wpmm-menu-align-left wpmega-hide-menu-icon wpmega-flyout-horizontal-right menu-item-770 menu-item-depth-0 wpmm-submenu-align-left no-dropdown' id='wp_nav_menu-item-770'><a class=\"wp-mega-menu-link\" href=\"https:\/\/www.conam.org.ar\/web\/economia-solidaria\/\"><span class=\"wpmm-mega-menu-href-title\">Econom\u00eda Solidaria<\/span><\/a>\n<div class='wpmm-sub-menu-wrapper wpmm-menu0'><ul class=\"wp-mega-sub-menu\">\n\t<li class='menu-item menu-item-type-post_type menu-item-object-page wp-mega-menu-header wpmega-show-arrow wpmm-menu-align-left wpmega-hide-menu-icon menu-item-771 menu-item-depth-1 wpmm-submenu-align-left no-dropdown' id='wp_nav_menu-item-771'><a class=\"wp-mega-menu-link\" href=\"https:\/\/www.conam.org.ar\/web\/mutual-y-sus-principios\/\"><span class=\"wpmm-mega-menu-href-title\">Mutual y sus principios<\/span><\/a><\/li>\t<li class='menu-item menu-item-type-post_type menu-item-object-page wp-mega-menu-header wpmega-show-arrow wpmm-menu-align-left wpmega-hide-menu-icon menu-item-772 menu-item-depth-1 wpmm-submenu-align-left no-dropdown' id='wp_nav_menu-item-772'><a class=\"wp-mega-menu-link\" href=\"https:\/\/www.conam.org.ar\/web\/actividad-de-las-mutuales\/\"><span class=\"wpmm-mega-menu-href-title\">Actividad de las mutuales<\/span><\/a><\/li>\t<li class='menu-item menu-item-type-post_type menu-item-object-page wp-mega-menu-header wpmega-show-arrow wpmm-menu-align-left wpmega-hide-menu-icon menu-item-773 menu-item-depth-1 wpmm-submenu-align-left no-dropdown' id='wp_nav_menu-item-773'><a class=\"wp-mega-menu-link\" href=\"https:\/\/www.conam.org.ar\/web\/normativa\/\"><span class=\"wpmm-mega-menu-href-title\">Normativa<\/span><\/a><\/li><\/ul><\/div>\n<\/li><li class='menu-item menu-item-type-post_type menu-item-object-page wpmega-menu-flyout wpmega-show-arrow wpmm-menu-align-left wpmega-hide-menu-icon wpmega-flyout-horizontal-right menu-item-775 menu-item-depth-0 wpmm-submenu-align-left no-dropdown' id='wp_nav_menu-item-775'><a class=\"wp-mega-menu-link\" href=\"https:\/\/www.conam.org.ar\/web\/mutuales-en-red\/\"><span class=\"wpmm-mega-menu-href-title\">Servicios en red<\/span><\/a><\/li><li class='menu-item menu-item-type-post_type menu-item-object-page wpmega-menu-flyout wpmega-show-arrow wpmm-menu-align-left wpmega-hide-menu-icon wpmega-flyout-horizontal-right menu-item-1610 menu-item-depth-0 wpmm-submenu-align-left no-dropdown' id='wp_nav_menu-item-1610'><a class=\"wp-mega-menu-link\" href=\"https:\/\/www.conam.org.ar\/web\/novedades\/\"><span class=\"wpmm-mega-menu-href-title\">Novedades<\/span><\/a><\/li><\/ul><\/div>\t\t\t\t<\/div>\n\t\t\t\t<\/div>\n\t\t\t\t\t<\/div>\n\t\t<\/div>\n\t\t\t\t\t<\/div>\n\t\t<\/section>\n\t\t\t\t<section class=\"elementor-section elementor-top-section elementor-element elementor-element-77dd5d4 elementor-section-full_width elementor-section-height-default elementor-section-height-default\" data-id=\"77dd5d4\" data-element_type=\"section\" data-e-type=\"section\">\n\t\t\t\t\t\t<div class=\"elementor-container elementor-column-gap-default\">\n\t\t\t\t\t<div class=\"elementor-column elementor-col-33 elementor-top-column elementor-element elementor-element-57eaae5\" data-id=\"57eaae5\" data-element_type=\"column\" data-e-type=\"column\">\n\t\t\t<div class=\"elementor-widget-wrap elementor-element-populated\">\n\t\t\t\t\t\t<div class=\"elementor-element elementor-element-b236e72 elementor-widget elementor-widget-theme-site-logo elementor-widget-image\" data-id=\"b236e72\" data-element_type=\"widget\" data-e-type=\"widget\" data-widget_type=\"theme-site-logo.default\">\n\t\t\t\t<div class=\"elementor-widget-container\">\n\t\t\t\t\t\t\t\t\t\t\t<a href=\"https:\/\/www.conam.org.ar\/web\">\n\t\t\t<img decoding=\"async\" width=\"357\" height=\"109\" src=\"https:\/\/www.conam.org.ar\/web\/wp-content\/uploads\/2021\/03\/thumbnail_logo-sin-color-de-fondo.png\" class=\"attachment-full size-full wp-image-2800\" alt=\"\" srcset=\"https:\/\/www.conam.org.ar\/web\/wp-content\/uploads\/2021\/03\/thumbnail_logo-sin-color-de-fondo.png 357w, https:\/\/www.conam.org.ar\/web\/wp-content\/uploads\/2021\/03\/thumbnail_logo-sin-color-de-fondo-300x92.png 300w\" sizes=\"(max-width: 357px) 100vw, 357px\" \/>\t\t\t\t<\/a>\n\t\t\t\t\t\t\t\t\t\t\t<\/div>\n\t\t\t\t<\/div>\n\t\t\t\t\t<\/div>\n\t\t<\/div>\n\t\t\t\t<div class=\"elementor-column elementor-col-33 elementor-top-column elementor-element elementor-element-24d9719\" data-id=\"24d9719\" data-element_type=\"column\" data-e-type=\"column\">\n\t\t\t<div class=\"elementor-widget-wrap elementor-element-populated\">\n\t\t\t\t\t\t<div class=\"elementor-element elementor-element-f2251ad elementor-widget elementor-widget-text-editor\" data-id=\"f2251ad\" data-element_type=\"widget\" data-e-type=\"widget\" data-widget_type=\"text-editor.default\">\n\t\t\t\t<div class=\"elementor-widget-container\">\n\t\t\t\t\t\t\t\t\t<h4 style=\"text-align: center;\"><span style=\"text-decoration: underline;\"><strong><span style=\"color: #000000; text-decoration: underline;\">Humberto Primo 986 5to 32\u00a0&#8211; CABA<\/span><\/strong><\/span><\/h4><h4 style=\"text-align: center;\"><span style=\"color: #000000;\"><strong>011-4800-2268\u00a0<\/strong><\/span><\/h4><h4 style=\"text-align: center;\"><span style=\"color: #000000;\"><strong>info@conam.org.ar<\/strong><\/span><\/h4>\t\t\t\t\t\t\t\t<\/div>\n\t\t\t\t<\/div>\n\t\t\t\t\t<\/div>\n\t\t<\/div>\n\t\t\t\t<div class=\"elementor-column elementor-col-33 elementor-top-column elementor-element elementor-element-c6e4ac2\" data-id=\"c6e4ac2\" data-element_type=\"column\" data-e-type=\"column\">\n\t\t\t<div class=\"elementor-widget-wrap elementor-element-populated\">\n\t\t\t\t\t\t<div class=\"elementor-element elementor-element-2fe3a63 elementor-shape-circle elementor-grid-0 e-grid-align-center elementor-widget elementor-widget-social-icons\" data-id=\"2fe3a63\" data-element_type=\"widget\" data-e-type=\"widget\" data-widget_type=\"social-icons.default\">\n\t\t\t\t<div class=\"elementor-widget-container\">\n\t\t\t\t\t\t\t<div class=\"elementor-social-icons-wrapper elementor-grid\" role=\"list\">\n\t\t\t\t\t\t\t<span class=\"elementor-grid-item\" role=\"listitem\">\n\t\t\t\t\t<a class=\"elementor-icon elementor-social-icon elementor-social-icon-facebook-f elementor-repeater-item-7e76215\" href=\"https:\/\/www.facebook.com\/ConamMutualismo\" target=\"_blank\">\n\t\t\t\t\t\t<span class=\"elementor-screen-only\">Facebook-f<\/span>\n\t\t\t\t\t\t<i aria-hidden=\"true\" class=\"fab fa-facebook-f\"><\/i>\t\t\t\t\t<\/a>\n\t\t\t\t<\/span>\n\t\t\t\t\t\t\t<span class=\"elementor-grid-item\" role=\"listitem\">\n\t\t\t\t\t<a class=\"elementor-icon elementor-social-icon elementor-social-icon-x-twitter elementor-repeater-item-f4248f0\" href=\"https:\/\/x.com\/ConamMutual\" target=\"_blank\">\n\t\t\t\t\t\t<span class=\"elementor-screen-only\">X-twitter<\/span>\n\t\t\t\t\t\t<i aria-hidden=\"true\" class=\"fab fa-x-twitter\"><\/i>\t\t\t\t\t<\/a>\n\t\t\t\t<\/span>\n\t\t\t\t\t\t\t<span class=\"elementor-grid-item\" role=\"listitem\">\n\t\t\t\t\t<a class=\"elementor-icon elementor-social-icon elementor-social-icon-instagram elementor-repeater-item-8b02ba4\" href=\"https:\/\/www.instagram.com\/conammutualismo\/\" target=\"_blank\">\n\t\t\t\t\t\t<span class=\"elementor-screen-only\">Instagram<\/span>\n\t\t\t\t\t\t<i aria-hidden=\"true\" class=\"fab fa-instagram\"><\/i>\t\t\t\t\t<\/a>\n\t\t\t\t<\/span>\n\t\t\t\t\t\t\t<span class=\"elementor-grid-item\" role=\"listitem\">\n\t\t\t\t\t<a class=\"elementor-icon elementor-social-icon elementor-social-icon-envelope elementor-repeater-item-742fba0\" href=\"mailto:info@conam.org.ar\" target=\"_blank\">\n\t\t\t\t\t\t<span class=\"elementor-screen-only\">Envelope<\/span>\n\t\t\t\t\t\t<i aria-hidden=\"true\" class=\"far fa-envelope\"><\/i>\t\t\t\t\t<\/a>\n\t\t\t\t<\/span>\n\t\t\t\t\t\t\t<span class=\"elementor-grid-item\" role=\"listitem\">\n\t\t\t\t\t<a class=\"elementor-icon elementor-social-icon elementor-social-icon-youtube elementor-repeater-item-ace45c9\" href=\"https:\/\/www.youtube.com\/channel\/UC7KxMlgG6jBLkTb5_MT1Mag\" target=\"_blank\">\n\t\t\t\t\t\t<span class=\"elementor-screen-only\">Youtube<\/span>\n\t\t\t\t\t\t<i aria-hidden=\"true\" class=\"fab fa-youtube\"><\/i>\t\t\t\t\t<\/a>\n\t\t\t\t<\/span>\n\t\t\t\t\t\t\t<span class=\"elementor-grid-item\" role=\"listitem\">\n\t\t\t\t\t<a class=\"elementor-icon elementor-social-icon elementor-social-icon-whatsapp elementor-repeater-item-f9a6816\" href=\"https:\/\/www.whatsapp.com\/channel\/0029VbAb94eGOj9wgl4q133o\" target=\"_blank\">\n\t\t\t\t\t\t<span class=\"elementor-screen-only\">Whatsapp<\/span>\n\t\t\t\t\t\t<i aria-hidden=\"true\" class=\"fab fa-whatsapp\"><\/i>\t\t\t\t\t<\/a>\n\t\t\t\t<\/span>\n\t\t\t\t\t<\/div>\n\t\t\t\t\t\t<\/div>\n\t\t\t\t<\/div>\n\t\t\t\t\t<\/div>\n\t\t<\/div>\n\t\t\t\t\t<\/div>\n\t\t<\/section>\n\t\t\t\t<\/div>\n\t\t<\/div>\n\t\t\t\t\t\t<\/div>\n\t\t\t\t<\/div>\n\t\t\t\t\t<\/div>\n\t\t<\/div>\n\t\t\t\t\t<\/div>\n\t\t<\/section>\n\t\t\t\t<\/div>\n\t\t","protected":false},"excerpt":{"rendered":"<p>\u201cEL PAPA ES DE TEMPERAMENTO SAJ\u00d3N PERO DE ESTILO DE VIDA LATINO\u201d, ENTREVISTA EXCLUSIVA AL OBISPO AUXILIAR MONSE\u00d1OR ALBERTO BOCHATEY, EN EL STREAMING MUTUALISTA \u201cMUTUALMENTE\u201d Facebook-f Twitter Instagram Envelope Youtube El Obispo Auxiliar de la Arquidi\u00f3cesis de La Plata, Monse\u00f1or Alberto Bochatey, fue entrevistado en el ciclo de streaming mutualista: \u201cMutualmente\u201d, de la Federaci\u00f3n de<\/p>\n<p class=\"more-link\"><a href=\"https:\/\/www.conam.org.ar\/web\/2026\/03\/20\/nueva-capacitacion-uif-actualizate-con-las-ultimas-normativas-y-resoluciones-del-2026\/\" class=\"themebutton\">Read More<\/a><\/p>\n","protected":false},"author":3,"featured_media":16565,"comment_status":"open","ping_status":"open","sticky":false,"template":"elementor_canvas","format":"standard","meta":{"footnotes":""},"categories":[15,1],"tags":[1210,1211,1254,21,23,24,49,1212,1213,22,188,1252,1253],"class_list":["post-16564","post","type-post","status-publish","format-standard","has-post-thumbnail","hentry","category-noticias-de-confederacion","category-ultimas-noticias","tag-mutualmente","tag-adrian-belinche","tag-alberto-bochatey","tag-conam","tag-economia-social","tag-economia-solidaria","tag-fmrlp","tag-info-cielo","tag-jorge-bergoglio","tag-mutualismo","tag-papa-francisco","tag-papa-leon-xiv","tag-robert-prevost"],"aioseo_notices":[],"_links":{"self":[{"href":"https:\/\/www.conam.org.ar\/web\/wp-json\/wp\/v2\/posts\/16564","targetHints":{"allow":["GET"]}}],"collection":[{"href":"https:\/\/www.conam.org.ar\/web\/wp-json\/wp\/v2\/posts"}],"about":[{"href":"https:\/\/www.conam.org.ar\/web\/wp-json\/wp\/v2\/types\/post"}],"author":[{"embeddable":true,"href":"https:\/\/www.conam.org.ar\/web\/wp-json\/wp\/v2\/users\/3"}],"replies":[{"embeddable":true,"href":"https:\/\/www.conam.org.ar\/web\/wp-json\/wp\/v2\/comments?post=16564"}],"version-history":[{"count":13,"href":"https:\/\/www.conam.org.ar\/web\/wp-json\/wp\/v2\/posts\/16564\/revisions"}],"predecessor-version":[{"id":16640,"href":"https:\/\/www.conam.org.ar\/web\/wp-json\/wp\/v2\/posts\/16564\/revisions\/16640"}],"wp:featuredmedia":[{"embeddable":true,"href":"https:\/\/www.conam.org.ar\/web\/wp-json\/wp\/v2\/media\/16565"}],"wp:attachment":[{"href":"https:\/\/www.conam.org.ar\/web\/wp-json\/wp\/v2\/media?parent=16564"}],"wp:term":[{"taxonomy":"category","embeddable":true,"href":"https:\/\/www.conam.org.ar\/web\/wp-json\/wp\/v2\/categories?post=16564"},{"taxonomy":"post_tag","embeddable":true,"href":"https:\/\/www.conam.org.ar\/web\/wp-json\/wp\/v2\/tags?post=16564"}],"curies":[{"name":"wp","href":"https:\/\/api.w.org\/{rel}","templated":true}]}}