{"id":18185,"date":"2026-08-31T14:21:29","date_gmt":"2026-08-31T17:21:29","guid":{"rendered":"https:\/\/www.conam.org.ar\/web\/?p=18185"},"modified":"2026-08-31T14:46:38","modified_gmt":"2026-08-31T17:46:38","slug":"mutualismo-y-colectividades-conam-acompano-a-fedespa-en-una-celebracion-que-puso-en-escena-el-patrimonio-cultural-de-la-comunidad-espanola-en-argentina","status":"publish","type":"post","link":"https:\/\/www.conam.org.ar\/web\/2026\/08\/31\/mutualismo-y-colectividades-conam-acompano-a-fedespa-en-una-celebracion-que-puso-en-escena-el-patrimonio-cultural-de-la-comunidad-espanola-en-argentina\/","title":{"rendered":"MUTUALISMO Y COLECTIVIDADES: CONAM ACOMPA\u00d1\u00d3 A FEDESPA EN UNA CELEBRACI\u00d3N QUE PUSO EN ESCENA LA DIVERSIDAD CULTURAL DE LA COMUNIDAD ESPA\u00d1OLA EN ARGENTINA"},"content":{"rendered":"\t\t<div data-elementor-type=\"wp-post\" data-elementor-id=\"18185\" class=\"elementor elementor-18185\" data-elementor-post-type=\"post\">\n\t\t\t\t\t\t<section class=\"elementor-section elementor-top-section elementor-element elementor-element-5079bee3 elementor-section-full_width elementor-section-height-default elementor-section-height-default\" data-id=\"5079bee3\" data-element_type=\"section\" data-e-type=\"section\">\n\t\t\t\t\t\t<div class=\"elementor-container elementor-column-gap-default\">\n\t\t\t\t\t<div class=\"elementor-column elementor-col-100 elementor-top-column elementor-element elementor-element-b7c0371\" data-id=\"b7c0371\" data-element_type=\"column\" data-e-type=\"column\">\n\t\t\t<div class=\"elementor-widget-wrap elementor-element-populated\">\n\t\t\t\t\t\t<div class=\"elementor-element elementor-element-2615e768 elementor-widget elementor-widget-shortcode\" data-id=\"2615e768\" data-element_type=\"widget\" data-e-type=\"widget\" data-widget_type=\"shortcode.default\">\n\t\t\t\t<div class=\"elementor-widget-container\">\n\t\t\t\t\t\t\t<div class=\"elementor-shortcode\">\t\t<header data-elementor-type=\"header\" data-elementor-id=\"2792\" class=\"elementor elementor-2792\" data-elementor-post-type=\"elementor_library\">\n\t\t\t\t\t<section class=\"elementor-section elementor-top-section elementor-element elementor-element-e36ce06 elementor-section-boxed elementor-section-height-default elementor-section-height-default\" data-id=\"e36ce06\" data-element_type=\"section\" data-e-type=\"section\">\n\t\t\t\t\t\t<div class=\"elementor-container elementor-column-gap-no\">\n\t\t\t\t\t<div class=\"elementor-column elementor-col-50 elementor-top-column elementor-element elementor-element-196edba\" data-id=\"196edba\" data-element_type=\"column\" data-e-type=\"column\">\n\t\t\t<div class=\"elementor-widget-wrap elementor-element-populated\">\n\t\t\t\t\t\t<div class=\"elementor-element elementor-element-2c1d154 elementor-hidden-tablet elementor-hidden-phone elementor-widget elementor-widget-heading\" data-id=\"2c1d154\" data-element_type=\"widget\" data-e-type=\"widget\" data-widget_type=\"heading.default\">\n\t\t\t\t<div class=\"elementor-widget-container\">\n\t\t\t\t\t<h6 class=\"elementor-heading-title elementor-size-default\">&nbsp;011-4800-2268&nbsp; &nbsp; &nbsp; &nbsp; Humberto Primo 986 5to 32&nbsp;- CABA<\/h6>\t\t\t\t<\/div>\n\t\t\t\t<\/div>\n\t\t\t\t\t<\/div>\n\t\t<\/div>\n\t\t\t\t<div class=\"elementor-column elementor-col-50 elementor-top-column elementor-element elementor-element-3ed4958\" data-id=\"3ed4958\" data-element_type=\"column\" data-e-type=\"column\">\n\t\t\t<div class=\"elementor-widget-wrap elementor-element-populated\">\n\t\t\t\t\t\t<div class=\"elementor-element elementor-element-af8bf08 elementor-shape-circle e-grid-align-right elementor-hidden-tablet elementor-hidden-phone elementor-grid-0 elementor-widget elementor-widget-social-icons\" data-id=\"af8bf08\" data-element_type=\"widget\" data-e-type=\"widget\" data-widget_type=\"social-icons.default\">\n\t\t\t\t<div class=\"elementor-widget-container\">\n\t\t\t\t\t\t\t<div class=\"elementor-social-icons-wrapper elementor-grid\" role=\"list\">\n\t\t\t\t\t\t\t<span class=\"elementor-grid-item\" role=\"listitem\">\n\t\t\t\t\t<a class=\"elementor-icon elementor-social-icon elementor-social-icon-facebook-f elementor-repeater-item-7e76215\" href=\"https:\/\/www.facebook.com\/ConamMutualismo\" target=\"_blank\">\n\t\t\t\t\t\t<span class=\"elementor-screen-only\">Facebook-f<\/span>\n\t\t\t\t\t\t<i aria-hidden=\"true\" class=\"fab fa-facebook-f\"><\/i>\t\t\t\t\t<\/a>\n\t\t\t\t<\/span>\n\t\t\t\t\t\t\t<span class=\"elementor-grid-item\" role=\"listitem\">\n\t\t\t\t\t<a class=\"elementor-icon elementor-social-icon elementor-social-icon-x-twitter elementor-repeater-item-f4248f0\" href=\"https:\/\/x.com\/ConamMutual\" target=\"_blank\">\n\t\t\t\t\t\t<span class=\"elementor-screen-only\">X-twitter<\/span>\n\t\t\t\t\t\t<i aria-hidden=\"true\" class=\"fab fa-x-twitter\"><\/i>\t\t\t\t\t<\/a>\n\t\t\t\t<\/span>\n\t\t\t\t\t\t\t<span class=\"elementor-grid-item\" role=\"listitem\">\n\t\t\t\t\t<a class=\"elementor-icon elementor-social-icon elementor-social-icon-instagram elementor-repeater-item-8b02ba4\" href=\"https:\/\/www.instagram.com\/conammutualismo\/\" target=\"_blank\">\n\t\t\t\t\t\t<span class=\"elementor-screen-only\">Instagram<\/span>\n\t\t\t\t\t\t<i aria-hidden=\"true\" class=\"fab fa-instagram\"><\/i>\t\t\t\t\t<\/a>\n\t\t\t\t<\/span>\n\t\t\t\t\t\t\t<span class=\"elementor-grid-item\" role=\"listitem\">\n\t\t\t\t\t<a class=\"elementor-icon elementor-social-icon elementor-social-icon-envelope elementor-repeater-item-742fba0\" href=\"mailto:info@conam.org.ar%20\" target=\"_blank\">\n\t\t\t\t\t\t<span class=\"elementor-screen-only\">Envelope<\/span>\n\t\t\t\t\t\t<i aria-hidden=\"true\" class=\"far fa-envelope\"><\/i>\t\t\t\t\t<\/a>\n\t\t\t\t<\/span>\n\t\t\t\t\t\t\t<span class=\"elementor-grid-item\" role=\"listitem\">\n\t\t\t\t\t<a class=\"elementor-icon elementor-social-icon elementor-social-icon-youtube elementor-repeater-item-ace45c9\" href=\"https:\/\/www.youtube.com\/channel\/UC7KxMlgG6jBLkTb5_MT1Mag\" target=\"_blank\">\n\t\t\t\t\t\t<span class=\"elementor-screen-only\">Youtube<\/span>\n\t\t\t\t\t\t<i aria-hidden=\"true\" class=\"fab fa-youtube\"><\/i>\t\t\t\t\t<\/a>\n\t\t\t\t<\/span>\n\t\t\t\t\t\t\t<span class=\"elementor-grid-item\" role=\"listitem\">\n\t\t\t\t\t<a class=\"elementor-icon elementor-social-icon elementor-social-icon-whatsapp elementor-repeater-item-21cc4b7\" href=\"https:\/\/www.whatsapp.com\/channel\/0029VbAb94eGOj9wgl4q133o\" target=\"_blank\">\n\t\t\t\t\t\t<span class=\"elementor-screen-only\">Whatsapp<\/span>\n\t\t\t\t\t\t<i aria-hidden=\"true\" class=\"fab fa-whatsapp\"><\/i>\t\t\t\t\t<\/a>\n\t\t\t\t<\/span>\n\t\t\t\t\t<\/div>\n\t\t\t\t\t\t<\/div>\n\t\t\t\t<\/div>\n\t\t\t\t\t<\/div>\n\t\t<\/div>\n\t\t\t\t\t<\/div>\n\t\t<\/section>\n\t\t\t\t<section class=\"elementor-section elementor-top-section elementor-element elementor-element-629d88b elementor-section-full_width elementor-section-height-default elementor-section-height-default\" data-id=\"629d88b\" data-element_type=\"section\" data-e-type=\"section\">\n\t\t\t\t\t\t<div class=\"elementor-container elementor-column-gap-no\">\n\t\t\t\t\t<div class=\"elementor-column elementor-col-100 elementor-top-column elementor-element elementor-element-3a1d78f\" data-id=\"3a1d78f\" data-element_type=\"column\" data-e-type=\"column\">\n\t\t\t<div class=\"elementor-widget-wrap elementor-element-populated\">\n\t\t\t\t\t\t<div class=\"elementor-element elementor-element-89c407a elementor-hidden-tablet elementor-hidden-phone elementor-widget-divider--view-line elementor-widget elementor-widget-divider\" data-id=\"89c407a\" data-element_type=\"widget\" data-e-type=\"widget\" data-widget_type=\"divider.default\">\n\t\t\t\t<div class=\"elementor-widget-container\">\n\t\t\t\t\t\t\t<div class=\"elementor-divider\">\n\t\t\t<span class=\"elementor-divider-separator\">\n\t\t\t\t\t\t<\/span>\n\t\t<\/div>\n\t\t\t\t\t\t<\/div>\n\t\t\t\t<\/div>\n\t\t\t\t\t<\/div>\n\t\t<\/div>\n\t\t\t\t\t<\/div>\n\t\t<\/section>\n\t\t\t\t<section class=\"elementor-section elementor-top-section elementor-element elementor-element-8df3edb elementor-section-full_width elementor-section-content-middle elementor-section-height-default elementor-section-height-default\" data-id=\"8df3edb\" data-element_type=\"section\" data-e-type=\"section\">\n\t\t\t\t\t\t<div class=\"elementor-container elementor-column-gap-default\">\n\t\t\t\t\t<div class=\"elementor-column elementor-col-33 elementor-top-column elementor-element elementor-element-4634086\" data-id=\"4634086\" data-element_type=\"column\" data-e-type=\"column\">\n\t\t\t<div class=\"elementor-widget-wrap elementor-element-populated\">\n\t\t\t\t\t\t<div class=\"elementor-element elementor-element-643d4bd elementor-widget elementor-widget-theme-site-logo elementor-widget-image\" data-id=\"643d4bd\" data-element_type=\"widget\" data-e-type=\"widget\" data-widget_type=\"theme-site-logo.default\">\n\t\t\t\t<div class=\"elementor-widget-container\">\n\t\t\t\t\t\t\t\t\t\t\t<a href=\"https:\/\/www.conam.org.ar\/web\">\n\t\t\t<img decoding=\"async\" width=\"357\" height=\"109\" src=\"https:\/\/www.conam.org.ar\/web\/wp-content\/uploads\/2021\/03\/thumbnail_logo-sin-color-de-fondo.png\" class=\"attachment-full size-full wp-image-2800\" alt=\"\" srcset=\"https:\/\/www.conam.org.ar\/web\/wp-content\/uploads\/2021\/03\/thumbnail_logo-sin-color-de-fondo.png 357w, https:\/\/www.conam.org.ar\/web\/wp-content\/uploads\/2021\/03\/thumbnail_logo-sin-color-de-fondo-300x92.png 300w\" sizes=\"(max-width: 357px) 100vw, 357px\" \/>\t\t\t\t<\/a>\n\t\t\t\t\t\t\t\t\t\t\t<\/div>\n\t\t\t\t<\/div>\n\t\t\t\t\t<\/div>\n\t\t<\/div>\n\t\t\t\t<div class=\"elementor-column elementor-col-33 elementor-top-column elementor-element elementor-element-7ad5816\" data-id=\"7ad5816\" data-element_type=\"column\" data-e-type=\"column\">\n\t\t\t<div class=\"elementor-widget-wrap elementor-element-populated\">\n\t\t\t\t\t\t<div class=\"elementor-element elementor-element-1630c3a elementor-widget-tablet__width-initial elementor-hidden-desktop elementor-hidden-phone elementor-search-form--skin-classic elementor-search-form--button-type-icon elementor-search-form--icon-search elementor-widget elementor-widget-search-form\" data-id=\"1630c3a\" data-element_type=\"widget\" data-e-type=\"widget\" data-settings=\"{&quot;skin&quot;:&quot;classic&quot;}\" data-widget_type=\"search-form.default\">\n\t\t\t\t<div class=\"elementor-widget-container\">\n\t\t\t\t\t\t\t<search role=\"search\">\n\t\t\t<form class=\"elementor-search-form\" action=\"https:\/\/www.conam.org.ar\/web\" method=\"get\">\n\t\t\t\t\t\t\t\t\t\t\t\t<div class=\"elementor-search-form__container\">\n\t\t\t\t\t<label class=\"elementor-screen-only\" for=\"elementor-search-form-1630c3a\">Search<\/label>\n\n\t\t\t\t\t\n\t\t\t\t\t<input id=\"elementor-search-form-1630c3a\" placeholder=\"Buscar\" class=\"elementor-search-form__input\" type=\"search\" name=\"s\" value=\"\">\n\t\t\t\t\t\n\t\t\t\t\t\t\t\t\t\t\t<button class=\"elementor-search-form__submit\" type=\"submit\" aria-label=\"Search\">\n\t\t\t\t\t\t\t\t\t\t\t\t\t\t\t<i aria-hidden=\"true\" class=\"fas fa-search\"><\/i>\t\t\t\t\t\t\t\t\t\t\t\t\t<\/button>\n\t\t\t\t\t\n\t\t\t\t\t\t\t\t\t<\/div>\n\t\t\t<\/form>\n\t\t<\/search>\n\t\t\t\t\t\t<\/div>\n\t\t\t\t<\/div>\n\t\t\t\t<div class=\"elementor-element elementor-element-352c26d elementor-hidden-tablet elementor-widget elementor-widget-wp-widget-wpmegamenu_widget\" data-id=\"352c26d\" data-element_type=\"widget\" data-e-type=\"widget\" data-widget_type=\"wp-widget-wpmegamenu_widget.default\">\n\t\t\t\t<div class=\"elementor-widget-container\">\n\t\t\t\t\t<div id=\"wpmm-wrap-header_menu\" class=\"wp-megamenu-main-wrapper wpmm-ctheme-wrapper wpmm-hide-toggle wpmega-default-theme wpmega-enabled-mobile-menu wpmm-hideallicons-mobile  wpmm-toggle-accordion wpmm-onhover wpmm-orientation-horizontal  wpmm-flip-effect \"><div class=\"wpmegamenu-toggle wpmega-enabled-menutoggle\" data-responsive-breakpoint=\"910px\"><div class='wp-mega-toggle-block'><div class='wpmega-closeblock'><i class='dashicons dashicons-editor-justify'><\/i><\/div><div class='wpmega-openblock'><i class='dashicons dashicons-no'><\/i><\/div><div class='menutoggle'>Menu<\/div><\/div><\/div><ul id=\"wpmega-menu-header_menu\" class=\"wpmm-mega-wrapper wpmemgamenu-pro\" data-advanced-click=\"wpmm-click-submenu\" data-trigger-effect=\"wpmm-onhover\"><li class='menu-item menu-item-type-custom menu-item-object-custom menu-item-home menu-item-has-children wpmega-menu-flyout wpmega-show-arrow wpmm-menu-align-left wpmega-hide-menu-icon wpmega-flyout-horizontal-right menu-item-4097 menu-item-depth-0 wpmm-submenu-align-left no-dropdown' id='wp_nav_menu-item-4097'><a class=\"wp-mega-menu-link\" href=\"https:\/\/www.conam.org.ar\/web\/\"><span class=\"wpmm-mega-menu-href-title\">Institucional<\/span><\/a>\n<div class='wpmm-sub-menu-wrapper wpmm-menu0'><ul class=\"wp-mega-sub-menu\">\n\t<li class='menu-item menu-item-type-post_type menu-item-object-page wp-mega-menu-header wpmega-show-arrow wpmm-menu-align-left wpmega-hide-menu-icon menu-item-767 menu-item-depth-1 wpmm-submenu-align-left no-dropdown' id='wp_nav_menu-item-767'><a class=\"wp-mega-menu-link\" href=\"https:\/\/www.conam.org.ar\/web\/mision\/\"><span class=\"wpmm-mega-menu-href-title\">Misi\u00f3n y objetivos<\/span><\/a><\/li>\t<li class='menu-item menu-item-type-post_type menu-item-object-page wp-mega-menu-header wpmega-show-arrow wpmm-menu-align-left wpmega-hide-menu-icon menu-item-766 menu-item-depth-1 wpmm-submenu-align-left no-dropdown' id='wp_nav_menu-item-766'><a class=\"wp-mega-menu-link\" href=\"https:\/\/www.conam.org.ar\/web\/vision\/\"><span class=\"wpmm-mega-menu-href-title\">Visi\u00f3n<\/span><\/a><\/li>\t<li class='menu-item menu-item-type-post_type menu-item-object-page wp-mega-menu-header wpmega-show-arrow wpmm-menu-align-left wpmega-hide-menu-icon menu-item-765 menu-item-depth-1 wpmm-submenu-align-left no-dropdown' id='wp_nav_menu-item-765'><a class=\"wp-mega-menu-link\" href=\"https:\/\/www.conam.org.ar\/web\/sobre-conam\/\"><span class=\"wpmm-mega-menu-href-title\">Sobre CONAM<\/span><\/a><\/li>\t<li class='menu-item menu-item-type-post_type menu-item-object-page wp-mega-menu-header wpmega-show-arrow wpmm-menu-align-left wpmega-hide-menu-icon menu-item-3920 menu-item-depth-1 wpmm-submenu-align-left no-dropdown' id='wp_nav_menu-item-3920'><a class=\"wp-mega-menu-link\" href=\"https:\/\/www.conam.org.ar\/web\/estatutos\/\"><span class=\"wpmm-mega-menu-href-title\">Estatuto<\/span><\/a><\/li>\t<li class='menu-item menu-item-type-post_type menu-item-object-page wp-mega-menu-header wpmega-show-arrow wpmm-menu-align-left wpmega-hide-menu-icon menu-item-768 menu-item-depth-1 wpmm-submenu-align-left no-dropdown' id='wp_nav_menu-item-768'><a class=\"wp-mega-menu-link\" href=\"https:\/\/www.conam.org.ar\/web\/autoridades\/\"><span class=\"wpmm-mega-menu-href-title\">Autoridades<\/span><\/a><\/li><\/ul><\/div>\n<\/li><li class='menu-item menu-item-type-post_type menu-item-object-page wpmega-menu-flyout wpmega-show-arrow wpmm-menu-align-left wpmega-hide-menu-icon wpmega-flyout-horizontal-right menu-item-4052 menu-item-depth-0 wpmm-submenu-align-left no-dropdown' id='wp_nav_menu-item-4052'><a class=\"wp-mega-menu-link\" href=\"https:\/\/www.conam.org.ar\/web\/federaciones\/\"><span class=\"wpmm-mega-menu-href-title\">Federaciones<\/span><\/a><\/li><li class='menu-item menu-item-type-post_type menu-item-object-page menu-item-has-children wpmega-menu-flyout wpmega-show-arrow wpmm-menu-align-left wpmega-hide-menu-icon wpmega-flyout-horizontal-right menu-item-770 menu-item-depth-0 wpmm-submenu-align-left no-dropdown' id='wp_nav_menu-item-770'><a class=\"wp-mega-menu-link\" href=\"https:\/\/www.conam.org.ar\/web\/economia-solidaria\/\"><span class=\"wpmm-mega-menu-href-title\">Econom\u00eda Solidaria<\/span><\/a>\n<div class='wpmm-sub-menu-wrapper wpmm-menu0'><ul class=\"wp-mega-sub-menu\">\n\t<li class='menu-item menu-item-type-post_type menu-item-object-page wp-mega-menu-header wpmega-show-arrow wpmm-menu-align-left wpmega-hide-menu-icon menu-item-771 menu-item-depth-1 wpmm-submenu-align-left no-dropdown' id='wp_nav_menu-item-771'><a class=\"wp-mega-menu-link\" href=\"https:\/\/www.conam.org.ar\/web\/mutual-y-sus-principios\/\"><span class=\"wpmm-mega-menu-href-title\">Mutual y sus principios<\/span><\/a><\/li>\t<li class='menu-item menu-item-type-post_type menu-item-object-page wp-mega-menu-header wpmega-show-arrow wpmm-menu-align-left wpmega-hide-menu-icon menu-item-772 menu-item-depth-1 wpmm-submenu-align-left no-dropdown' id='wp_nav_menu-item-772'><a class=\"wp-mega-menu-link\" href=\"https:\/\/www.conam.org.ar\/web\/actividad-de-las-mutuales\/\"><span class=\"wpmm-mega-menu-href-title\">Actividad de las mutuales<\/span><\/a><\/li>\t<li class='menu-item menu-item-type-post_type menu-item-object-page wp-mega-menu-header wpmega-show-arrow wpmm-menu-align-left wpmega-hide-menu-icon menu-item-773 menu-item-depth-1 wpmm-submenu-align-left no-dropdown' id='wp_nav_menu-item-773'><a class=\"wp-mega-menu-link\" href=\"https:\/\/www.conam.org.ar\/web\/normativa\/\"><span class=\"wpmm-mega-menu-href-title\">Normativa<\/span><\/a><\/li><\/ul><\/div>\n<\/li><li class='menu-item menu-item-type-post_type menu-item-object-page wpmega-menu-flyout wpmega-show-arrow wpmm-menu-align-left wpmega-hide-menu-icon wpmega-flyout-horizontal-right menu-item-775 menu-item-depth-0 wpmm-submenu-align-left no-dropdown' id='wp_nav_menu-item-775'><a class=\"wp-mega-menu-link\" href=\"https:\/\/www.conam.org.ar\/web\/mutuales-en-red\/\"><span class=\"wpmm-mega-menu-href-title\">Servicios en red<\/span><\/a><\/li><li class='menu-item menu-item-type-post_type menu-item-object-page wpmega-menu-flyout wpmega-show-arrow wpmm-menu-align-left wpmega-hide-menu-icon wpmega-flyout-horizontal-right menu-item-1610 menu-item-depth-0 wpmm-submenu-align-left no-dropdown' id='wp_nav_menu-item-1610'><a class=\"wp-mega-menu-link\" href=\"https:\/\/www.conam.org.ar\/web\/novedades\/\"><span class=\"wpmm-mega-menu-href-title\">Novedades<\/span><\/a><\/li><\/ul><\/div>\t\t\t\t<\/div>\n\t\t\t\t<\/div>\n\t\t\t\t\t<\/div>\n\t\t<\/div>\n\t\t\t\t<div class=\"elementor-column elementor-col-33 elementor-top-column elementor-element elementor-element-f467f19\" data-id=\"f467f19\" data-element_type=\"column\" data-e-type=\"column\">\n\t\t\t<div class=\"elementor-widget-wrap elementor-element-populated\">\n\t\t\t\t\t\t<div class=\"elementor-element elementor-element-f6a9a59 elementor-widget-tablet__width-initial elementor-hidden-tablet elementor-hidden-mobile elementor-search-form--skin-classic elementor-search-form--button-type-icon elementor-search-form--icon-search elementor-widget elementor-widget-search-form\" data-id=\"f6a9a59\" data-element_type=\"widget\" data-e-type=\"widget\" data-settings=\"{&quot;skin&quot;:&quot;classic&quot;}\" data-widget_type=\"search-form.default\">\n\t\t\t\t<div class=\"elementor-widget-container\">\n\t\t\t\t\t\t\t<search role=\"search\">\n\t\t\t<form class=\"elementor-search-form\" action=\"https:\/\/www.conam.org.ar\/web\" method=\"get\">\n\t\t\t\t\t\t\t\t\t\t\t\t<div class=\"elementor-search-form__container\">\n\t\t\t\t\t<label class=\"elementor-screen-only\" for=\"elementor-search-form-f6a9a59\">Search<\/label>\n\n\t\t\t\t\t\n\t\t\t\t\t<input id=\"elementor-search-form-f6a9a59\" placeholder=\"Buscar\" class=\"elementor-search-form__input\" type=\"search\" name=\"s\" value=\"\">\n\t\t\t\t\t\n\t\t\t\t\t\t\t\t\t\t\t<button class=\"elementor-search-form__submit\" type=\"submit\" aria-label=\"Search\">\n\t\t\t\t\t\t\t\t\t\t\t\t\t\t\t<i aria-hidden=\"true\" class=\"fas fa-search\"><\/i>\t\t\t\t\t\t\t\t\t\t\t\t\t<\/button>\n\t\t\t\t\t\n\t\t\t\t\t\t\t\t\t<\/div>\n\t\t\t<\/form>\n\t\t<\/search>\n\t\t\t\t\t\t<\/div>\n\t\t\t\t<\/div>\n\t\t\t\t<div class=\"elementor-element elementor-element-3197658 elementor-hidden-desktop elementor-nav-menu--stretch elementor-nav-menu__align-center elementor-hidden-mobile elementor-nav-menu--dropdown-tablet elementor-nav-menu__text-align-aside elementor-nav-menu--toggle elementor-nav-menu--burger elementor-widget elementor-widget-nav-menu\" data-id=\"3197658\" data-element_type=\"widget\" data-e-type=\"widget\" data-settings=\"{&quot;full_width&quot;:&quot;stretch&quot;,&quot;layout&quot;:&quot;horizontal&quot;,&quot;submenu_icon&quot;:{&quot;value&quot;:&quot;&lt;i class=\\&quot;fas fa-caret-down\\&quot; aria-hidden=\\&quot;true\\&quot;&gt;&lt;\\\/i&gt;&quot;,&quot;library&quot;:&quot;fa-solid&quot;},&quot;toggle&quot;:&quot;burger&quot;}\" data-widget_type=\"nav-menu.default\">\n\t\t\t\t<div class=\"elementor-widget-container\">\n\t\t\t\t\t\t\t\t<nav aria-label=\"Menu\" class=\"elementor-nav-menu--main elementor-nav-menu__container elementor-nav-menu--layout-horizontal e--pointer-underline e--animation-fade\">\n\t\t\t\t<ul id=\"menu-1-3197658\" class=\"elementor-nav-menu\"><li class=\"menu-item menu-item-type-custom menu-item-object-custom menu-item-home menu-item-has-children menu-item-4097\"><a href=\"https:\/\/www.conam.org.ar\/web\/\" class=\"elementor-item\">Institucional<\/a>\n<ul class=\"sub-menu elementor-nav-menu--dropdown\">\n\t<li class=\"menu-item menu-item-type-post_type menu-item-object-page menu-item-767\"><a href=\"https:\/\/www.conam.org.ar\/web\/mision\/\" class=\"elementor-sub-item\">Misi\u00f3n y objetivos<\/a><\/li>\n\t<li class=\"menu-item menu-item-type-post_type menu-item-object-page menu-item-766\"><a href=\"https:\/\/www.conam.org.ar\/web\/vision\/\" class=\"elementor-sub-item\">Visi\u00f3n<\/a><\/li>\n\t<li class=\"menu-item menu-item-type-post_type menu-item-object-page menu-item-765\"><a href=\"https:\/\/www.conam.org.ar\/web\/sobre-conam\/\" class=\"elementor-sub-item\">Sobre CONAM<\/a><\/li>\n\t<li class=\"menu-item menu-item-type-post_type menu-item-object-page menu-item-3920\"><a href=\"https:\/\/www.conam.org.ar\/web\/estatutos\/\" class=\"elementor-sub-item\">Estatuto<\/a><\/li>\n\t<li class=\"menu-item menu-item-type-post_type menu-item-object-page menu-item-768\"><a href=\"https:\/\/www.conam.org.ar\/web\/autoridades\/\" class=\"elementor-sub-item\">Autoridades<\/a><\/li>\n<\/ul>\n<\/li>\n<li class=\"menu-item menu-item-type-post_type menu-item-object-page menu-item-4052\"><a href=\"https:\/\/www.conam.org.ar\/web\/federaciones\/\" class=\"elementor-item\">Federaciones<\/a><\/li>\n<li class=\"menu-item menu-item-type-post_type menu-item-object-page menu-item-has-children menu-item-770\"><a href=\"https:\/\/www.conam.org.ar\/web\/economia-solidaria\/\" class=\"elementor-item\">Econom\u00eda Solidaria<\/a>\n<ul class=\"sub-menu elementor-nav-menu--dropdown\">\n\t<li class=\"menu-item menu-item-type-post_type menu-item-object-page menu-item-771\"><a href=\"https:\/\/www.conam.org.ar\/web\/mutual-y-sus-principios\/\" class=\"elementor-sub-item\">Mutual y sus principios<\/a><\/li>\n\t<li class=\"menu-item menu-item-type-post_type menu-item-object-page menu-item-772\"><a href=\"https:\/\/www.conam.org.ar\/web\/actividad-de-las-mutuales\/\" class=\"elementor-sub-item\">Actividad de las mutuales<\/a><\/li>\n\t<li class=\"menu-item menu-item-type-post_type menu-item-object-page menu-item-773\"><a href=\"https:\/\/www.conam.org.ar\/web\/normativa\/\" class=\"elementor-sub-item\">Normativa<\/a><\/li>\n<\/ul>\n<\/li>\n<li class=\"menu-item menu-item-type-post_type menu-item-object-page menu-item-775\"><a href=\"https:\/\/www.conam.org.ar\/web\/mutuales-en-red\/\" class=\"elementor-item\">Servicios en red<\/a><\/li>\n<li class=\"menu-item menu-item-type-post_type menu-item-object-page menu-item-1610\"><a href=\"https:\/\/www.conam.org.ar\/web\/novedades\/\" class=\"elementor-item\">Novedades<\/a><\/li>\n<\/ul>\t\t\t<\/nav>\n\t\t\t\t\t<div class=\"elementor-menu-toggle\" role=\"button\" tabindex=\"0\" aria-label=\"Menu Toggle\" aria-expanded=\"false\">\n\t\t\t<i aria-hidden=\"true\" role=\"presentation\" class=\"elementor-menu-toggle__icon--open eicon-menu-bar\"><\/i><i aria-hidden=\"true\" role=\"presentation\" class=\"elementor-menu-toggle__icon--close eicon-close\"><\/i>\t\t<\/div>\n\t\t\t\t\t<nav class=\"elementor-nav-menu--dropdown elementor-nav-menu__container\" aria-hidden=\"true\">\n\t\t\t\t<ul id=\"menu-2-3197658\" class=\"elementor-nav-menu\"><li class=\"menu-item menu-item-type-custom menu-item-object-custom menu-item-home menu-item-has-children menu-item-4097\"><a href=\"https:\/\/www.conam.org.ar\/web\/\" class=\"elementor-item\" tabindex=\"-1\">Institucional<\/a>\n<ul class=\"sub-menu elementor-nav-menu--dropdown\">\n\t<li class=\"menu-item menu-item-type-post_type menu-item-object-page menu-item-767\"><a href=\"https:\/\/www.conam.org.ar\/web\/mision\/\" class=\"elementor-sub-item\" tabindex=\"-1\">Misi\u00f3n y objetivos<\/a><\/li>\n\t<li class=\"menu-item menu-item-type-post_type menu-item-object-page menu-item-766\"><a href=\"https:\/\/www.conam.org.ar\/web\/vision\/\" class=\"elementor-sub-item\" tabindex=\"-1\">Visi\u00f3n<\/a><\/li>\n\t<li class=\"menu-item menu-item-type-post_type menu-item-object-page menu-item-765\"><a href=\"https:\/\/www.conam.org.ar\/web\/sobre-conam\/\" class=\"elementor-sub-item\" tabindex=\"-1\">Sobre CONAM<\/a><\/li>\n\t<li class=\"menu-item menu-item-type-post_type menu-item-object-page menu-item-3920\"><a href=\"https:\/\/www.conam.org.ar\/web\/estatutos\/\" class=\"elementor-sub-item\" tabindex=\"-1\">Estatuto<\/a><\/li>\n\t<li class=\"menu-item menu-item-type-post_type menu-item-object-page menu-item-768\"><a href=\"https:\/\/www.conam.org.ar\/web\/autoridades\/\" class=\"elementor-sub-item\" tabindex=\"-1\">Autoridades<\/a><\/li>\n<\/ul>\n<\/li>\n<li class=\"menu-item menu-item-type-post_type menu-item-object-page menu-item-4052\"><a href=\"https:\/\/www.conam.org.ar\/web\/federaciones\/\" class=\"elementor-item\" tabindex=\"-1\">Federaciones<\/a><\/li>\n<li class=\"menu-item menu-item-type-post_type menu-item-object-page menu-item-has-children menu-item-770\"><a href=\"https:\/\/www.conam.org.ar\/web\/economia-solidaria\/\" class=\"elementor-item\" tabindex=\"-1\">Econom\u00eda Solidaria<\/a>\n<ul class=\"sub-menu elementor-nav-menu--dropdown\">\n\t<li class=\"menu-item menu-item-type-post_type menu-item-object-page menu-item-771\"><a href=\"https:\/\/www.conam.org.ar\/web\/mutual-y-sus-principios\/\" class=\"elementor-sub-item\" tabindex=\"-1\">Mutual y sus principios<\/a><\/li>\n\t<li class=\"menu-item menu-item-type-post_type menu-item-object-page menu-item-772\"><a href=\"https:\/\/www.conam.org.ar\/web\/actividad-de-las-mutuales\/\" class=\"elementor-sub-item\" tabindex=\"-1\">Actividad de las mutuales<\/a><\/li>\n\t<li class=\"menu-item menu-item-type-post_type menu-item-object-page menu-item-773\"><a href=\"https:\/\/www.conam.org.ar\/web\/normativa\/\" class=\"elementor-sub-item\" tabindex=\"-1\">Normativa<\/a><\/li>\n<\/ul>\n<\/li>\n<li class=\"menu-item menu-item-type-post_type menu-item-object-page menu-item-775\"><a href=\"https:\/\/www.conam.org.ar\/web\/mutuales-en-red\/\" class=\"elementor-item\" tabindex=\"-1\">Servicios en red<\/a><\/li>\n<li class=\"menu-item menu-item-type-post_type menu-item-object-page menu-item-1610\"><a href=\"https:\/\/www.conam.org.ar\/web\/novedades\/\" class=\"elementor-item\" tabindex=\"-1\">Novedades<\/a><\/li>\n<\/ul>\t\t\t<\/nav>\n\t\t\t\t\t\t<\/div>\n\t\t\t\t<\/div>\n\t\t\t\t\t<\/div>\n\t\t<\/div>\n\t\t\t\t\t<\/div>\n\t\t<\/section>\n\t\t\t\t<section class=\"elementor-section elementor-top-section elementor-element elementor-element-a540f51 elementor-section-full_width elementor-hidden-tablet elementor-hidden-phone elementor-section-height-default elementor-section-height-default\" data-id=\"a540f51\" data-element_type=\"section\" data-e-type=\"section\">\n\t\t\t\t\t\t<div class=\"elementor-container elementor-column-gap-default\">\n\t\t\t\t\t<div class=\"elementor-column elementor-col-100 elementor-top-column elementor-element elementor-element-e87a7ee\" data-id=\"e87a7ee\" data-element_type=\"column\" data-e-type=\"column\">\n\t\t\t<div class=\"elementor-widget-wrap elementor-element-populated\">\n\t\t\t\t\t\t<div class=\"elementor-element elementor-element-f563717 elementor-widget elementor-widget-spacer\" data-id=\"f563717\" data-element_type=\"widget\" data-e-type=\"widget\" data-widget_type=\"spacer.default\">\n\t\t\t\t<div class=\"elementor-widget-container\">\n\t\t\t\t\t\t\t<div class=\"elementor-spacer\">\n\t\t\t<div class=\"elementor-spacer-inner\"><\/div>\n\t\t<\/div>\n\t\t\t\t\t\t<\/div>\n\t\t\t\t<\/div>\n\t\t\t\t\t<\/div>\n\t\t<\/div>\n\t\t\t\t\t<\/div>\n\t\t<\/section>\n\t\t\t\t<\/header>\n\t\t<\/div>\n\t\t\t\t\t\t<\/div>\n\t\t\t\t<\/div>\n\t\t\t\t\t<\/div>\n\t\t<\/div>\n\t\t\t\t\t<\/div>\n\t\t<\/section>\n\t\t\t\t<section class=\"elementor-section elementor-top-section elementor-element elementor-element-18369d07 elementor-section-boxed elementor-section-height-default elementor-section-height-default\" data-id=\"18369d07\" data-element_type=\"section\" data-e-type=\"section\">\n\t\t\t\t\t\t<div class=\"elementor-container elementor-column-gap-default\">\n\t\t\t\t\t<div class=\"elementor-column elementor-col-100 elementor-top-column elementor-element elementor-element-356db55a\" data-id=\"356db55a\" data-element_type=\"column\" data-e-type=\"column\">\n\t\t\t<div class=\"elementor-widget-wrap elementor-element-populated\">\n\t\t\t\t\t\t<div class=\"elementor-element elementor-element-5ffc3e49 elementor-widget elementor-widget-heading\" data-id=\"5ffc3e49\" data-element_type=\"widget\" data-e-type=\"widget\" data-widget_type=\"heading.default\">\n\t\t\t\t<div class=\"elementor-widget-container\">\n\t\t\t\t\t<h1 class=\"elementor-heading-title elementor-size-default\">MUTUALISMO Y COLECTIVIDADES: CONAM ACOMPA\u00d1\u00d3 A FEDESPA EN UNA CELEBRACI\u00d3N QUE PUSO EN ESCENA LA DIVERSIDAD CULTURAL DE LA COMUNIDAD ESPA\u00d1OLA EN ARGENTINA<\/h1>\t\t\t\t<\/div>\n\t\t\t\t<\/div>\n\t\t\t\t\t<\/div>\n\t\t<\/div>\n\t\t\t\t\t<\/div>\n\t\t<\/section>\n\t\t\t\t<section class=\"elementor-section elementor-top-section elementor-element elementor-element-75fce1cf elementor-section-boxed elementor-section-height-default elementor-section-height-default\" data-id=\"75fce1cf\" data-element_type=\"section\" data-e-type=\"section\">\n\t\t\t\t\t\t<div class=\"elementor-container elementor-column-gap-default\">\n\t\t\t\t\t<div class=\"elementor-column elementor-col-100 elementor-top-column elementor-element elementor-element-99318fc\" data-id=\"99318fc\" data-element_type=\"column\" data-e-type=\"column\">\n\t\t\t<div class=\"elementor-widget-wrap elementor-element-populated\">\n\t\t\t\t\t\t<div class=\"elementor-element elementor-element-5f182e0e elementor-widget elementor-widget-image\" data-id=\"5f182e0e\" data-element_type=\"widget\" data-e-type=\"widget\" data-widget_type=\"image.default\">\n\t\t\t\t<div class=\"elementor-widget-container\">\n\t\t\t\t\t\t\t\t\t\t\t\t\t\t\t<img fetchpriority=\"high\" decoding=\"async\" width=\"1528\" height=\"1029\" src=\"https:\/\/www.conam.org.ar\/web\/wp-content\/uploads\/2026\/08\/MUTUALISMO-Y-COLECTIVIDADES-CONAM-ACOMPANO-A-FEDESPA-EN-UNA-CELEBRACIO.png\" class=\"attachment-1536x1536 size-1536x1536 wp-image-18186\" alt=\"\" srcset=\"https:\/\/www.conam.org.ar\/web\/wp-content\/uploads\/2026\/08\/MUTUALISMO-Y-COLECTIVIDADES-CONAM-ACOMPANO-A-FEDESPA-EN-UNA-CELEBRACIO.png 1528w, https:\/\/www.conam.org.ar\/web\/wp-content\/uploads\/2026\/08\/MUTUALISMO-Y-COLECTIVIDADES-CONAM-ACOMPANO-A-FEDESPA-EN-UNA-CELEBRACIO-300x202.png 300w, https:\/\/www.conam.org.ar\/web\/wp-content\/uploads\/2026\/08\/MUTUALISMO-Y-COLECTIVIDADES-CONAM-ACOMPANO-A-FEDESPA-EN-UNA-CELEBRACIO-1024x690.png 1024w, https:\/\/www.conam.org.ar\/web\/wp-content\/uploads\/2026\/08\/MUTUALISMO-Y-COLECTIVIDADES-CONAM-ACOMPANO-A-FEDESPA-EN-UNA-CELEBRACIO-768x517.png 768w\" sizes=\"(max-width: 1528px) 100vw, 1528px\" \/>\t\t\t\t\t\t\t\t\t\t\t\t\t\t\t<\/div>\n\t\t\t\t<\/div>\n\t\t\t\t\t<\/div>\n\t\t<\/div>\n\t\t\t\t\t<\/div>\n\t\t<\/section>\n\t\t\t\t<section class=\"elementor-section elementor-top-section elementor-element elementor-element-702bd6d3 elementor-section-boxed elementor-section-height-default elementor-section-height-default\" data-id=\"702bd6d3\" data-element_type=\"section\" data-e-type=\"section\">\n\t\t\t\t\t\t<div class=\"elementor-container elementor-column-gap-default\">\n\t\t\t\t\t<div class=\"elementor-column elementor-col-50 elementor-top-column elementor-element elementor-element-ebda0fc\" data-id=\"ebda0fc\" data-element_type=\"column\" data-e-type=\"column\">\n\t\t\t<div class=\"elementor-widget-wrap elementor-element-populated\">\n\t\t\t\t\t\t<div class=\"elementor-element elementor-element-360bb25b elementor-widget-divider--view-line elementor-widget elementor-widget-divider\" data-id=\"360bb25b\" data-element_type=\"widget\" data-e-type=\"widget\" data-widget_type=\"divider.default\">\n\t\t\t\t<div class=\"elementor-widget-container\">\n\t\t\t\t\t\t\t<div class=\"elementor-divider\">\n\t\t\t<span class=\"elementor-divider-separator\">\n\t\t\t\t\t\t<\/span>\n\t\t<\/div>\n\t\t\t\t\t\t<\/div>\n\t\t\t\t<\/div>\n\t\t\t\t<div class=\"elementor-element elementor-element-27027a49 elementor-shape-circle elementor-grid-mobile-0 elementor-grid-0 e-grid-align-center elementor-widget elementor-widget-social-icons\" data-id=\"27027a49\" data-element_type=\"widget\" data-e-type=\"widget\" data-widget_type=\"social-icons.default\">\n\t\t\t\t<div class=\"elementor-widget-container\">\n\t\t\t\t\t\t\t<div class=\"elementor-social-icons-wrapper elementor-grid\" role=\"list\">\n\t\t\t\t\t\t\t<span class=\"elementor-grid-item\" role=\"listitem\">\n\t\t\t\t\t<a class=\"elementor-icon elementor-social-icon elementor-social-icon-facebook-f elementor-repeater-item-7e76215\" href=\"https:\/\/www.facebook.com\/ConamMutualismo\" target=\"_blank\">\n\t\t\t\t\t\t<span class=\"elementor-screen-only\">Facebook-f<\/span>\n\t\t\t\t\t\t<i aria-hidden=\"true\" class=\"fab fa-facebook-f\"><\/i>\t\t\t\t\t<\/a>\n\t\t\t\t<\/span>\n\t\t\t\t\t\t\t<span class=\"elementor-grid-item\" role=\"listitem\">\n\t\t\t\t\t<a class=\"elementor-icon elementor-social-icon elementor-social-icon-twitter elementor-repeater-item-f4248f0\" href=\"https:\/\/twitter.com\/conammutual?lang=es\" target=\"_blank\">\n\t\t\t\t\t\t<span class=\"elementor-screen-only\">Twitter<\/span>\n\t\t\t\t\t\t<i aria-hidden=\"true\" class=\"fab fa-twitter\"><\/i>\t\t\t\t\t<\/a>\n\t\t\t\t<\/span>\n\t\t\t\t\t\t\t<span class=\"elementor-grid-item\" role=\"listitem\">\n\t\t\t\t\t<a class=\"elementor-icon elementor-social-icon elementor-social-icon-instagram elementor-repeater-item-8b02ba4\" href=\"https:\/\/www.instagram.com\/conammutualismo\/\" target=\"_blank\">\n\t\t\t\t\t\t<span class=\"elementor-screen-only\">Instagram<\/span>\n\t\t\t\t\t\t<i aria-hidden=\"true\" class=\"fab fa-instagram\"><\/i>\t\t\t\t\t<\/a>\n\t\t\t\t<\/span>\n\t\t\t\t\t\t\t<span class=\"elementor-grid-item\" role=\"listitem\">\n\t\t\t\t\t<a class=\"elementor-icon elementor-social-icon elementor-social-icon-envelope elementor-repeater-item-742fba0\" target=\"_blank\">\n\t\t\t\t\t\t<span class=\"elementor-screen-only\">Envelope<\/span>\n\t\t\t\t\t\t<i aria-hidden=\"true\" class=\"far fa-envelope\"><\/i>\t\t\t\t\t<\/a>\n\t\t\t\t<\/span>\n\t\t\t\t\t\t\t<span class=\"elementor-grid-item\" role=\"listitem\">\n\t\t\t\t\t<a class=\"elementor-icon elementor-social-icon elementor-social-icon-youtube elementor-repeater-item-ace45c9\" href=\"https:\/\/www.youtube.com\/channel\/UC7KxMlgG6jBLkTb5_MT1Mag\" target=\"_blank\">\n\t\t\t\t\t\t<span class=\"elementor-screen-only\">Youtube<\/span>\n\t\t\t\t\t\t<i aria-hidden=\"true\" class=\"fab fa-youtube\"><\/i>\t\t\t\t\t<\/a>\n\t\t\t\t<\/span>\n\t\t\t\t\t<\/div>\n\t\t\t\t\t\t<\/div>\n\t\t\t\t<\/div>\n\t\t\t\t<div class=\"elementor-element elementor-element-1c796731 elementor-widget-divider--view-line elementor-widget elementor-widget-divider\" data-id=\"1c796731\" data-element_type=\"widget\" data-e-type=\"widget\" data-widget_type=\"divider.default\">\n\t\t\t\t<div class=\"elementor-widget-container\">\n\t\t\t\t\t\t\t<div class=\"elementor-divider\">\n\t\t\t<span class=\"elementor-divider-separator\">\n\t\t\t\t\t\t<\/span>\n\t\t<\/div>\n\t\t\t\t\t\t<\/div>\n\t\t\t\t<\/div>\n\t\t\t\t<div class=\"elementor-element elementor-element-69e2569d elementor-widget elementor-widget-text-editor\" data-id=\"69e2569d\" data-element_type=\"widget\" data-e-type=\"widget\" data-widget_type=\"text-editor.default\">\n\t\t\t\t<div class=\"elementor-widget-container\">\n\t\t\t\t\t\t\t\t\t<p>La Federaci\u00f3n de Sociedades Espa\u00f1olas de Argentina <strong>(FEDESPA), entidad adherida CONAM, y el Cap\u00edtulo Argentina de la organizaci\u00f3n ALUMNI de la Universidad de Salamanca de Espa\u00f1a realizaron<\/strong>, el pasado 21 de agosto en la mutual Centro Salamanca de Buenos Aires,<strong> el Primer Desfile 2026 de Trajes Tradicionales Espa\u00f1oles: \u201cSostenibilidad Cultural\u201d<\/strong>, una propuesta que puso en escena la diversidad y vigencia del patrimonio cultural de las distintas comunidades espa\u00f1olas en nuestro pa\u00eds.<\/p>\t\t\t\t\t\t\t\t<\/div>\n\t\t\t\t<\/div>\n\t\t\t\t<div class=\"elementor-element elementor-element-76cd7482 elementor-widget elementor-widget-text-editor\" data-id=\"76cd7482\" data-element_type=\"widget\" data-e-type=\"widget\" data-widget_type=\"text-editor.default\">\n\t\t\t\t<div class=\"elementor-widget-container\">\n\t\t\t\t\t\t\t\t\t<p>La actividad cont\u00f3 con la participaci\u00f3n del <strong>Director General de Colectividades y Migrantes del Gobierno de la Ciudad de Buenos Aires, Santos Gast\u00f3n Juan;<\/strong> la Presidente de CONAM, <strong>Rosa B. Rodr\u00edguez<\/strong>; el Presidente de FEDESPA,<strong>\u00a0Jos\u00e9 Manuel Besteiro<\/strong>; la coordinadora del Cap\u00edtulo Argentina y el Cap\u00edtulo LATAM de ALUMNI,<strong> Susy Bello Knoll<\/strong>; y el Presidente del Centro Salamanca de Buenos Aires, <strong>Rub\u00e9n G\u00f3mez<\/strong>, entre otras autoridades y representantes vinculados con la colectividad espa\u00f1ola.<\/p>\t\t\t\t\t\t\t\t<\/div>\n\t\t\t\t<\/div>\n\t\t\t\t<div class=\"elementor-element elementor-element-463d5f0b elementor-widget elementor-widget-text-editor\" data-id=\"463d5f0b\" data-element_type=\"widget\" data-e-type=\"widget\" data-widget_type=\"text-editor.default\">\n\t\t\t\t<div class=\"elementor-widget-container\">\n\t\t\t\t\t\t\t\t\t<p><strong>El encuentro reuni\u00f3 a m\u00faltiples organizaciones representativas de la cultura de Espa\u00f1a<\/strong> que se encuentran en Argentina y permiti\u00f3 poner en valor la indumentaria tradicional como una expresi\u00f3n viva de las costumbres, los oficios, las celebraciones y la identidad de cada comunidad. A lo largo de la jornada se presentaron vestimentas vinculadas con Castilla y Le\u00f3n, La Rioja, Asturias, Cantabria, Arag\u00f3n, Madrid, Galicia y Canarias, acompa\u00f1adas por distintas expresiones art\u00edsticas.<\/p>\t\t\t\t\t\t\t\t<\/div>\n\t\t\t\t<\/div>\n\t\t\t\t<div class=\"elementor-element elementor-element-209ba2ed elementor-widget elementor-widget-image\" data-id=\"209ba2ed\" data-element_type=\"widget\" data-e-type=\"widget\" data-widget_type=\"image.default\">\n\t\t\t\t<div class=\"elementor-widget-container\">\n\t\t\t\t\t\t\t\t\t\t\t\t\t\t\t<img decoding=\"async\" width=\"1024\" height=\"576\" src=\"https:\/\/www.conam.org.ar\/web\/wp-content\/uploads\/2026\/08\/MUTUALISMO-Y-COLECTIVIDADES-CONAM-ACOMPANO-A-FEDESPA-EN-UNA-CELEBRACIO-1-1024x576.jpeg\" class=\"attachment-large size-large wp-image-18188\" alt=\"\" srcset=\"https:\/\/www.conam.org.ar\/web\/wp-content\/uploads\/2026\/08\/MUTUALISMO-Y-COLECTIVIDADES-CONAM-ACOMPANO-A-FEDESPA-EN-UNA-CELEBRACIO-1-1024x576.jpeg 1024w, https:\/\/www.conam.org.ar\/web\/wp-content\/uploads\/2026\/08\/MUTUALISMO-Y-COLECTIVIDADES-CONAM-ACOMPANO-A-FEDESPA-EN-UNA-CELEBRACIO-1-300x169.jpeg 300w, https:\/\/www.conam.org.ar\/web\/wp-content\/uploads\/2026\/08\/MUTUALISMO-Y-COLECTIVIDADES-CONAM-ACOMPANO-A-FEDESPA-EN-UNA-CELEBRACIO-1-768x432.jpeg 768w, https:\/\/www.conam.org.ar\/web\/wp-content\/uploads\/2026\/08\/MUTUALISMO-Y-COLECTIVIDADES-CONAM-ACOMPANO-A-FEDESPA-EN-UNA-CELEBRACIO-1-1536x864.jpeg 1536w, https:\/\/www.conam.org.ar\/web\/wp-content\/uploads\/2026\/08\/MUTUALISMO-Y-COLECTIVIDADES-CONAM-ACOMPANO-A-FEDESPA-EN-UNA-CELEBRACIO-1.jpeg 1600w\" sizes=\"(max-width: 1024px) 100vw, 1024px\" \/>\t\t\t\t\t\t\t\t\t\t\t\t\t\t\t<\/div>\n\t\t\t\t<\/div>\n\t\t\t\t<div class=\"elementor-element elementor-element-a91e459 elementor-widget elementor-widget-image\" data-id=\"a91e459\" data-element_type=\"widget\" data-e-type=\"widget\" data-widget_type=\"image.default\">\n\t\t\t\t<div class=\"elementor-widget-container\">\n\t\t\t\t\t\t\t\t\t\t\t\t\t\t\t<img loading=\"lazy\" decoding=\"async\" width=\"576\" height=\"1024\" src=\"https:\/\/www.conam.org.ar\/web\/wp-content\/uploads\/2026\/08\/MUTUALISMO-Y-COLECTIVIDADES-CONAM-ACOMPANO-A-FEDESPA-EN-UNA-CELEBRA-4-576x1024.jpeg\" class=\"attachment-large size-large wp-image-18189\" alt=\"\" srcset=\"https:\/\/www.conam.org.ar\/web\/wp-content\/uploads\/2026\/08\/MUTUALISMO-Y-COLECTIVIDADES-CONAM-ACOMPANO-A-FEDESPA-EN-UNA-CELEBRA-4-576x1024.jpeg 576w, https:\/\/www.conam.org.ar\/web\/wp-content\/uploads\/2026\/08\/MUTUALISMO-Y-COLECTIVIDADES-CONAM-ACOMPANO-A-FEDESPA-EN-UNA-CELEBRA-4-169x300.jpeg 169w, https:\/\/www.conam.org.ar\/web\/wp-content\/uploads\/2026\/08\/MUTUALISMO-Y-COLECTIVIDADES-CONAM-ACOMPANO-A-FEDESPA-EN-UNA-CELEBRA-4-768x1365.jpeg 768w, https:\/\/www.conam.org.ar\/web\/wp-content\/uploads\/2026\/08\/MUTUALISMO-Y-COLECTIVIDADES-CONAM-ACOMPANO-A-FEDESPA-EN-UNA-CELEBRA-4-864x1536.jpeg 864w, https:\/\/www.conam.org.ar\/web\/wp-content\/uploads\/2026\/08\/MUTUALISMO-Y-COLECTIVIDADES-CONAM-ACOMPANO-A-FEDESPA-EN-UNA-CELEBRA-4.jpeg 900w\" sizes=\"(max-width: 576px) 100vw, 576px\" \/>\t\t\t\t\t\t\t\t\t\t\t\t\t\t\t<\/div>\n\t\t\t\t<\/div>\n\t\t\t\t<div class=\"elementor-element elementor-element-611a3ee9 elementor-widget elementor-widget-text-editor\" data-id=\"611a3ee9\" data-element_type=\"widget\" data-e-type=\"widget\" data-widget_type=\"text-editor.default\">\n\t\t\t\t<div class=\"elementor-widget-container\">\n\t\t\t\t\t\t\t\t\t<p><strong>Los trajes presentados representaron distintas identidades regionales y autonom\u00edas de Espa\u00f1a<\/strong> y permitieron recuperar historias familiares, costumbres y expresiones que forman parte del patrimonio de una colectividad que desde hace d\u00e9cadas construye una presencia activa en la vida social y cultural de la Argentina.<\/p>\t\t\t\t\t\t\t\t<\/div>\n\t\t\t\t<\/div>\n\t\t\t\t<div class=\"elementor-element elementor-element-7532175a elementor-widget elementor-widget-text-editor\" data-id=\"7532175a\" data-element_type=\"widget\" data-e-type=\"widget\" data-widget_type=\"text-editor.default\">\n\t\t\t\t<div class=\"elementor-widget-container\">\n\t\t\t\t\t\t\t\t\t<p>El encuentro concluy\u00f3 con la participaci\u00f3n conjunta de las delegaciones y unas palabras de despedida del presidente de FEDESPA, Jos\u00e9 Manuel Besteiro, junto con el agradecimiento a las entidades, representantes y voluntarios que hicieron posible la actividad.<\/p><p><strong>La iniciativa tendr\u00e1 continuidad el pr\u00f3ximo 2 de octubre a las 18 horas, cuando se realice en la sede de FEDESPA el Segundo Desfile de Trajes Tradicionales Espa\u00f1oles 2026: Sostenibilidad Cultural, con nuevas instituciones y comunidades participantes.<\/strong><\/p>\t\t\t\t\t\t\t\t<\/div>\n\t\t\t\t<\/div>\n\t\t\t\t<div class=\"elementor-element elementor-element-6f094cf elementor-widget elementor-widget-text-editor\" data-id=\"6f094cf\" data-element_type=\"widget\" data-e-type=\"widget\" data-widget_type=\"text-editor.default\">\n\t\t\t\t<div class=\"elementor-widget-container\">\n\t\t\t\t\t\t\t\t\t<p>Asimismo,<strong> detr\u00e1s de esta celebraci\u00f3n cultural existe tambi\u00e9n una historia que vincula directamente a las colectividades con el mutualismo argentino.<\/strong> Muchas de las instituciones creadas por las comunidades de primeros inmigrantes que llegaron al pa\u00eds no se limitaron a preservar sus ra\u00edces, sino que desarrollaron espacios de encuentro y servicios destinados al bienestar de sus integrantes, dando lugar a entidades que hoy contin\u00faan ofreciendo propuestas sociales, culturales, educativas, recreativas, tur\u00edsticas y asistenciales. <strong>Esa tradici\u00f3n de ayuda mutua constituye uno de los puntos de encuentro m\u00e1s fuertes entre el movimiento mutual y las colectividades.<\/strong><\/p>\t\t\t\t\t\t\t\t<\/div>\n\t\t\t\t<\/div>\n\t\t\t\t<div class=\"elementor-element elementor-element-0743ee4 elementor-widget elementor-widget-text-editor\" data-id=\"0743ee4\" data-element_type=\"widget\" data-e-type=\"widget\" data-widget_type=\"text-editor.default\">\n\t\t\t\t<div class=\"elementor-widget-container\">\n\t\t\t\t\t\t\t\t\t<p>En este marco,<strong> la Confederaci\u00f3n viene profundizando una agenda de trabajo vinculada con las organizaciones de las colectividades, entendiendo que el mutualismo forma parte institucional en la vida de estas comunidades<\/strong>. En mayo de este a\u00f1o,<a href=\"https:\/\/www.conam.org.ar\/web\/2026\/05\/11\/conam-profundiza-su-agenda-internacional-en-un-encuentro-clave-sobre-mutualismo-y-colectividades-junto-a-los-consules-generales-de-espana-e-italia\/\"><strong> CONAM particip\u00f3 precisamente de la conferencia \u201cAsociaciones y Mutuales de Colectividades\u201d, junto a representantes diplom\u00e1ticos de Espa\u00f1a e Italia y dirigentes de FEDESPA y FEDITALIA en el Colegio P\u00fablico de la Abogac\u00eda de la Capital Federal<\/strong><\/a>; <strong>destacando la importancia que cumplen actualmente las mutuales y asociaciones de colectividades, sobre todo en la prestaci\u00f3n de servicios y en la generaci\u00f3n de verdaderos espacios de encuentro e integraci\u00f3n para miles de familias.<\/strong><\/p>\t\t\t\t\t\t\t\t<\/div>\n\t\t\t\t<\/div>\n\t\t\t\t<div class=\"elementor-element elementor-element-25457264 elementor-widget elementor-widget-image\" data-id=\"25457264\" data-element_type=\"widget\" data-e-type=\"widget\" data-widget_type=\"image.default\">\n\t\t\t\t<div class=\"elementor-widget-container\">\n\t\t\t\t\t\t\t\t\t\t\t\t\t\t\t<img loading=\"lazy\" decoding=\"async\" width=\"1024\" height=\"768\" src=\"https:\/\/www.conam.org.ar\/web\/wp-content\/uploads\/2026\/08\/MUTUALISMO-Y-COLECTIVIDADES-CONAM-ACOMPANO-A-FEDESPA-EN-UNA-CELEBRACIO-1.jpg\" class=\"attachment-large size-large wp-image-18190\" alt=\"\" srcset=\"https:\/\/www.conam.org.ar\/web\/wp-content\/uploads\/2026\/08\/MUTUALISMO-Y-COLECTIVIDADES-CONAM-ACOMPANO-A-FEDESPA-EN-UNA-CELEBRACIO-1.jpg 1024w, https:\/\/www.conam.org.ar\/web\/wp-content\/uploads\/2026\/08\/MUTUALISMO-Y-COLECTIVIDADES-CONAM-ACOMPANO-A-FEDESPA-EN-UNA-CELEBRACIO-1-300x225.jpg 300w, https:\/\/www.conam.org.ar\/web\/wp-content\/uploads\/2026\/08\/MUTUALISMO-Y-COLECTIVIDADES-CONAM-ACOMPANO-A-FEDESPA-EN-UNA-CELEBRACIO-1-768x576.jpg 768w, https:\/\/www.conam.org.ar\/web\/wp-content\/uploads\/2026\/08\/MUTUALISMO-Y-COLECTIVIDADES-CONAM-ACOMPANO-A-FEDESPA-EN-UNA-CELEBRACIO-1-380x285.jpg 380w, https:\/\/www.conam.org.ar\/web\/wp-content\/uploads\/2026\/08\/MUTUALISMO-Y-COLECTIVIDADES-CONAM-ACOMPANO-A-FEDESPA-EN-UNA-CELEBRACIO-1-285x214.jpg 285w\" sizes=\"(max-width: 1024px) 100vw, 1024px\" \/>\t\t\t\t\t\t\t\t\t\t\t\t\t\t\t<\/div>\n\t\t\t\t<\/div>\n\t\t\t\t<div class=\"elementor-element elementor-element-241eae7 elementor-widget elementor-widget-image\" data-id=\"241eae7\" data-element_type=\"widget\" data-e-type=\"widget\" data-widget_type=\"image.default\">\n\t\t\t\t<div class=\"elementor-widget-container\">\n\t\t\t\t\t\t\t\t\t\t\t\t\t\t\t<img loading=\"lazy\" decoding=\"async\" width=\"1024\" height=\"575\" src=\"https:\/\/www.conam.org.ar\/web\/wp-content\/uploads\/2026\/08\/MUTUALISMO-Y-COLECTIVIDADES-CONAM-ACOMPANO-A-FEDESPA-EN-UNA-CELEBRACIO-1024x575.jpeg\" class=\"attachment-large size-large wp-image-18191\" alt=\"\" srcset=\"https:\/\/www.conam.org.ar\/web\/wp-content\/uploads\/2026\/08\/MUTUALISMO-Y-COLECTIVIDADES-CONAM-ACOMPANO-A-FEDESPA-EN-UNA-CELEBRACIO-1024x575.jpeg 1024w, https:\/\/www.conam.org.ar\/web\/wp-content\/uploads\/2026\/08\/MUTUALISMO-Y-COLECTIVIDADES-CONAM-ACOMPANO-A-FEDESPA-EN-UNA-CELEBRACIO-300x169.jpeg 300w, https:\/\/www.conam.org.ar\/web\/wp-content\/uploads\/2026\/08\/MUTUALISMO-Y-COLECTIVIDADES-CONAM-ACOMPANO-A-FEDESPA-EN-UNA-CELEBRACIO-768x431.jpeg 768w, https:\/\/www.conam.org.ar\/web\/wp-content\/uploads\/2026\/08\/MUTUALISMO-Y-COLECTIVIDADES-CONAM-ACOMPANO-A-FEDESPA-EN-UNA-CELEBRACIO.jpeg 1280w\" sizes=\"(max-width: 1024px) 100vw, 1024px\" \/>\t\t\t\t\t\t\t\t\t\t\t\t\t\t\t<\/div>\n\t\t\t\t<\/div>\n\t\t\t\t<div class=\"elementor-element elementor-element-8b52b0d elementor-widget elementor-widget-image\" data-id=\"8b52b0d\" data-element_type=\"widget\" data-e-type=\"widget\" data-widget_type=\"image.default\">\n\t\t\t\t<div class=\"elementor-widget-container\">\n\t\t\t\t\t\t\t\t\t\t\t\t\t\t\t<img loading=\"lazy\" decoding=\"async\" width=\"1024\" height=\"771\" src=\"https:\/\/www.conam.org.ar\/web\/wp-content\/uploads\/2026\/08\/MUTUALISMO-Y-COLECTIVIDADES-CONAM-ACOMPANO-A-FEDESPA-EN-UNA-CELEBRAC.jpg\" class=\"attachment-large size-large wp-image-18193\" alt=\"\" srcset=\"https:\/\/www.conam.org.ar\/web\/wp-content\/uploads\/2026\/08\/MUTUALISMO-Y-COLECTIVIDADES-CONAM-ACOMPANO-A-FEDESPA-EN-UNA-CELEBRAC.jpg 1024w, https:\/\/www.conam.org.ar\/web\/wp-content\/uploads\/2026\/08\/MUTUALISMO-Y-COLECTIVIDADES-CONAM-ACOMPANO-A-FEDESPA-EN-UNA-CELEBRAC-300x226.jpg 300w, https:\/\/www.conam.org.ar\/web\/wp-content\/uploads\/2026\/08\/MUTUALISMO-Y-COLECTIVIDADES-CONAM-ACOMPANO-A-FEDESPA-EN-UNA-CELEBRAC-768x578.jpg 768w, https:\/\/www.conam.org.ar\/web\/wp-content\/uploads\/2026\/08\/MUTUALISMO-Y-COLECTIVIDADES-CONAM-ACOMPANO-A-FEDESPA-EN-UNA-CELEBRAC-380x285.jpg 380w, https:\/\/www.conam.org.ar\/web\/wp-content\/uploads\/2026\/08\/MUTUALISMO-Y-COLECTIVIDADES-CONAM-ACOMPANO-A-FEDESPA-EN-UNA-CELEBRAC-285x214.jpg 285w\" sizes=\"(max-width: 1024px) 100vw, 1024px\" \/>\t\t\t\t\t\t\t\t\t\t\t\t\t\t\t<\/div>\n\t\t\t\t<\/div>\n\t\t\t\t\t<\/div>\n\t\t<\/div>\n\t\t\t\t<div class=\"elementor-column elementor-col-50 elementor-top-column elementor-element elementor-element-fbf6367 elementor-hidden-phone\" data-id=\"fbf6367\" data-element_type=\"column\" data-e-type=\"column\">\n\t\t\t<div class=\"elementor-widget-wrap elementor-element-populated\">\n\t\t\t\t\t\t<div class=\"elementor-element elementor-element-15d8218b elementor-widget elementor-widget-shortcode\" data-id=\"15d8218b\" data-element_type=\"widget\" data-e-type=\"widget\" data-widget_type=\"shortcode.default\">\n\t\t\t\t<div class=\"elementor-widget-container\">\n\t\t\t\t\t\t\t<div class=\"elementor-shortcode\">\t\t<div data-elementor-type=\"single-page\" data-elementor-id=\"16562\" class=\"elementor elementor-16562\" data-elementor-post-type=\"elementor_library\">\n\t\t\t\t\t<section class=\"elementor-section elementor-top-section elementor-element elementor-element-f02303f elementor-section-boxed elementor-section-height-default elementor-section-height-default\" data-id=\"f02303f\" data-element_type=\"section\" data-e-type=\"section\">\n\t\t\t\t\t\t<div class=\"elementor-container elementor-column-gap-default\">\n\t\t\t\t\t<div class=\"elementor-column elementor-col-100 elementor-top-column elementor-element elementor-element-7423582 elementor-hidden-phone\" data-id=\"7423582\" data-element_type=\"column\" data-e-type=\"column\">\n\t\t\t<div class=\"elementor-widget-wrap elementor-element-populated\">\n\t\t\t\t\t\t<div class=\"elementor-element elementor-element-4ba6ff5 elementor-widget elementor-widget-spacer\" data-id=\"4ba6ff5\" data-element_type=\"widget\" data-e-type=\"widget\" data-widget_type=\"spacer.default\">\n\t\t\t\t<div class=\"elementor-widget-container\">\n\t\t\t\t\t\t\t<div class=\"elementor-spacer\">\n\t\t\t<div class=\"elementor-spacer-inner\"><\/div>\n\t\t<\/div>\n\t\t\t\t\t\t<\/div>\n\t\t\t\t<\/div>\n\t\t\t\t<div class=\"elementor-element elementor-element-3776301 elementor-widget elementor-widget-heading\" data-id=\"3776301\" data-element_type=\"widget\" data-e-type=\"widget\" data-widget_type=\"heading.default\">\n\t\t\t\t<div class=\"elementor-widget-container\">\n\t\t\t\t\t<h1 class=\"elementor-heading-title elementor-size-default\">\u00a1SEGUINOS EN REDES!<\/h1>\t\t\t\t<\/div>\n\t\t\t\t<\/div>\n\t\t\t\t<div class=\"elementor-element elementor-element-5361de5 elementor-widget elementor-widget-spacer\" data-id=\"5361de5\" data-element_type=\"widget\" data-e-type=\"widget\" data-widget_type=\"spacer.default\">\n\t\t\t\t<div class=\"elementor-widget-container\">\n\t\t\t\t\t\t\t<div class=\"elementor-spacer\">\n\t\t\t<div class=\"elementor-spacer-inner\"><\/div>\n\t\t<\/div>\n\t\t\t\t\t\t<\/div>\n\t\t\t\t<\/div>\n\t\t\t\t<div class=\"elementor-element elementor-element-79e5d43 elementor-widget elementor-widget-image\" data-id=\"79e5d43\" data-element_type=\"widget\" data-e-type=\"widget\" data-widget_type=\"image.default\">\n\t\t\t\t<div class=\"elementor-widget-container\">\n\t\t\t\t\t\t\t\t\t\t\t\t\t\t\t\t<a href=\"https:\/\/www.instagram.com\/conammutualismo\/\">\n\t\t\t\t\t\t\t<img loading=\"lazy\" decoding=\"async\" width=\"768\" height=\"768\" src=\"https:\/\/www.conam.org.ar\/web\/wp-content\/uploads\/2025\/05\/TEMPLATE-DE-INSTAGRAM-PARA-LA-WEB-DE-CONAM-768x768.png\" class=\"attachment-medium_large size-medium_large wp-image-16549\" alt=\"\" srcset=\"https:\/\/www.conam.org.ar\/web\/wp-content\/uploads\/2025\/05\/TEMPLATE-DE-INSTAGRAM-PARA-LA-WEB-DE-CONAM-768x768.png 768w, https:\/\/www.conam.org.ar\/web\/wp-content\/uploads\/2025\/05\/TEMPLATE-DE-INSTAGRAM-PARA-LA-WEB-DE-CONAM-300x300.png 300w, https:\/\/www.conam.org.ar\/web\/wp-content\/uploads\/2025\/05\/TEMPLATE-DE-INSTAGRAM-PARA-LA-WEB-DE-CONAM-1024x1024.png 1024w, https:\/\/www.conam.org.ar\/web\/wp-content\/uploads\/2025\/05\/TEMPLATE-DE-INSTAGRAM-PARA-LA-WEB-DE-CONAM-150x150.png 150w, https:\/\/www.conam.org.ar\/web\/wp-content\/uploads\/2025\/05\/TEMPLATE-DE-INSTAGRAM-PARA-LA-WEB-DE-CONAM-120x120.png 120w, https:\/\/www.conam.org.ar\/web\/wp-content\/uploads\/2025\/05\/TEMPLATE-DE-INSTAGRAM-PARA-LA-WEB-DE-CONAM-105x105.png 105w, https:\/\/www.conam.org.ar\/web\/wp-content\/uploads\/2025\/05\/TEMPLATE-DE-INSTAGRAM-PARA-LA-WEB-DE-CONAM-570x570.png 570w, https:\/\/www.conam.org.ar\/web\/wp-content\/uploads\/2025\/05\/TEMPLATE-DE-INSTAGRAM-PARA-LA-WEB-DE-CONAM-380x380.png 380w, https:\/\/www.conam.org.ar\/web\/wp-content\/uploads\/2025\/05\/TEMPLATE-DE-INSTAGRAM-PARA-LA-WEB-DE-CONAM-285x285.png 285w, https:\/\/www.conam.org.ar\/web\/wp-content\/uploads\/2025\/05\/TEMPLATE-DE-INSTAGRAM-PARA-LA-WEB-DE-CONAM.png 1080w\" sizes=\"(max-width: 768px) 100vw, 768px\" \/>\t\t\t\t\t\t\t\t<\/a>\n\t\t\t\t\t\t\t\t\t\t\t\t\t\t\t<\/div>\n\t\t\t\t<\/div>\n\t\t\t\t<div class=\"elementor-element elementor-element-63ae0c9 elementor-widget elementor-widget-spacer\" data-id=\"63ae0c9\" data-element_type=\"widget\" data-e-type=\"widget\" data-widget_type=\"spacer.default\">\n\t\t\t\t<div class=\"elementor-widget-container\">\n\t\t\t\t\t\t\t<div class=\"elementor-spacer\">\n\t\t\t<div class=\"elementor-spacer-inner\"><\/div>\n\t\t<\/div>\n\t\t\t\t\t\t<\/div>\n\t\t\t\t<\/div>\n\t\t\t\t<div class=\"elementor-element elementor-element-6f602ae elementor-widget elementor-widget-image\" data-id=\"6f602ae\" data-element_type=\"widget\" data-e-type=\"widget\" data-widget_type=\"image.default\">\n\t\t\t\t<div class=\"elementor-widget-container\">\n\t\t\t\t\t\t\t\t\t\t\t\t\t\t\t\t<a href=\"https:\/\/x.com\/ConamMutual\">\n\t\t\t\t\t\t\t<img loading=\"lazy\" decoding=\"async\" width=\"768\" height=\"768\" src=\"https:\/\/www.conam.org.ar\/web\/wp-content\/uploads\/2025\/05\/TEMPLATE-DE-X-PARA-LA-WEB-DE-CONAM-768x768.png\" class=\"attachment-medium_large size-medium_large wp-image-16548\" alt=\"\" srcset=\"https:\/\/www.conam.org.ar\/web\/wp-content\/uploads\/2025\/05\/TEMPLATE-DE-X-PARA-LA-WEB-DE-CONAM-768x768.png 768w, https:\/\/www.conam.org.ar\/web\/wp-content\/uploads\/2025\/05\/TEMPLATE-DE-X-PARA-LA-WEB-DE-CONAM-300x300.png 300w, https:\/\/www.conam.org.ar\/web\/wp-content\/uploads\/2025\/05\/TEMPLATE-DE-X-PARA-LA-WEB-DE-CONAM-1024x1024.png 1024w, https:\/\/www.conam.org.ar\/web\/wp-content\/uploads\/2025\/05\/TEMPLATE-DE-X-PARA-LA-WEB-DE-CONAM-150x150.png 150w, https:\/\/www.conam.org.ar\/web\/wp-content\/uploads\/2025\/05\/TEMPLATE-DE-X-PARA-LA-WEB-DE-CONAM-120x120.png 120w, https:\/\/www.conam.org.ar\/web\/wp-content\/uploads\/2025\/05\/TEMPLATE-DE-X-PARA-LA-WEB-DE-CONAM-105x105.png 105w, https:\/\/www.conam.org.ar\/web\/wp-content\/uploads\/2025\/05\/TEMPLATE-DE-X-PARA-LA-WEB-DE-CONAM-570x570.png 570w, https:\/\/www.conam.org.ar\/web\/wp-content\/uploads\/2025\/05\/TEMPLATE-DE-X-PARA-LA-WEB-DE-CONAM-380x380.png 380w, https:\/\/www.conam.org.ar\/web\/wp-content\/uploads\/2025\/05\/TEMPLATE-DE-X-PARA-LA-WEB-DE-CONAM-285x285.png 285w, https:\/\/www.conam.org.ar\/web\/wp-content\/uploads\/2025\/05\/TEMPLATE-DE-X-PARA-LA-WEB-DE-CONAM.png 1080w\" sizes=\"(max-width: 768px) 100vw, 768px\" \/>\t\t\t\t\t\t\t\t<\/a>\n\t\t\t\t\t\t\t\t\t\t\t\t\t\t\t<\/div>\n\t\t\t\t<\/div>\n\t\t\t\t<div class=\"elementor-element elementor-element-535588b elementor-widget elementor-widget-spacer\" data-id=\"535588b\" data-element_type=\"widget\" data-e-type=\"widget\" data-widget_type=\"spacer.default\">\n\t\t\t\t<div class=\"elementor-widget-container\">\n\t\t\t\t\t\t\t<div class=\"elementor-spacer\">\n\t\t\t<div class=\"elementor-spacer-inner\"><\/div>\n\t\t<\/div>\n\t\t\t\t\t\t<\/div>\n\t\t\t\t<\/div>\n\t\t\t\t<div class=\"elementor-element elementor-element-15820c5 elementor-widget elementor-widget-heading\" data-id=\"15820c5\" data-element_type=\"widget\" data-e-type=\"widget\" data-widget_type=\"heading.default\">\n\t\t\t\t<div class=\"elementor-widget-container\">\n\t\t\t\t\t<h1 class=\"elementor-heading-title elementor-size-default\">CONAM MEDIA<\/h1>\t\t\t\t<\/div>\n\t\t\t\t<\/div>\n\t\t\t\t<div class=\"elementor-element elementor-element-46069e0 elementor-widget elementor-widget-image\" data-id=\"46069e0\" data-element_type=\"widget\" data-e-type=\"widget\" data-widget_type=\"image.default\">\n\t\t\t\t<div class=\"elementor-widget-container\">\n\t\t\t\t\t\t\t\t\t\t\t\t\t\t\t\t<a href=\"https:\/\/www.youtube.com\/channel\/UC7KxMlgG6jBLkTb5_MT1Mag\">\n\t\t\t\t\t\t\t<img loading=\"lazy\" decoding=\"async\" width=\"768\" height=\"768\" src=\"https:\/\/www.conam.org.ar\/web\/wp-content\/uploads\/2021\/03\/20_20210412_204328_0019-1-768x768.png\" class=\"attachment-medium_large size-medium_large wp-image-4632\" alt=\"\" srcset=\"https:\/\/www.conam.org.ar\/web\/wp-content\/uploads\/2021\/03\/20_20210412_204328_0019-1-768x768.png 768w, https:\/\/www.conam.org.ar\/web\/wp-content\/uploads\/2021\/03\/20_20210412_204328_0019-1-300x300.png 300w, https:\/\/www.conam.org.ar\/web\/wp-content\/uploads\/2021\/03\/20_20210412_204328_0019-1-1024x1024.png 1024w, https:\/\/www.conam.org.ar\/web\/wp-content\/uploads\/2021\/03\/20_20210412_204328_0019-1-150x150.png 150w, https:\/\/www.conam.org.ar\/web\/wp-content\/uploads\/2021\/03\/20_20210412_204328_0019-1-120x120.png 120w, https:\/\/www.conam.org.ar\/web\/wp-content\/uploads\/2021\/03\/20_20210412_204328_0019-1-105x105.png 105w, https:\/\/www.conam.org.ar\/web\/wp-content\/uploads\/2021\/03\/20_20210412_204328_0019-1-570x570.png 570w, https:\/\/www.conam.org.ar\/web\/wp-content\/uploads\/2021\/03\/20_20210412_204328_0019-1-380x380.png 380w, https:\/\/www.conam.org.ar\/web\/wp-content\/uploads\/2021\/03\/20_20210412_204328_0019-1-285x285.png 285w, https:\/\/www.conam.org.ar\/web\/wp-content\/uploads\/2021\/03\/20_20210412_204328_0019-1.png 1080w\" sizes=\"(max-width: 768px) 100vw, 768px\" \/>\t\t\t\t\t\t\t\t<\/a>\n\t\t\t\t\t\t\t\t\t\t\t\t\t\t\t<\/div>\n\t\t\t\t<\/div>\n\t\t\t\t\t<\/div>\n\t\t<\/div>\n\t\t\t\t\t<\/div>\n\t\t<\/section>\n\t\t\t\t<\/div>\n\t\t<\/div>\n\t\t\t\t\t\t<\/div>\n\t\t\t\t<\/div>\n\t\t\t\t\t<\/div>\n\t\t<\/div>\n\t\t\t\t\t<\/div>\n\t\t<\/section>\n\t\t\t\t<section class=\"elementor-section elementor-top-section elementor-element elementor-element-5c7da8fd elementor-section-full_width elementor-section-height-default elementor-section-height-default\" data-id=\"5c7da8fd\" data-element_type=\"section\" data-e-type=\"section\">\n\t\t\t\t\t\t<div class=\"elementor-container elementor-column-gap-default\">\n\t\t\t\t\t<div class=\"elementor-column elementor-col-100 elementor-top-column elementor-element elementor-element-766c9048\" data-id=\"766c9048\" data-element_type=\"column\" data-e-type=\"column\">\n\t\t\t<div class=\"elementor-widget-wrap elementor-element-populated\">\n\t\t\t\t\t\t<div class=\"elementor-element elementor-element-5704bcdd elementor-widget elementor-widget-shortcode\" data-id=\"5704bcdd\" data-element_type=\"widget\" data-e-type=\"widget\" data-widget_type=\"shortcode.default\">\n\t\t\t\t<div class=\"elementor-widget-container\">\n\t\t\t\t\t\t\t<div class=\"elementor-shortcode\">\t\t<footer data-elementor-type=\"footer\" data-elementor-id=\"4235\" class=\"elementor elementor-4235\" data-elementor-post-type=\"elementor_library\">\n\t\t\t\t\t<section class=\"elementor-section elementor-top-section elementor-element elementor-element-f02ad73 elementor-section-boxed elementor-section-height-default elementor-section-height-default\" data-id=\"f02ad73\" data-element_type=\"section\" data-e-type=\"section\">\n\t\t\t\t\t\t<div class=\"elementor-container elementor-column-gap-default\">\n\t\t\t\t\t<div class=\"elementor-column elementor-col-100 elementor-top-column elementor-element elementor-element-eef0fef\" data-id=\"eef0fef\" data-element_type=\"column\" data-e-type=\"column\">\n\t\t\t<div class=\"elementor-widget-wrap elementor-element-populated\">\n\t\t\t\t\t\t<div class=\"elementor-element elementor-element-a83cf47 elementor-widget elementor-widget-heading\" data-id=\"a83cf47\" data-element_type=\"widget\" data-e-type=\"widget\" data-widget_type=\"heading.default\">\n\t\t\t\t<div class=\"elementor-widget-container\">\n\t\t\t\t\t<h1 class=\"elementor-heading-title elementor-size-default\">VER M\u00c1S<\/h1>\t\t\t\t<\/div>\n\t\t\t\t<\/div>\n\t\t\t\t<div class=\"elementor-element elementor-element-6738753 elementor-widget elementor-widget-shortcode\" data-id=\"6738753\" data-element_type=\"widget\" data-e-type=\"widget\" data-widget_type=\"shortcode.default\">\n\t\t\t\t<div class=\"elementor-widget-container\">\n\t\t\t\t\t\t\t<div class=\"elementor-shortcode\">        <div class=\"wcp-carousel-main-wrap rpc-crsl-5 default\">\r\n        <section class=\"wcp-slick  matchheightenable\"   data-dots = on data-pauseonhover = on data-slidesToShow = 4 data-slidesToShowmob = 1 data-slidesToScroll = 1 data-cssEase = ease data-arrows = on id=\"carousel-3981\">\r\n\r\n                            <div class=\"slick-slide carousel-item-18185\">\r\n                    <figure class=\"rpc-style-5 rpc-wrapper\">\r\n  <div class=\"image\">\r\n    <div class=\"fixed-height-image\"><img loading=\"lazy\" decoding=\"async\" width=\"1528\" height=\"1029\" src=\"https:\/\/www.conam.org.ar\/web\/wp-content\/uploads\/2026\/08\/MUTUALISMO-Y-COLECTIVIDADES-CONAM-ACOMPANO-A-FEDESPA-EN-UNA-CELEBRACIO.png\" class=\"attachment-2048x2048 size-2048x2048 wp-post-image\" alt=\"\" srcset=\"https:\/\/www.conam.org.ar\/web\/wp-content\/uploads\/2026\/08\/MUTUALISMO-Y-COLECTIVIDADES-CONAM-ACOMPANO-A-FEDESPA-EN-UNA-CELEBRACIO.png 1528w, https:\/\/www.conam.org.ar\/web\/wp-content\/uploads\/2026\/08\/MUTUALISMO-Y-COLECTIVIDADES-CONAM-ACOMPANO-A-FEDESPA-EN-UNA-CELEBRACIO-300x202.png 300w, https:\/\/www.conam.org.ar\/web\/wp-content\/uploads\/2026\/08\/MUTUALISMO-Y-COLECTIVIDADES-CONAM-ACOMPANO-A-FEDESPA-EN-UNA-CELEBRACIO-1024x690.png 1024w, https:\/\/www.conam.org.ar\/web\/wp-content\/uploads\/2026\/08\/MUTUALISMO-Y-COLECTIVIDADES-CONAM-ACOMPANO-A-FEDESPA-EN-UNA-CELEBRACIO-768x517.png 768w\" sizes=\"(max-width: 1528px) 100vw, 1528px\" \/><\/div>  <\/div>\r\n  <figcaption class=\"rpc_bg\">\r\n    <h5 class=\"rpc_title\">\r\n      MUTUALISMO Y COLECTIVIDADES: CONAM ACOMPA\u00d1\u00d3 A FEDESPA...    <\/h5>\r\n    <h3 class=\"rpc_desc\">\r\n          <\/h3>\r\n    <footer class=\"rpc_footer\">\r\n      <div class=\"date\">31 agosto, 2026<\/div>\r\n      <div class=\"icons\">\r\n        <div class=\"views\">\r\n          <i class=\"fa fa-comments\"><\/i>\r\n        0        <\/div>\r\n      <\/div>\r\n    <\/footer>\r\n  <\/figcaption>\r\n  <a target=\"_self\" href=\"https:\/\/www.conam.org.ar\/web\/2026\/08\/31\/mutualismo-y-colectividades-conam-acompano-a-fedespa-en-una-celebracion-que-puso-en-escena-el-patrimonio-cultural-de-la-comunidad-espanola-en-argentina\/\"><\/a>\r\n<\/figure>                <\/div>    \r\n\r\n                            <div class=\"slick-slide carousel-item-18165\">\r\n                    <figure class=\"rpc-style-5 rpc-wrapper\">\r\n  <div class=\"image\">\r\n    <div class=\"fixed-height-image\"><img loading=\"lazy\" decoding=\"async\" width=\"960\" height=\"1280\" src=\"https:\/\/www.conam.org.ar\/web\/wp-content\/uploads\/2026\/08\/FEDEMBA-Y-LA-COOPERATIVA-INTERCONEXION-REALIZARON-LA-PRESENTACION-OFICIAL-DE-SU-CICLO-DE-CAPACITACIONES-VIRTUALES-PARA-LAS-MUTUALES-DE-BUENOS-AIRES-16.jpeg\" class=\"attachment-2048x2048 size-2048x2048 wp-post-image\" alt=\"\" srcset=\"https:\/\/www.conam.org.ar\/web\/wp-content\/uploads\/2026\/08\/FEDEMBA-Y-LA-COOPERATIVA-INTERCONEXION-REALIZARON-LA-PRESENTACION-OFICIAL-DE-SU-CICLO-DE-CAPACITACIONES-VIRTUALES-PARA-LAS-MUTUALES-DE-BUENOS-AIRES-16.jpeg 960w, https:\/\/www.conam.org.ar\/web\/wp-content\/uploads\/2026\/08\/FEDEMBA-Y-LA-COOPERATIVA-INTERCONEXION-REALIZARON-LA-PRESENTACION-OFICIAL-DE-SU-CICLO-DE-CAPACITACIONES-VIRTUALES-PARA-LAS-MUTUALES-DE-BUENOS-AIRES-16-225x300.jpeg 225w, https:\/\/www.conam.org.ar\/web\/wp-content\/uploads\/2026\/08\/FEDEMBA-Y-LA-COOPERATIVA-INTERCONEXION-REALIZARON-LA-PRESENTACION-OFICIAL-DE-SU-CICLO-DE-CAPACITACIONES-VIRTUALES-PARA-LAS-MUTUALES-DE-BUENOS-AIRES-16-768x1024.jpeg 768w\" sizes=\"(max-width: 960px) 100vw, 960px\" \/><\/div>  <\/div>\r\n  <figcaption class=\"rpc_bg\">\r\n    <h5 class=\"rpc_title\">\r\n      FEDEMBA PUSO EN MARCHA UNA NUEVA PROPUESTA...    <\/h5>\r\n    <h3 class=\"rpc_desc\">\r\n          <\/h3>\r\n    <footer class=\"rpc_footer\">\r\n      <div class=\"date\">28 agosto, 2026<\/div>\r\n      <div class=\"icons\">\r\n        <div class=\"views\">\r\n          <i class=\"fa fa-comments\"><\/i>\r\n        0        <\/div>\r\n      <\/div>\r\n    <\/footer>\r\n  <\/figcaption>\r\n  <a target=\"_self\" href=\"https:\/\/www.conam.org.ar\/web\/2026\/08\/28\/fedemba-puso-en-marcha-una-nueva-propuesta-para-potenciar-a-las-mutuales-de-buenos-aires\/\"><\/a>\r\n<\/figure>                <\/div>    \r\n\r\n                            <div class=\"slick-slide carousel-item-18156\">\r\n                    <figure class=\"rpc-style-5 rpc-wrapper\">\r\n  <div class=\"image\">\r\n    <div class=\"fixed-height-image\"><img loading=\"lazy\" decoding=\"async\" width=\"1024\" height=\"1280\" src=\"https:\/\/www.conam.org.ar\/web\/wp-content\/uploads\/2026\/08\/APRENDE-PASTELERIA-CON-LOS-NUEVOS-CURSOS-DE-LA-ASOCIACION-MUTUAL-12-DE-ENERO-DE-PASTELEROS-3.jpg\" class=\"attachment-2048x2048 size-2048x2048 wp-post-image\" alt=\"\" srcset=\"https:\/\/www.conam.org.ar\/web\/wp-content\/uploads\/2026\/08\/APRENDE-PASTELERIA-CON-LOS-NUEVOS-CURSOS-DE-LA-ASOCIACION-MUTUAL-12-DE-ENERO-DE-PASTELEROS-3.jpg 1024w, https:\/\/www.conam.org.ar\/web\/wp-content\/uploads\/2026\/08\/APRENDE-PASTELERIA-CON-LOS-NUEVOS-CURSOS-DE-LA-ASOCIACION-MUTUAL-12-DE-ENERO-DE-PASTELEROS-3-240x300.jpg 240w, https:\/\/www.conam.org.ar\/web\/wp-content\/uploads\/2026\/08\/APRENDE-PASTELERIA-CON-LOS-NUEVOS-CURSOS-DE-LA-ASOCIACION-MUTUAL-12-DE-ENERO-DE-PASTELEROS-3-819x1024.jpg 819w, https:\/\/www.conam.org.ar\/web\/wp-content\/uploads\/2026\/08\/APRENDE-PASTELERIA-CON-LOS-NUEVOS-CURSOS-DE-LA-ASOCIACION-MUTUAL-12-DE-ENERO-DE-PASTELEROS-3-768x960.jpg 768w\" sizes=\"(max-width: 1024px) 100vw, 1024px\" \/><\/div>  <\/div>\r\n  <figcaption class=\"rpc_bg\">\r\n    <h5 class=\"rpc_title\">\r\n      APREND\u00c9 PASTELER\u00cdA CON LOS NUEVOS CURSOS DE...    <\/h5>\r\n    <h3 class=\"rpc_desc\">\r\n          <\/h3>\r\n    <footer class=\"rpc_footer\">\r\n      <div class=\"date\">27 agosto, 2026<\/div>\r\n      <div class=\"icons\">\r\n        <div class=\"views\">\r\n          <i class=\"fa fa-comments\"><\/i>\r\n        0        <\/div>\r\n      <\/div>\r\n    <\/footer>\r\n  <\/figcaption>\r\n  <a target=\"_self\" href=\"https:\/\/www.conam.org.ar\/web\/2026\/08\/27\/aprende-pasteleria-con-los-nuevos-cursos-de-la-asociacion-mutual-12-de-enero-de-pasteleros\/\"><\/a>\r\n<\/figure>                <\/div>    \r\n\r\n                            <div class=\"slick-slide carousel-item-18142\">\r\n                    <figure class=\"rpc-style-5 rpc-wrapper\">\r\n  <div class=\"image\">\r\n    <div class=\"fixed-height-image\"><img loading=\"lazy\" decoding=\"async\" width=\"940\" height=\"788\" src=\"https:\/\/www.conam.org.ar\/web\/wp-content\/uploads\/2026\/08\/PARA-COMUNICAR-PARITARIAS-UTEDYC-CUADRADO-2.png\" class=\"attachment-2048x2048 size-2048x2048 wp-post-image\" alt=\"\" srcset=\"https:\/\/www.conam.org.ar\/web\/wp-content\/uploads\/2026\/08\/PARA-COMUNICAR-PARITARIAS-UTEDYC-CUADRADO-2.png 940w, https:\/\/www.conam.org.ar\/web\/wp-content\/uploads\/2026\/08\/PARA-COMUNICAR-PARITARIAS-UTEDYC-CUADRADO-2-300x251.png 300w, https:\/\/www.conam.org.ar\/web\/wp-content\/uploads\/2026\/08\/PARA-COMUNICAR-PARITARIAS-UTEDYC-CUADRADO-2-768x644.png 768w\" sizes=\"(max-width: 940px) 100vw, 940px\" \/><\/div>  <\/div>\r\n  <figcaption class=\"rpc_bg\">\r\n    <h5 class=\"rpc_title\">\r\n      CONVENIO PARITARIO CON UTEDYC: SE CONFIRMAN LOS...    <\/h5>\r\n    <h3 class=\"rpc_desc\">\r\n          <\/h3>\r\n    <footer class=\"rpc_footer\">\r\n      <div class=\"date\">19 agosto, 2026<\/div>\r\n      <div class=\"icons\">\r\n        <div class=\"views\">\r\n          <i class=\"fa fa-comments\"><\/i>\r\n        0        <\/div>\r\n      <\/div>\r\n    <\/footer>\r\n  <\/figcaption>\r\n  <a target=\"_self\" href=\"https:\/\/www.conam.org.ar\/web\/2026\/08\/19\/convenio-paritario-con-utedyc-se-confirman-los-incrementos-para-los-sueldos-de-agosto-2026\/\"><\/a>\r\n<\/figure>                <\/div>    \r\n\r\n                            <div class=\"slick-slide carousel-item-18135\">\r\n                    <figure class=\"rpc-style-5 rpc-wrapper\">\r\n  <div class=\"image\">\r\n    <div class=\"fixed-height-image\"><img loading=\"lazy\" decoding=\"async\" width=\"960\" height=\"1280\" src=\"https:\/\/www.conam.org.ar\/web\/wp-content\/uploads\/2026\/08\/MAS-CREDITO-INVERSION-Y-DESARROLLO-MUTUALISTA-FESMAP-Y-UN-ENCUENTRO-CLAVE-CON-EL-MINISTERIO-DE-DESARROLLO-PRODUCTIVO-DE-SANTA-FE-6.jpeg\" class=\"attachment-2048x2048 size-2048x2048 wp-post-image\" alt=\"\" srcset=\"https:\/\/www.conam.org.ar\/web\/wp-content\/uploads\/2026\/08\/MAS-CREDITO-INVERSION-Y-DESARROLLO-MUTUALISTA-FESMAP-Y-UN-ENCUENTRO-CLAVE-CON-EL-MINISTERIO-DE-DESARROLLO-PRODUCTIVO-DE-SANTA-FE-6.jpeg 960w, https:\/\/www.conam.org.ar\/web\/wp-content\/uploads\/2026\/08\/MAS-CREDITO-INVERSION-Y-DESARROLLO-MUTUALISTA-FESMAP-Y-UN-ENCUENTRO-CLAVE-CON-EL-MINISTERIO-DE-DESARROLLO-PRODUCTIVO-DE-SANTA-FE-6-225x300.jpeg 225w, https:\/\/www.conam.org.ar\/web\/wp-content\/uploads\/2026\/08\/MAS-CREDITO-INVERSION-Y-DESARROLLO-MUTUALISTA-FESMAP-Y-UN-ENCUENTRO-CLAVE-CON-EL-MINISTERIO-DE-DESARROLLO-PRODUCTIVO-DE-SANTA-FE-6-768x1024.jpeg 768w\" sizes=\"(max-width: 960px) 100vw, 960px\" \/><\/div>  <\/div>\r\n  <figcaption class=\"rpc_bg\">\r\n    <h5 class=\"rpc_title\">\r\n      M\u00c1S CR\u00c9DITO, INVERSI\u00d3N Y DESARROLLO MUTUALISTA: FESMAP...    <\/h5>\r\n    <h3 class=\"rpc_desc\">\r\n          <\/h3>\r\n    <footer class=\"rpc_footer\">\r\n      <div class=\"date\">13 agosto, 2026<\/div>\r\n      <div class=\"icons\">\r\n        <div class=\"views\">\r\n          <i class=\"fa fa-comments\"><\/i>\r\n        0        <\/div>\r\n      <\/div>\r\n    <\/footer>\r\n  <\/figcaption>\r\n  <a target=\"_self\" href=\"https:\/\/www.conam.org.ar\/web\/2026\/08\/13\/mas-credito-inversion-y-desarrollo-mutualista-fesmap-y-un-encuentro-clave-con-el-ministerio-de-desarrollo-productivo-de-santa-fe\/\"><\/a>\r\n<\/figure>                <\/div>    \r\n\r\n                            <div class=\"slick-slide carousel-item-18127\">\r\n                    <figure class=\"rpc-style-5 rpc-wrapper\">\r\n  <div class=\"image\">\r\n    <div class=\"fixed-height-image\"><img loading=\"lazy\" decoding=\"async\" width=\"1920\" height=\"1080\" src=\"https:\/\/www.conam.org.ar\/web\/wp-content\/uploads\/2026\/08\/AUTORIDADES-DE-CONAM-SE-REUNIERON-CON-EL-VICEPRESIDENTE-DE-LA-UNIDAD-DE-INFORMACION-FINANCIERA-UIF.jpg\" class=\"attachment-2048x2048 size-2048x2048 wp-post-image\" alt=\"\" srcset=\"https:\/\/www.conam.org.ar\/web\/wp-content\/uploads\/2026\/08\/AUTORIDADES-DE-CONAM-SE-REUNIERON-CON-EL-VICEPRESIDENTE-DE-LA-UNIDAD-DE-INFORMACION-FINANCIERA-UIF.jpg 1920w, https:\/\/www.conam.org.ar\/web\/wp-content\/uploads\/2026\/08\/AUTORIDADES-DE-CONAM-SE-REUNIERON-CON-EL-VICEPRESIDENTE-DE-LA-UNIDAD-DE-INFORMACION-FINANCIERA-UIF-300x169.jpg 300w, https:\/\/www.conam.org.ar\/web\/wp-content\/uploads\/2026\/08\/AUTORIDADES-DE-CONAM-SE-REUNIERON-CON-EL-VICEPRESIDENTE-DE-LA-UNIDAD-DE-INFORMACION-FINANCIERA-UIF-1024x576.jpg 1024w, https:\/\/www.conam.org.ar\/web\/wp-content\/uploads\/2026\/08\/AUTORIDADES-DE-CONAM-SE-REUNIERON-CON-EL-VICEPRESIDENTE-DE-LA-UNIDAD-DE-INFORMACION-FINANCIERA-UIF-768x432.jpg 768w, https:\/\/www.conam.org.ar\/web\/wp-content\/uploads\/2026\/08\/AUTORIDADES-DE-CONAM-SE-REUNIERON-CON-EL-VICEPRESIDENTE-DE-LA-UNIDAD-DE-INFORMACION-FINANCIERA-UIF-1536x864.jpg 1536w\" sizes=\"(max-width: 1920px) 100vw, 1920px\" \/><\/div>  <\/div>\r\n  <figcaption class=\"rpc_bg\">\r\n    <h5 class=\"rpc_title\">\r\n      AUTORIDADES DE CONAM SE REUNIERON CON EL...    <\/h5>\r\n    <h3 class=\"rpc_desc\">\r\n          <\/h3>\r\n    <footer class=\"rpc_footer\">\r\n      <div class=\"date\">5 agosto, 2026<\/div>\r\n      <div class=\"icons\">\r\n        <div class=\"views\">\r\n          <i class=\"fa fa-comments\"><\/i>\r\n        0        <\/div>\r\n      <\/div>\r\n    <\/footer>\r\n  <\/figcaption>\r\n  <a target=\"_self\" href=\"https:\/\/www.conam.org.ar\/web\/2026\/08\/05\/autoridades-de-conam-se-reunieron-con-el-vicepresidente-de-la-unidad-de-informacion-financiera-uif\/\"><\/a>\r\n<\/figure>                <\/div>    \r\n\r\n                            <div class=\"slick-slide carousel-item-18117\">\r\n                    <figure class=\"rpc-style-5 rpc-wrapper\">\r\n  <div class=\"image\">\r\n    <div class=\"fixed-height-image\"><img loading=\"lazy\" decoding=\"async\" width=\"960\" height=\"1280\" src=\"https:\/\/www.conam.org.ar\/web\/wp-content\/uploads\/2026\/08\/EL-MUTUALISMO-MENDOCINO-FORTALECE-SU-AGENDA-EN-COMUN-PARA-AFRONTAR-LOS-DESAFIOS-DEL-SEGUNDO-SEMESTRE.jpg\" class=\"attachment-2048x2048 size-2048x2048 wp-post-image\" alt=\"\" srcset=\"https:\/\/www.conam.org.ar\/web\/wp-content\/uploads\/2026\/08\/EL-MUTUALISMO-MENDOCINO-FORTALECE-SU-AGENDA-EN-COMUN-PARA-AFRONTAR-LOS-DESAFIOS-DEL-SEGUNDO-SEMESTRE.jpg 960w, https:\/\/www.conam.org.ar\/web\/wp-content\/uploads\/2026\/08\/EL-MUTUALISMO-MENDOCINO-FORTALECE-SU-AGENDA-EN-COMUN-PARA-AFRONTAR-LOS-DESAFIOS-DEL-SEGUNDO-SEMESTRE-225x300.jpg 225w, https:\/\/www.conam.org.ar\/web\/wp-content\/uploads\/2026\/08\/EL-MUTUALISMO-MENDOCINO-FORTALECE-SU-AGENDA-EN-COMUN-PARA-AFRONTAR-LOS-DESAFIOS-DEL-SEGUNDO-SEMESTRE-768x1024.jpg 768w\" sizes=\"(max-width: 960px) 100vw, 960px\" \/><\/div>  <\/div>\r\n  <figcaption class=\"rpc_bg\">\r\n    <h5 class=\"rpc_title\">\r\n      EL MUTUALISMO MENDOCINO FORTALECE SU AGENDA EN...    <\/h5>\r\n    <h3 class=\"rpc_desc\">\r\n          <\/h3>\r\n    <footer class=\"rpc_footer\">\r\n      <div class=\"date\">4 agosto, 2026<\/div>\r\n      <div class=\"icons\">\r\n        <div class=\"views\">\r\n          <i class=\"fa fa-comments\"><\/i>\r\n        0        <\/div>\r\n      <\/div>\r\n    <\/footer>\r\n  <\/figcaption>\r\n  <a target=\"_self\" href=\"https:\/\/www.conam.org.ar\/web\/2026\/08\/04\/el-mutualismo-mendocino-fortalece-su-agenda-en-comun-para-afrontar-los-desafios-del-segundo-semestre\/\"><\/a>\r\n<\/figure>                <\/div>    \r\n\r\n                \r\n        <\/section>\r\n        <\/div>\r\n        <style>#carousel-3981 { background-color: ; } #carousel-3981 .slick-slide { margin: 2px ; } #carousel-3981.slick-vertical .slick-slide { margin:  2px; } #carousel-3981 .fixed-height-image { height: 270px; } #carousel-3981 .slick-slide .rpc_bg { background-color: #FFFFFF !important; } #carousel-3981 .slick-slide .rpc_title { color: #000000 !important; } #carousel-3981 .slick-slide .rpc_title { font-size:  !important; } #carousel-3981 .slick-slide .rpc_title { font-family:  !important; } #carousel-3981 .slick-slide .rpc_title { line-height:  !important; } #carousel-3981 .slick-slide .rpc_desc { color:  !important; } #carousel-3981 .slick-slide .rpc_desc { font-size:  !important; } #carousel-3981 .slick-slide .rpc_desc { font-family:  !important; } #carousel-3981 .slick-slide .rpc_desc { line-height:  !important; } #carousel-3981 .slick-slide .rpc_footer { background-color:  !important; } #carousel-3981 .slick-slide .rpc_footer { color:  !important; } #carousel-3981 .slick-slide .rpc-wrapper { border-style: none !important; } #carousel-3981 .slick-slide .rpc-wrapper { border-width:  !important; } #carousel-3981 .slick-slide .rpc-wrapper { border-color:  !important; } #carousel-3981 .slick-slide .rpc-wrapper { box-shadow: 0 0 5px rgba(0, 0, 0, 0.15) !important; } .topright #carousel-3981 .slick-next { right: ; }.topright #carousel-3981 .slick-prev { right: 29px; left: inherit; } .topleft #carousel-3981 .slick-prev { left: ; }.topleft #carousel-3981 .slick-next { left: 29px; right: inherit; } .aboveposts #carousel-3981 .slick-prev { left: ; }.aboveposts #carousel-3981 .slick-next { right: ; left: inherit; } #carousel-3981 .slick-dots li button:before { color:  ; }#carousel-3981 .slick-prev:before, #carousel-3981 .slick-next:before { color: #0066bf !important;}#carousel-3981 .slick-next:before { content: '\\ \\f0a9 '; } #carousel-3981 .slick-prev:before { content: '\\ \\f0a8'; }#carousel-3981 .slick-next:before, #carousel-3981 .slick-prev:before { background-color: #ffffff; padding: 2px 5px; border-radius: 50%; } #carousel-3981 .slick-next:before, #carousel-3981 .slick-prev:before { font-size: 20px; }#carousel-3981 .slick-next, #carousel-3981 .slick-prev { width: 20px; height: 20px; }<\/style><\/div>\n\t\t\t\t\t\t<\/div>\n\t\t\t\t<\/div>\n\t\t\t\t<div class=\"elementor-element elementor-element-0ab9eff elementor-widget__width-inherit elementor-hidden-tablet elementor-hidden-phone elementor-widget elementor-widget-wp-widget-wpmegamenu_widget\" data-id=\"0ab9eff\" data-element_type=\"widget\" data-e-type=\"widget\" data-widget_type=\"wp-widget-wpmegamenu_widget.default\">\n\t\t\t\t<div class=\"elementor-widget-container\">\n\t\t\t\t\t<div id=\"wpmm-wrap-header_menu\" class=\"wp-megamenu-main-wrapper wpmm-ctheme-wrapper wpmm-hide-toggle wpmega-default-theme wpmega-enabled-mobile-menu wpmm-hideallicons-mobile  wpmm-toggle-accordion wpmm-onhover wpmm-orientation-horizontal  wpmm-flip-effect \"><div class=\"wpmegamenu-toggle wpmega-enabled-menutoggle\" data-responsive-breakpoint=\"910px\"><div class='wp-mega-toggle-block'><div class='wpmega-closeblock'><i class='dashicons dashicons-editor-justify'><\/i><\/div><div class='wpmega-openblock'><i class='dashicons dashicons-no'><\/i><\/div><div class='menutoggle'>Menu<\/div><\/div><\/div><ul id=\"wpmega-menu-header_menu\" class=\"wpmm-mega-wrapper wpmemgamenu-pro\" data-advanced-click=\"wpmm-click-submenu\" data-trigger-effect=\"wpmm-onhover\"><li class='menu-item menu-item-type-custom menu-item-object-custom menu-item-home menu-item-has-children wpmega-menu-flyout wpmega-show-arrow wpmm-menu-align-left wpmega-hide-menu-icon wpmega-flyout-horizontal-right menu-item-4097 menu-item-depth-0 wpmm-submenu-align-left no-dropdown' id='wp_nav_menu-item-4097'><a class=\"wp-mega-menu-link\" href=\"https:\/\/www.conam.org.ar\/web\/\"><span class=\"wpmm-mega-menu-href-title\">Institucional<\/span><\/a>\n<div class='wpmm-sub-menu-wrapper wpmm-menu0'><ul class=\"wp-mega-sub-menu\">\n\t<li class='menu-item menu-item-type-post_type menu-item-object-page wp-mega-menu-header wpmega-show-arrow wpmm-menu-align-left wpmega-hide-menu-icon menu-item-767 menu-item-depth-1 wpmm-submenu-align-left no-dropdown' id='wp_nav_menu-item-767'><a class=\"wp-mega-menu-link\" href=\"https:\/\/www.conam.org.ar\/web\/mision\/\"><span class=\"wpmm-mega-menu-href-title\">Misi\u00f3n y objetivos<\/span><\/a><\/li>\t<li class='menu-item menu-item-type-post_type menu-item-object-page wp-mega-menu-header wpmega-show-arrow wpmm-menu-align-left wpmega-hide-menu-icon menu-item-766 menu-item-depth-1 wpmm-submenu-align-left no-dropdown' id='wp_nav_menu-item-766'><a class=\"wp-mega-menu-link\" href=\"https:\/\/www.conam.org.ar\/web\/vision\/\"><span class=\"wpmm-mega-menu-href-title\">Visi\u00f3n<\/span><\/a><\/li>\t<li class='menu-item menu-item-type-post_type menu-item-object-page wp-mega-menu-header wpmega-show-arrow wpmm-menu-align-left wpmega-hide-menu-icon menu-item-765 menu-item-depth-1 wpmm-submenu-align-left no-dropdown' id='wp_nav_menu-item-765'><a class=\"wp-mega-menu-link\" href=\"https:\/\/www.conam.org.ar\/web\/sobre-conam\/\"><span class=\"wpmm-mega-menu-href-title\">Sobre CONAM<\/span><\/a><\/li>\t<li class='menu-item menu-item-type-post_type menu-item-object-page wp-mega-menu-header wpmega-show-arrow wpmm-menu-align-left wpmega-hide-menu-icon menu-item-3920 menu-item-depth-1 wpmm-submenu-align-left no-dropdown' id='wp_nav_menu-item-3920'><a class=\"wp-mega-menu-link\" href=\"https:\/\/www.conam.org.ar\/web\/estatutos\/\"><span class=\"wpmm-mega-menu-href-title\">Estatuto<\/span><\/a><\/li>\t<li class='menu-item menu-item-type-post_type menu-item-object-page wp-mega-menu-header wpmega-show-arrow wpmm-menu-align-left wpmega-hide-menu-icon menu-item-768 menu-item-depth-1 wpmm-submenu-align-left no-dropdown' id='wp_nav_menu-item-768'><a class=\"wp-mega-menu-link\" href=\"https:\/\/www.conam.org.ar\/web\/autoridades\/\"><span class=\"wpmm-mega-menu-href-title\">Autoridades<\/span><\/a><\/li><\/ul><\/div>\n<\/li><li class='menu-item menu-item-type-post_type menu-item-object-page wpmega-menu-flyout wpmega-show-arrow wpmm-menu-align-left wpmega-hide-menu-icon wpmega-flyout-horizontal-right menu-item-4052 menu-item-depth-0 wpmm-submenu-align-left no-dropdown' id='wp_nav_menu-item-4052'><a class=\"wp-mega-menu-link\" href=\"https:\/\/www.conam.org.ar\/web\/federaciones\/\"><span class=\"wpmm-mega-menu-href-title\">Federaciones<\/span><\/a><\/li><li class='menu-item menu-item-type-post_type menu-item-object-page menu-item-has-children wpmega-menu-flyout wpmega-show-arrow wpmm-menu-align-left wpmega-hide-menu-icon wpmega-flyout-horizontal-right menu-item-770 menu-item-depth-0 wpmm-submenu-align-left no-dropdown' id='wp_nav_menu-item-770'><a class=\"wp-mega-menu-link\" href=\"https:\/\/www.conam.org.ar\/web\/economia-solidaria\/\"><span class=\"wpmm-mega-menu-href-title\">Econom\u00eda Solidaria<\/span><\/a>\n<div class='wpmm-sub-menu-wrapper wpmm-menu0'><ul class=\"wp-mega-sub-menu\">\n\t<li class='menu-item menu-item-type-post_type menu-item-object-page wp-mega-menu-header wpmega-show-arrow wpmm-menu-align-left wpmega-hide-menu-icon menu-item-771 menu-item-depth-1 wpmm-submenu-align-left no-dropdown' id='wp_nav_menu-item-771'><a class=\"wp-mega-menu-link\" href=\"https:\/\/www.conam.org.ar\/web\/mutual-y-sus-principios\/\"><span class=\"wpmm-mega-menu-href-title\">Mutual y sus principios<\/span><\/a><\/li>\t<li class='menu-item menu-item-type-post_type menu-item-object-page wp-mega-menu-header wpmega-show-arrow wpmm-menu-align-left wpmega-hide-menu-icon menu-item-772 menu-item-depth-1 wpmm-submenu-align-left no-dropdown' id='wp_nav_menu-item-772'><a class=\"wp-mega-menu-link\" href=\"https:\/\/www.conam.org.ar\/web\/actividad-de-las-mutuales\/\"><span class=\"wpmm-mega-menu-href-title\">Actividad de las mutuales<\/span><\/a><\/li>\t<li class='menu-item menu-item-type-post_type menu-item-object-page wp-mega-menu-header wpmega-show-arrow wpmm-menu-align-left wpmega-hide-menu-icon menu-item-773 menu-item-depth-1 wpmm-submenu-align-left no-dropdown' id='wp_nav_menu-item-773'><a class=\"wp-mega-menu-link\" href=\"https:\/\/www.conam.org.ar\/web\/normativa\/\"><span class=\"wpmm-mega-menu-href-title\">Normativa<\/span><\/a><\/li><\/ul><\/div>\n<\/li><li class='menu-item menu-item-type-post_type menu-item-object-page wpmega-menu-flyout wpmega-show-arrow wpmm-menu-align-left wpmega-hide-menu-icon wpmega-flyout-horizontal-right menu-item-775 menu-item-depth-0 wpmm-submenu-align-left no-dropdown' id='wp_nav_menu-item-775'><a class=\"wp-mega-menu-link\" href=\"https:\/\/www.conam.org.ar\/web\/mutuales-en-red\/\"><span class=\"wpmm-mega-menu-href-title\">Servicios en red<\/span><\/a><\/li><li class='menu-item menu-item-type-post_type menu-item-object-page wpmega-menu-flyout wpmega-show-arrow wpmm-menu-align-left wpmega-hide-menu-icon wpmega-flyout-horizontal-right menu-item-1610 menu-item-depth-0 wpmm-submenu-align-left no-dropdown' id='wp_nav_menu-item-1610'><a class=\"wp-mega-menu-link\" href=\"https:\/\/www.conam.org.ar\/web\/novedades\/\"><span class=\"wpmm-mega-menu-href-title\">Novedades<\/span><\/a><\/li><\/ul><\/div>\t\t\t\t<\/div>\n\t\t\t\t<\/div>\n\t\t\t\t\t<\/div>\n\t\t<\/div>\n\t\t\t\t\t<\/div>\n\t\t<\/section>\n\t\t\t\t<section class=\"elementor-section elementor-top-section elementor-element elementor-element-77dd5d4 elementor-section-full_width elementor-section-height-default elementor-section-height-default\" data-id=\"77dd5d4\" data-element_type=\"section\" data-e-type=\"section\">\n\t\t\t\t\t\t<div class=\"elementor-container elementor-column-gap-default\">\n\t\t\t\t\t<div class=\"elementor-column elementor-col-33 elementor-top-column elementor-element elementor-element-57eaae5\" data-id=\"57eaae5\" data-element_type=\"column\" data-e-type=\"column\">\n\t\t\t<div class=\"elementor-widget-wrap elementor-element-populated\">\n\t\t\t\t\t\t<div class=\"elementor-element elementor-element-b236e72 elementor-widget elementor-widget-theme-site-logo elementor-widget-image\" data-id=\"b236e72\" data-element_type=\"widget\" data-e-type=\"widget\" data-widget_type=\"theme-site-logo.default\">\n\t\t\t\t<div class=\"elementor-widget-container\">\n\t\t\t\t\t\t\t\t\t\t\t<a href=\"https:\/\/www.conam.org.ar\/web\">\n\t\t\t<img decoding=\"async\" width=\"357\" height=\"109\" src=\"https:\/\/www.conam.org.ar\/web\/wp-content\/uploads\/2021\/03\/thumbnail_logo-sin-color-de-fondo.png\" class=\"attachment-full size-full wp-image-2800\" alt=\"\" srcset=\"https:\/\/www.conam.org.ar\/web\/wp-content\/uploads\/2021\/03\/thumbnail_logo-sin-color-de-fondo.png 357w, https:\/\/www.conam.org.ar\/web\/wp-content\/uploads\/2021\/03\/thumbnail_logo-sin-color-de-fondo-300x92.png 300w\" sizes=\"(max-width: 357px) 100vw, 357px\" \/>\t\t\t\t<\/a>\n\t\t\t\t\t\t\t\t\t\t\t<\/div>\n\t\t\t\t<\/div>\n\t\t\t\t\t<\/div>\n\t\t<\/div>\n\t\t\t\t<div class=\"elementor-column elementor-col-33 elementor-top-column elementor-element elementor-element-24d9719\" data-id=\"24d9719\" data-element_type=\"column\" data-e-type=\"column\">\n\t\t\t<div class=\"elementor-widget-wrap elementor-element-populated\">\n\t\t\t\t\t\t<div class=\"elementor-element elementor-element-f2251ad elementor-widget elementor-widget-text-editor\" data-id=\"f2251ad\" data-element_type=\"widget\" data-e-type=\"widget\" data-widget_type=\"text-editor.default\">\n\t\t\t\t<div class=\"elementor-widget-container\">\n\t\t\t\t\t\t\t\t\t<h4 style=\"text-align: center;\"><span style=\"text-decoration: underline;\"><strong><span style=\"color: #000000; text-decoration: underline;\">Humberto Primo 986 5to 32\u00a0&#8211; CABA<\/span><\/strong><\/span><\/h4><h4 style=\"text-align: center;\"><span style=\"color: #000000;\"><strong>011-4800-2268\u00a0<\/strong><\/span><\/h4><h4 style=\"text-align: center;\"><span style=\"color: #000000;\"><strong>info@conam.org.ar<\/strong><\/span><\/h4>\t\t\t\t\t\t\t\t<\/div>\n\t\t\t\t<\/div>\n\t\t\t\t\t<\/div>\n\t\t<\/div>\n\t\t\t\t<div class=\"elementor-column elementor-col-33 elementor-top-column elementor-element elementor-element-c6e4ac2\" data-id=\"c6e4ac2\" data-element_type=\"column\" data-e-type=\"column\">\n\t\t\t<div class=\"elementor-widget-wrap elementor-element-populated\">\n\t\t\t\t\t\t<div class=\"elementor-element elementor-element-2fe3a63 elementor-shape-circle elementor-grid-0 e-grid-align-center elementor-widget elementor-widget-social-icons\" data-id=\"2fe3a63\" data-element_type=\"widget\" data-e-type=\"widget\" data-widget_type=\"social-icons.default\">\n\t\t\t\t<div class=\"elementor-widget-container\">\n\t\t\t\t\t\t\t<div class=\"elementor-social-icons-wrapper elementor-grid\" role=\"list\">\n\t\t\t\t\t\t\t<span class=\"elementor-grid-item\" role=\"listitem\">\n\t\t\t\t\t<a class=\"elementor-icon elementor-social-icon elementor-social-icon-facebook-f elementor-repeater-item-7e76215\" href=\"https:\/\/www.facebook.com\/ConamMutualismo\" target=\"_blank\">\n\t\t\t\t\t\t<span class=\"elementor-screen-only\">Facebook-f<\/span>\n\t\t\t\t\t\t<i aria-hidden=\"true\" class=\"fab fa-facebook-f\"><\/i>\t\t\t\t\t<\/a>\n\t\t\t\t<\/span>\n\t\t\t\t\t\t\t<span class=\"elementor-grid-item\" role=\"listitem\">\n\t\t\t\t\t<a class=\"elementor-icon elementor-social-icon elementor-social-icon-x-twitter elementor-repeater-item-f4248f0\" href=\"https:\/\/x.com\/ConamMutual\" target=\"_blank\">\n\t\t\t\t\t\t<span class=\"elementor-screen-only\">X-twitter<\/span>\n\t\t\t\t\t\t<i aria-hidden=\"true\" class=\"fab fa-x-twitter\"><\/i>\t\t\t\t\t<\/a>\n\t\t\t\t<\/span>\n\t\t\t\t\t\t\t<span class=\"elementor-grid-item\" role=\"listitem\">\n\t\t\t\t\t<a class=\"elementor-icon elementor-social-icon elementor-social-icon-instagram elementor-repeater-item-8b02ba4\" href=\"https:\/\/www.instagram.com\/conammutualismo\/\" target=\"_blank\">\n\t\t\t\t\t\t<span class=\"elementor-screen-only\">Instagram<\/span>\n\t\t\t\t\t\t<i aria-hidden=\"true\" class=\"fab fa-instagram\"><\/i>\t\t\t\t\t<\/a>\n\t\t\t\t<\/span>\n\t\t\t\t\t\t\t<span class=\"elementor-grid-item\" role=\"listitem\">\n\t\t\t\t\t<a class=\"elementor-icon elementor-social-icon elementor-social-icon-envelope elementor-repeater-item-742fba0\" href=\"mailto:info@conam.org.ar\" target=\"_blank\">\n\t\t\t\t\t\t<span class=\"elementor-screen-only\">Envelope<\/span>\n\t\t\t\t\t\t<i aria-hidden=\"true\" class=\"far fa-envelope\"><\/i>\t\t\t\t\t<\/a>\n\t\t\t\t<\/span>\n\t\t\t\t\t\t\t<span class=\"elementor-grid-item\" role=\"listitem\">\n\t\t\t\t\t<a class=\"elementor-icon elementor-social-icon elementor-social-icon-youtube elementor-repeater-item-ace45c9\" href=\"https:\/\/www.youtube.com\/channel\/UC7KxMlgG6jBLkTb5_MT1Mag\" target=\"_blank\">\n\t\t\t\t\t\t<span class=\"elementor-screen-only\">Youtube<\/span>\n\t\t\t\t\t\t<i aria-hidden=\"true\" class=\"fab fa-youtube\"><\/i>\t\t\t\t\t<\/a>\n\t\t\t\t<\/span>\n\t\t\t\t\t\t\t<span class=\"elementor-grid-item\" role=\"listitem\">\n\t\t\t\t\t<a class=\"elementor-icon elementor-social-icon elementor-social-icon-whatsapp elementor-repeater-item-f9a6816\" href=\"https:\/\/www.whatsapp.com\/channel\/0029VbAb94eGOj9wgl4q133o\" target=\"_blank\">\n\t\t\t\t\t\t<span class=\"elementor-screen-only\">Whatsapp<\/span>\n\t\t\t\t\t\t<i aria-hidden=\"true\" class=\"fab fa-whatsapp\"><\/i>\t\t\t\t\t<\/a>\n\t\t\t\t<\/span>\n\t\t\t\t\t<\/div>\n\t\t\t\t\t\t<\/div>\n\t\t\t\t<\/div>\n\t\t\t\t\t<\/div>\n\t\t<\/div>\n\t\t\t\t\t<\/div>\n\t\t<\/section>\n\t\t\t\t<\/footer>\n\t\t<\/div>\n\t\t\t\t\t\t<\/div>\n\t\t\t\t<\/div>\n\t\t\t\t\t<\/div>\n\t\t<\/div>\n\t\t\t\t\t<\/div>\n\t\t<\/section>\n\t\t\t\t<\/div>\n\t\t","protected":false},"excerpt":{"rendered":"<p>FEDESPA y ALUMNI de la Universidad de Salamanca de Espa\u00f1a realizaron el Primer Desfile 2026 de Trajes Tradicionales Espa\u00f1oles: \u201cSostenibilidad Cultural\u201d<\/p>\n","protected":false},"author":3,"featured_media":18186,"comment_status":"open","ping_status":"open","sticky":false,"template":"elementor_canvas","format":"standard","meta":{"footnotes":""},"categories":[15,1],"tags":[1087,833,1336,21,23,24,1085,1092,637,22,1159,836,1457,621,1113],"class_list":["post-18185","post","type-post","status-publish","format-standard","has-post-thumbnail","hentry","category-noticias-de-confederacion","category-ultimas-noticias","tag-alumni","tag-centro-salamanca-de-buenos-aires","tag-colegio-publico-de-la-abogacia-de-la-capital-federal","tag-conam","tag-economia-social","tag-economia-solidaria","tag-fedespa","tag-feditalia","tag-jose-manuel-besteiro","tag-mutualismo","tag-rosa-b-rodriguez","tag-ruben-gomez","tag-santos-gaston-juan","tag-susy-bello-knoll","tag-universidad-de-salamanca-de-espana"],"aioseo_notices":[],"aioseo_head":"\n\t\t<!-- All in One SEO 5.0.1.1 - aioseo.com -->\n\t<meta name=\"description\" content=\"La Federaci\u00f3n de Mutuales Mendocinas de Vivienda (FEMMEVI) particip\u00f3 de una reuni\u00f3n de trabajo convocada por el \u00d3rgano local competente de Mendoza\" \/>\n\t<meta name=\"robots\" content=\"max-image-preview:large\" \/>\n\t<meta name=\"author\" content=\"admin\"\/>\n\t<link rel=\"canonical\" href=\"https:\/\/www.conam.org.ar\/web\/2026\/08\/04\/el-mutualismo-mendocino-fortalece-su-agenda-en-comun-para-afrontar-los-desafios-del-segundo-semestre\/\" \/>\n\t<meta name=\"generator\" content=\"All in One SEO (AIOSEO) 5.0.1.1\" \/>\n\t\t<meta property=\"og:locale\" content=\"es_ES\" \/>\n\t\t<meta property=\"og:site_name\" content=\"CONAM -\" \/>\n\t\t<meta property=\"og:type\" content=\"article\" \/>\n\t\t<meta property=\"og:title\" content=\"EL MUTUALISMO MENDOCINO FORTALECE SU AGENDA EN COM\u00daN PARA AFRONTAR LOS DESAF\u00cdOS DEL SEGUNDO SEMESTRE - CONAM\" \/>\n\t\t<meta property=\"og:description\" content=\"La Federaci\u00f3n de Mutuales Mendocinas de Vivienda (FEMMEVI) particip\u00f3 de una reuni\u00f3n de trabajo convocada por el \u00d3rgano local competente de Mendoza\" \/>\n\t\t<meta property=\"og:url\" content=\"https:\/\/www.conam.org.ar\/web\/2026\/08\/04\/el-mutualismo-mendocino-fortalece-su-agenda-en-comun-para-afrontar-los-desafios-del-segundo-semestre\/\" \/>\n\t\t<meta property=\"og:image\" content=\"https:\/\/www.conam.org.ar\/web\/wp-content\/uploads\/2021\/03\/thumbnail_logo-sin-color-de-fondo.png\" \/>\n\t\t<meta property=\"og:image:secure_url\" content=\"https:\/\/www.conam.org.ar\/web\/wp-content\/uploads\/2021\/03\/thumbnail_logo-sin-color-de-fondo.png\" \/>\n\t\t<meta property=\"article:published_time\" content=\"2026-08-04T19:34:17+00:00\" \/>\n\t\t<meta property=\"article:modified_time\" content=\"2026-08-04T19:45:44+00:00\" \/>\n\t\t<meta name=\"twitter:card\" content=\"summary_large_image\" \/>\n\t\t<meta name=\"twitter:title\" content=\"EL MUTUALISMO MENDOCINO FORTALECE SU AGENDA EN COM\u00daN PARA AFRONTAR LOS DESAF\u00cdOS DEL SEGUNDO SEMESTRE - CONAM\" \/>\n\t\t<meta name=\"twitter:description\" content=\"La Federaci\u00f3n de Mutuales Mendocinas de Vivienda (FEMMEVI) particip\u00f3 de una reuni\u00f3n de trabajo convocada por el \u00d3rgano local competente de Mendoza\" \/>\n\t\t<meta name=\"twitter:image\" content=\"https:\/\/www.conam.org.ar\/web\/wp-content\/uploads\/2021\/03\/thumbnail_logo-sin-color-de-fondo.png\" \/>\n\t\t<script type=\"application\/ld+json\" class=\"aioseo-schema\">\n\t\t\t{\"@context\":\"https:\\\/\\\/schema.org\",\"@graph\":[{\"@type\":\"BlogPosting\",\"@id\":\"https:\\\/\\\/www.conam.org.ar\\\/web\\\/2026\\\/08\\\/04\\\/el-mutualismo-mendocino-fortalece-su-agenda-en-comun-para-afrontar-los-desafios-del-segundo-semestre\\\/#blogposting\",\"name\":\"EL MUTUALISMO MENDOCINO FORTALECE SU AGENDA EN COM\\u00daN PARA AFRONTAR LOS DESAF\\u00cdOS DEL SEGUNDO SEMESTRE - CONAM\",\"headline\":\"MUTUALISMO Y COLECTIVIDADES: CONAM ACOMPA\\u00d1\\u00d3 A FEDESPA EN UNA CELEBRACI\\u00d3N QUE PUSO EN ESCENA LA DIVERSIDAD CULTURAL DE LA COMUNIDAD ESPA\\u00d1OLA EN ARGENTINA\",\"author\":{\"@id\":\"https:\\\/\\\/www.conam.org.ar\\\/web\\\/author\\\/admin\\\/#author\"},\"publisher\":{\"@id\":\"https:\\\/\\\/www.conam.org.ar\\\/web\\\/#organization\"},\"image\":{\"@type\":\"ImageObject\",\"url\":\"https:\\\/\\\/www.conam.org.ar\\\/web\\\/wp-content\\\/uploads\\\/2026\\\/08\\\/MUTUALISMO-Y-COLECTIVIDADES-CONAM-ACOMPANO-A-FEDESPA-EN-UNA-CELEBRACIO.png\",\"width\":1528,\"height\":1029},\"datePublished\":\"2026-08-31T14:21:29-03:00\",\"dateModified\":\"2026-08-31T14:46:38-03:00\",\"inLanguage\":\"es-AR\",\"mainEntityOfPage\":{\"@id\":\"https:\\\/\\\/www.conam.org.ar\\\/web\\\/2026\\\/08\\\/04\\\/el-mutualismo-mendocino-fortalece-su-agenda-en-comun-para-afrontar-los-desafios-del-segundo-semestre\\\/#webpage\"},\"isPartOf\":{\"@id\":\"https:\\\/\\\/www.conam.org.ar\\\/web\\\/2026\\\/08\\\/04\\\/el-mutualismo-mendocino-fortalece-su-agenda-en-comun-para-afrontar-los-desafios-del-segundo-semestre\\\/#webpage\"},\"articleSection\":\"Actividades de nuestras federaci\\u00f3nes, Ultimas novedades, ALUMNI, Centro Salamanca de Buenos Aires, Colegio P\\u00fablico de la Abogac\\u00eda de la Capital Federal, CONAM, Econom\\u00eda Social, Econom\\u00eda Solidaria, FEDESPA, FEDITALIA, Jos\\u00e9 Manuel Besteiro, mutualismo, Rosa B. Rodr\\u00edguez, Rub\\u00e9n G\\u00f3mez, Santos Gast\\u00f3n Juan, Susy Bello Knoll, Universidad de Salamanca de Espa\\u00f1a\"},{\"@type\":\"BreadcrumbList\",\"@id\":\"https:\\\/\\\/www.conam.org.ar\\\/web\\\/2026\\\/08\\\/04\\\/el-mutualismo-mendocino-fortalece-su-agenda-en-comun-para-afrontar-los-desafios-del-segundo-semestre\\\/#breadcrumblist\",\"itemListElement\":[{\"@type\":\"ListItem\",\"@id\":\"https:\\\/\\\/www.conam.org.ar\\\/web#listItem\",\"position\":1,\"name\":\"Home\",\"item\":\"https:\\\/\\\/www.conam.org.ar\\\/web\",\"nextItem\":{\"@type\":\"ListItem\",\"@id\":\"https:\\\/\\\/www.conam.org.ar\\\/web\\\/category\\\/ultimas-noticias\\\/#listItem\",\"name\":\"Ultimas novedades\"}},{\"@type\":\"ListItem\",\"@id\":\"https:\\\/\\\/www.conam.org.ar\\\/web\\\/category\\\/ultimas-noticias\\\/#listItem\",\"position\":2,\"name\":\"Ultimas novedades\",\"item\":\"https:\\\/\\\/www.conam.org.ar\\\/web\\\/category\\\/ultimas-noticias\\\/\",\"nextItem\":{\"@type\":\"ListItem\",\"@id\":\"https:\\\/\\\/www.conam.org.ar\\\/web\\\/2026\\\/08\\\/31\\\/mutualismo-y-colectividades-conam-acompano-a-fedespa-en-una-celebracion-que-puso-en-escena-el-patrimonio-cultural-de-la-comunidad-espanola-en-argentina\\\/#listItem\",\"name\":\"MUTUALISMO Y COLECTIVIDADES: CONAM ACOMPA\\u00d1\\u00d3 A FEDESPA EN UNA CELEBRACI\\u00d3N QUE PUSO EN ESCENA LA DIVERSIDAD CULTURAL DE LA COMUNIDAD ESPA\\u00d1OLA EN ARGENTINA\"},\"previousItem\":{\"@type\":\"ListItem\",\"@id\":\"https:\\\/\\\/www.conam.org.ar\\\/web#listItem\",\"name\":\"Home\"}},{\"@type\":\"ListItem\",\"@id\":\"https:\\\/\\\/www.conam.org.ar\\\/web\\\/2026\\\/08\\\/31\\\/mutualismo-y-colectividades-conam-acompano-a-fedespa-en-una-celebracion-que-puso-en-escena-el-patrimonio-cultural-de-la-comunidad-espanola-en-argentina\\\/#listItem\",\"position\":3,\"name\":\"MUTUALISMO Y COLECTIVIDADES: CONAM ACOMPA\\u00d1\\u00d3 A FEDESPA EN UNA CELEBRACI\\u00d3N QUE PUSO EN ESCENA LA DIVERSIDAD CULTURAL DE LA COMUNIDAD ESPA\\u00d1OLA EN ARGENTINA\",\"previousItem\":{\"@type\":\"ListItem\",\"@id\":\"https:\\\/\\\/www.conam.org.ar\\\/web\\\/category\\\/ultimas-noticias\\\/#listItem\",\"name\":\"Ultimas novedades\"}}]},{\"@type\":\"Organization\",\"@id\":\"https:\\\/\\\/www.conam.org.ar\\\/web\\\/#organization\",\"name\":\"CONAM\",\"url\":\"https:\\\/\\\/www.conam.org.ar\\\/web\\\/\",\"logo\":{\"@type\":\"ImageObject\",\"url\":\"https:\\\/\\\/www.conam.org.ar\\\/web\\\/wp-content\\\/uploads\\\/2021\\\/03\\\/thumbnail_logo-sin-color-de-fondo.png\",\"@id\":\"https:\\\/\\\/www.conam.org.ar\\\/web\\\/2026\\\/08\\\/04\\\/el-mutualismo-mendocino-fortalece-su-agenda-en-comun-para-afrontar-los-desafios-del-segundo-semestre\\\/#organizationLogo\",\"width\":357,\"height\":109},\"image\":{\"@id\":\"https:\\\/\\\/www.conam.org.ar\\\/web\\\/2026\\\/08\\\/04\\\/el-mutualismo-mendocino-fortalece-su-agenda-en-comun-para-afrontar-los-desafios-del-segundo-semestre\\\/#organizationLogo\"}},{\"@type\":\"Person\",\"@id\":\"https:\\\/\\\/www.conam.org.ar\\\/web\\\/author\\\/admin\\\/#author\",\"url\":\"https:\\\/\\\/www.conam.org.ar\\\/web\\\/author\\\/admin\\\/\",\"name\":\"admin\",\"image\":{\"@type\":\"ImageObject\",\"@id\":\"https:\\\/\\\/www.conam.org.ar\\\/web\\\/2026\\\/08\\\/04\\\/el-mutualismo-mendocino-fortalece-su-agenda-en-comun-para-afrontar-los-desafios-del-segundo-semestre\\\/#authorImage\",\"url\":\"https:\\\/\\\/secure.gravatar.com\\\/avatar\\\/c36bb9e931f5f177dba48321c8b85629cf149c922cb35eebb06c02059ea75808?s=96&d=mm&r=g\",\"width\":96,\"height\":96,\"caption\":\"admin\"}},{\"@type\":\"WebPage\",\"@id\":\"https:\\\/\\\/www.conam.org.ar\\\/web\\\/2026\\\/08\\\/04\\\/el-mutualismo-mendocino-fortalece-su-agenda-en-comun-para-afrontar-los-desafios-del-segundo-semestre\\\/#webpage\",\"url\":\"https:\\\/\\\/www.conam.org.ar\\\/web\\\/2026\\\/08\\\/04\\\/el-mutualismo-mendocino-fortalece-su-agenda-en-comun-para-afrontar-los-desafios-del-segundo-semestre\\\/\",\"name\":\"MUTUALISMO Y COLECTIVIDADES: CONAM ACOMPA\\u00d1\\u00d3 A FEDESPA EN UNA CELEBRACI\\u00d3N QUE PUSO EN ESCENA LA DIVERSIDAD CULTURAL DE LA COMUNIDAD ESPA\\u00d1OLA EN ARGENTINA - CONAM\",\"description\":\"La Federaci\\u00f3n de Mutuales Mendocinas de Vivienda (FEMMEVI) particip\\u00f3 de una reuni\\u00f3n de trabajo convocada por el \\u00d3rgano local competente de Mendoza\",\"inLanguage\":\"es-AR\",\"isPartOf\":{\"@id\":\"https:\\\/\\\/www.conam.org.ar\\\/web\\\/#website\"},\"breadcrumb\":{\"@id\":\"https:\\\/\\\/www.conam.org.ar\\\/web\\\/2026\\\/08\\\/04\\\/el-mutualismo-mendocino-fortalece-su-agenda-en-comun-para-afrontar-los-desafios-del-segundo-semestre\\\/#breadcrumblist\"},\"author\":{\"@id\":\"https:\\\/\\\/www.conam.org.ar\\\/web\\\/author\\\/admin\\\/#author\"},\"creator\":{\"@id\":\"https:\\\/\\\/www.conam.org.ar\\\/web\\\/author\\\/admin\\\/#author\"},\"image\":{\"@type\":\"ImageObject\",\"url\":\"https:\\\/\\\/www.conam.org.ar\\\/web\\\/wp-content\\\/uploads\\\/2026\\\/08\\\/MUTUALISMO-Y-COLECTIVIDADES-CONAM-ACOMPANO-A-FEDESPA-EN-UNA-CELEBRACIO.png\",\"@id\":\"https:\\\/\\\/www.conam.org.ar\\\/web\\\/2026\\\/08\\\/04\\\/el-mutualismo-mendocino-fortalece-su-agenda-en-comun-para-afrontar-los-desafios-del-segundo-semestre\\\/#mainImage\",\"width\":1528,\"height\":1029},\"primaryImageOfPage\":{\"@id\":\"https:\\\/\\\/www.conam.org.ar\\\/web\\\/2026\\\/08\\\/04\\\/el-mutualismo-mendocino-fortalece-su-agenda-en-comun-para-afrontar-los-desafios-del-segundo-semestre\\\/#mainImage\"},\"datePublished\":\"2026-08-04T16:34:17-03:00\",\"dateModified\":\"2026-08-04T16:45:44-03:00\"},{\"@type\":\"WebSite\",\"@id\":\"https:\\\/\\\/www.conam.org.ar\\\/web\\\/#website\",\"url\":\"https:\\\/\\\/www.conam.org.ar\\\/web\\\/\",\"name\":\"CONAM\",\"inLanguage\":\"es-AR\",\"publisher\":{\"@id\":\"https:\\\/\\\/www.conam.org.ar\\\/web\\\/#organization\"}}]}\n\t\t<\/script>\n\t\t<!-- All in One SEO -->\n\n","aioseo_head_json":{"title":"MUTUALISMO Y COLECTIVIDADES: CONAM ACOMPA\u00d1\u00d3 A FEDESPA EN UNA CELEBRACI\u00d3N QUE PUSO EN ESCENA LA DIVERSIDAD CULTURAL DE LA COMUNIDAD ESPA\u00d1OLA EN ARGENTINA - CONAM","description":"FEDESPA y ALUMNI de la Universidad de Salamanca de Espa\u00f1a realizaron el Primer Desfile 2026 de Trajes Tradicionales Espa\u00f1oles: \u201cSostenibilidad Cultural\u201d","canonical_url":"https:\/\/www.conam.org.ar\/web\/2026\/08\/04\/el-mutualismo-mendocino-fortalece-su-agenda-en-comun-para-afrontar-los-desafios-del-segundo-semestre\/","robots":"max-image-preview:large","keywords":"","webmasterTools":{"miscellaneous":""},"schema":{"@context":"https:\/\/schema.org","@graph":[{"@type":"BlogPosting","@id":"https:\/\/www.conam.org.ar\/web\/2026\/08\/31\/mutualismo-y-colectividades-conam-acompano-a-fedespa-en-una-celebracion-que-puso-en-escena-el-patrimonio-cultural-de-la-comunidad-espanola-en-argentina\/#blogposting","name":"MUTUALISMO Y COLECTIVIDADES: CONAM ACOMPA\u00d1\u00d3 A FEDESPA EN UNA CELEBRACI\u00d3N QUE PUSO EN ESCENA LA DIVERSIDAD CULTURAL DE LA COMUNIDAD ESPA\u00d1OLA EN ARGENTINA - CONAM","headline":"MUTUALISMO Y COLECTIVIDADES: CONAM ACOMPA\u00d1\u00d3 A FEDESPA EN UNA CELEBRACI\u00d3N QUE PUSO EN ESCENA LA DIVERSIDAD CULTURAL DE LA COMUNIDAD ESPA\u00d1OLA EN ARGENTINA","author":{"@id":"https:\/\/www.conam.org.ar\/web\/author\/admin\/#author"},"publisher":{"@id":"https:\/\/www.conam.org.ar\/web\/#organization"},"image":{"@type":"ImageObject","url":"https:\/\/www.conam.org.ar\/web\/wp-content\/uploads\/2026\/08\/MUTUALISMO-Y-COLECTIVIDADES-CONAM-ACOMPANO-A-FEDESPA-EN-UNA-CELEBRACIO.png","width":1528,"height":1029},"datePublished":"2026-08-31T14:21:29-03:00","dateModified":"2026-08-31T14:46:38-03:00","inLanguage":"es-AR","mainEntityOfPage":{"@id":"https:\/\/www.conam.org.ar\/web\/2026\/08\/31\/mutualismo-y-colectividades-conam-acompano-a-fedespa-en-una-celebracion-que-puso-en-escena-el-patrimonio-cultural-de-la-comunidad-espanola-en-argentina\/#webpage"},"isPartOf":{"@id":"https:\/\/www.conam.org.ar\/web\/2026\/08\/31\/mutualismo-y-colectividades-conam-acompano-a-fedespa-en-una-celebracion-que-puso-en-escena-el-patrimonio-cultural-de-la-comunidad-espanola-en-argentina\/#webpage"},"articleSection":"Actividades de nuestras federaci\u00f3nes, Ultimas novedades, ALUMNI, Centro Salamanca de Buenos Aires, Colegio P\u00fablico de la Abogac\u00eda de la Capital Federal, CONAM, Econom\u00eda Social, Econom\u00eda Solidaria, FEDESPA, FEDITALIA, Jos\u00e9 Manuel Besteiro, mutualismo, Rosa B. Rodr\u00edguez, Rub\u00e9n G\u00f3mez, Santos Gast\u00f3n Juan, Susy Bello Knoll, Universidad de Salamanca de Espa\u00f1a"},{"@type":"BreadcrumbList","@id":"https:\/\/www.conam.org.ar\/web\/2026\/08\/31\/mutualismo-y-colectividades-conam-acompano-a-fedespa-en-una-celebracion-que-puso-en-escena-el-patrimonio-cultural-de-la-comunidad-espanola-en-argentina\/#breadcrumblist","itemListElement":[{"@type":"ListItem","@id":"https:\/\/www.conam.org.ar\/web#listItem","position":1,"name":"Home","item":"https:\/\/www.conam.org.ar\/web","nextItem":{"@type":"ListItem","@id":"https:\/\/www.conam.org.ar\/web\/category\/ultimas-noticias\/#listItem","name":"Ultimas novedades"}},{"@type":"ListItem","@id":"https:\/\/www.conam.org.ar\/web\/category\/ultimas-noticias\/#listItem","position":2,"name":"Ultimas novedades","item":"https:\/\/www.conam.org.ar\/web\/category\/ultimas-noticias\/","nextItem":{"@type":"ListItem","@id":"https:\/\/www.conam.org.ar\/web\/2026\/08\/31\/mutualismo-y-colectividades-conam-acompano-a-fedespa-en-una-celebracion-que-puso-en-escena-el-patrimonio-cultural-de-la-comunidad-espanola-en-argentina\/#listItem","name":"MUTUALISMO Y COLECTIVIDADES: CONAM ACOMPA\u00d1\u00d3 A FEDESPA EN UNA CELEBRACI\u00d3N QUE PUSO EN ESCENA LA DIVERSIDAD CULTURAL DE LA COMUNIDAD ESPA\u00d1OLA EN ARGENTINA"},"previousItem":{"@type":"ListItem","@id":"https:\/\/www.conam.org.ar\/web#listItem","name":"Home"}},{"@type":"ListItem","@id":"https:\/\/www.conam.org.ar\/web\/2026\/08\/31\/mutualismo-y-colectividades-conam-acompano-a-fedespa-en-una-celebracion-que-puso-en-escena-el-patrimonio-cultural-de-la-comunidad-espanola-en-argentina\/#listItem","position":3,"name":"MUTUALISMO Y COLECTIVIDADES: CONAM ACOMPA\u00d1\u00d3 A FEDESPA EN UNA CELEBRACI\u00d3N QUE PUSO EN ESCENA LA DIVERSIDAD CULTURAL DE LA COMUNIDAD ESPA\u00d1OLA EN ARGENTINA","previousItem":{"@type":"ListItem","@id":"https:\/\/www.conam.org.ar\/web\/category\/ultimas-noticias\/#listItem","name":"Ultimas novedades"}}]},{"@type":"Organization","@id":"https:\/\/www.conam.org.ar\/web\/#organization","name":"CONAM","url":"https:\/\/www.conam.org.ar\/web\/","logo":{"@type":"ImageObject","url":"https:\/\/www.conam.org.ar\/web\/wp-content\/uploads\/2021\/03\/thumbnail_logo-sin-color-de-fondo.png","@id":"https:\/\/www.conam.org.ar\/web\/2026\/08\/31\/mutualismo-y-colectividades-conam-acompano-a-fedespa-en-una-celebracion-que-puso-en-escena-el-patrimonio-cultural-de-la-comunidad-espanola-en-argentina\/#organizationLogo","width":357,"height":109},"image":{"@id":"https:\/\/www.conam.org.ar\/web\/2026\/08\/31\/mutualismo-y-colectividades-conam-acompano-a-fedespa-en-una-celebracion-que-puso-en-escena-el-patrimonio-cultural-de-la-comunidad-espanola-en-argentina\/#organizationLogo"}},{"@type":"Person","@id":"https:\/\/www.conam.org.ar\/web\/author\/admin\/#author","url":"https:\/\/www.conam.org.ar\/web\/author\/admin\/","name":"admin","image":{"@type":"ImageObject","@id":"https:\/\/www.conam.org.ar\/web\/2026\/08\/31\/mutualismo-y-colectividades-conam-acompano-a-fedespa-en-una-celebracion-que-puso-en-escena-el-patrimonio-cultural-de-la-comunidad-espanola-en-argentina\/#authorImage","url":"https:\/\/secure.gravatar.com\/avatar\/c36bb9e931f5f177dba48321c8b85629cf149c922cb35eebb06c02059ea75808?s=96&d=mm&r=g","width":96,"height":96,"caption":"admin"}},{"@type":"WebPage","@id":"https:\/\/www.conam.org.ar\/web\/2026\/08\/31\/mutualismo-y-colectividades-conam-acompano-a-fedespa-en-una-celebracion-que-puso-en-escena-el-patrimonio-cultural-de-la-comunidad-espanola-en-argentina\/#webpage","url":"https:\/\/www.conam.org.ar\/web\/2026\/08\/31\/mutualismo-y-colectividades-conam-acompano-a-fedespa-en-una-celebracion-que-puso-en-escena-el-patrimonio-cultural-de-la-comunidad-espanola-en-argentina\/","name":"MUTUALISMO Y COLECTIVIDADES: CONAM ACOMPA\u00d1\u00d3 A FEDESPA EN UNA CELEBRACI\u00d3N QUE PUSO EN ESCENA LA DIVERSIDAD CULTURAL DE LA COMUNIDAD ESPA\u00d1OLA EN ARGENTINA - CONAM","description":"FEDESPA y ALUMNI de la Universidad de Salamanca de Espa\u00f1a realizaron el Primer Desfile 2026 de Trajes Tradicionales Espa\u00f1oles: \u201cSostenibilidad Cultural\u201d","inLanguage":"es-AR","isPartOf":{"@id":"https:\/\/www.conam.org.ar\/web\/#website"},"breadcrumb":{"@id":"https:\/\/www.conam.org.ar\/web\/2026\/08\/31\/mutualismo-y-colectividades-conam-acompano-a-fedespa-en-una-celebracion-que-puso-en-escena-el-patrimonio-cultural-de-la-comunidad-espanola-en-argentina\/#breadcrumblist"},"author":{"@id":"https:\/\/www.conam.org.ar\/web\/author\/admin\/#author"},"creator":{"@id":"https:\/\/www.conam.org.ar\/web\/author\/admin\/#author"},"image":{"@type":"ImageObject","url":"https:\/\/www.conam.org.ar\/web\/wp-content\/uploads\/2026\/08\/MUTUALISMO-Y-COLECTIVIDADES-CONAM-ACOMPANO-A-FEDESPA-EN-UNA-CELEBRACIO.png","@id":"https:\/\/www.conam.org.ar\/web\/2026\/08\/31\/mutualismo-y-colectividades-conam-acompano-a-fedespa-en-una-celebracion-que-puso-en-escena-el-patrimonio-cultural-de-la-comunidad-espanola-en-argentina\/#mainImage","width":1528,"height":1029},"primaryImageOfPage":{"@id":"https:\/\/www.conam.org.ar\/web\/2026\/08\/31\/mutualismo-y-colectividades-conam-acompano-a-fedespa-en-una-celebracion-que-puso-en-escena-el-patrimonio-cultural-de-la-comunidad-espanola-en-argentina\/#mainImage"},"datePublished":"2026-08-31T14:21:29-03:00","dateModified":"2026-08-31T14:46:38-03:00"},{"@type":"WebSite","@id":"https:\/\/www.conam.org.ar\/web\/#website","url":"https:\/\/www.conam.org.ar\/web\/","name":"CONAM","inLanguage":"es-AR","publisher":{"@id":"https:\/\/www.conam.org.ar\/web\/#organization"}}]},"og:locale":"es_ES","og:site_name":"CONAM -","og:type":"article","og:title":"MUTUALISMO Y COLECTIVIDADES: CONAM ACOMPA\u00d1\u00d3 A FEDESPA EN UNA CELEBRACI\u00d3N QUE PUSO EN ESCENA LA DIVERSIDAD CULTURAL DE LA COMUNIDAD ESPA\u00d1OLA EN ARGENTINA - CONAM","og:description":"FEDESPA y ALUMNI de la Universidad de Salamanca de Espa\u00f1a realizaron el Primer Desfile 2026 de Trajes Tradicionales Espa\u00f1oles: \u201cSostenibilidad Cultural\u201d","og:url":"https:\/\/www.conam.org.ar\/web\/2026\/08\/04\/el-mutualismo-mendocino-fortalece-su-agenda-en-comun-para-afrontar-los-desafios-del-segundo-semestre\/","og:image":"https:\/\/www.conam.org.ar\/web\/wp-content\/uploads\/2021\/03\/thumbnail_logo-sin-color-de-fondo.png","og:image:secure_url":"https:\/\/www.conam.org.ar\/web\/wp-content\/uploads\/2021\/03\/thumbnail_logo-sin-color-de-fondo.png","article:published_time":"2026-08-31T17:21:29+00:00","article:modified_time":"2026-08-31T17:46:38+00:00","twitter:card":"summary_large_image","twitter:title":"MUTUALISMO Y COLECTIVIDADES: CONAM ACOMPA\u00d1\u00d3 A FEDESPA EN UNA CELEBRACI\u00d3N QUE PUSO EN ESCENA LA DIVERSIDAD CULTURAL DE LA COMUNIDAD ESPA\u00d1OLA EN ARGENTINA - CONAM","twitter:description":"FEDESPA y ALUMNI de la Universidad de Salamanca de Espa\u00f1a realizaron el Primer Desfile 2026 de Trajes Tradicionales Espa\u00f1oles: \u201cSostenibilidad Cultural\u201d","twitter:image":"https:\/\/www.conam.org.ar\/web\/wp-content\/uploads\/2021\/03\/thumbnail_logo-sin-color-de-fondo.png"},"aioseo_meta_data":{"post_id":"18185","title":null,"description":null,"keywords":null,"keyphrases":{"focus":{"keyphrase":"","score":0,"analysis":{"keyphraseInTitle":{"score":0,"maxScore":9,"error":1}}},"additional":[]},"primary_term":null,"canonical_url":null,"og_title":null,"og_description":null,"og_object_type":"default","og_image_type":"default","og_image_url":null,"og_image_width":null,"og_image_height":null,"og_image_custom_url":null,"og_image_custom_fields":null,"og_video":"","og_custom_url":null,"og_article_section":null,"og_article_tags":null,"twitter_use_og":false,"twitter_card":"default","twitter_image_type":"default","twitter_image_url":null,"twitter_image_custom_url":null,"twitter_image_custom_fields":null,"twitter_title":null,"twitter_description":null,"schema":{"blockGraphs":[],"customGraphs":[],"default":{"data":{"Article":[],"Course":[],"Dataset":[],"FAQPage":[],"Movie":[],"Person":[],"Product":[],"ProductReview":[],"Car":[],"Recipe":[],"Service":[],"SoftwareApplication":[],"WebPage":[]},"graphName":"BlogPosting","isEnabled":true},"graphs":[]},"schema_type":"default","schema_type_options":null,"pillar_content":false,"robots_default":true,"robots_noindex":false,"robots_noarchive":false,"robots_nosnippet":false,"robots_nofollow":false,"robots_noimageindex":false,"robots_noodp":false,"robots_notranslate":false,"robots_max_snippet":"-1","robots_max_videopreview":"-1","robots_max_imagepreview":"large","priority":null,"frequency":"default","local_seo":null,"breadcrumb_settings":null,"limit_modified_date":false,"ai":{"faqs":[],"keyPoints":[],"schemas":[],"titles":[],"descriptions":[],"socialPosts":{"email":{"subject":"","preview":"","content":""},"linkedin":[],"twitter":[],"facebook":[],"instagram":[]}},"created":"2026-08-31 17:21:29","updated":"2026-09-01 05:18:03","seo_analyzer_scan_date":null,"focus_keyword":null,"additional_keywords":null,"truseo_locale":null},"aioseo_breadcrumb":"<div class=\"aioseo-breadcrumbs\"><span class=\"aioseo-breadcrumb\">\n\t\t\t<a href=\"https:\/\/www.conam.org.ar\/web\" title=\"Home\">Home<\/a>\n\t\t<\/span><span class=\"aioseo-breadcrumb-separator\">&raquo;<\/span><span class=\"aioseo-breadcrumb\">\n\t\t\t<a href=\"https:\/\/www.conam.org.ar\/web\/category\/ultimas-noticias\/\" title=\"Ultimas novedades\">Ultimas novedades<\/a>\n\t\t<\/span><span class=\"aioseo-breadcrumb-separator\">&raquo;<\/span><span class=\"aioseo-breadcrumb\">\n\t\t\tMUTUALISMO Y COLECTIVIDADES: CONAM ACOMPA\u00d1\u00d3 A FEDESPA EN UNA CELEBRACI\u00d3N QUE PUSO EN ESCENA LA DIVERSIDAD CULTURAL DE LA COMUNIDAD ESPA\u00d1OLA EN ARGENTINA\n\t\t<\/span><\/div>","aioseo_breadcrumb_json":[{"label":"Home","link":"https:\/\/www.conam.org.ar\/web"},{"label":"Ultimas novedades","link":"https:\/\/www.conam.org.ar\/web\/category\/ultimas-noticias\/"},{"label":"MUTUALISMO Y COLECTIVIDADES: CONAM ACOMPA\u00d1\u00d3 A FEDESPA EN UNA CELEBRACI\u00d3N QUE PUSO EN ESCENA LA DIVERSIDAD CULTURAL DE LA COMUNIDAD ESPA\u00d1OLA EN ARGENTINA","link":"https:\/\/www.conam.org.ar\/web\/2026\/08\/31\/mutualismo-y-colectividades-conam-acompano-a-fedespa-en-una-celebracion-que-puso-en-escena-el-patrimonio-cultural-de-la-comunidad-espanola-en-argentina\/"}],"_links":{"self":[{"href":"https:\/\/www.conam.org.ar\/web\/wp-json\/wp\/v2\/posts\/18185","targetHints":{"allow":["GET"]}}],"collection":[{"href":"https:\/\/www.conam.org.ar\/web\/wp-json\/wp\/v2\/posts"}],"about":[{"href":"https:\/\/www.conam.org.ar\/web\/wp-json\/wp\/v2\/types\/post"}],"author":[{"embeddable":true,"href":"https:\/\/www.conam.org.ar\/web\/wp-json\/wp\/v2\/users\/3"}],"replies":[{"embeddable":true,"href":"https:\/\/www.conam.org.ar\/web\/wp-json\/wp\/v2\/comments?post=18185"}],"version-history":[{"count":8,"href":"https:\/\/www.conam.org.ar\/web\/wp-json\/wp\/v2\/posts\/18185\/revisions"}],"predecessor-version":[{"id":18200,"href":"https:\/\/www.conam.org.ar\/web\/wp-json\/wp\/v2\/posts\/18185\/revisions\/18200"}],"wp:featuredmedia":[{"embeddable":true,"href":"https:\/\/www.conam.org.ar\/web\/wp-json\/wp\/v2\/media\/18186"}],"wp:attachment":[{"href":"https:\/\/www.conam.org.ar\/web\/wp-json\/wp\/v2\/media?parent=18185"}],"wp:term":[{"taxonomy":"category","embeddable":true,"href":"https:\/\/www.conam.org.ar\/web\/wp-json\/wp\/v2\/categories?post=18185"},{"taxonomy":"post_tag","embeddable":true,"href":"https:\/\/www.conam.org.ar\/web\/wp-json\/wp\/v2\/tags?post=18185"}],"curies":[{"name":"wp","href":"https:\/\/api.w.org\/{rel}","templated":true}]}}