{"id":18201,"date":"2026-09-01T16:13:48","date_gmt":"2026-09-01T19:13:48","guid":{"rendered":"https:\/\/www.conam.org.ar\/web\/?p=18201"},"modified":"2026-09-01T16:42:25","modified_gmt":"2026-09-01T19:42:25","slug":"nueva-resolucion-1687-2026-el-inaes-establece-una-prorroga-de-30-dias-para-aquellas-mutuales-que-deben-presentar-la-documentacion-obligatoria-respecto-al-reglamento-de-gestion-de-prestamos","status":"publish","type":"post","link":"https:\/\/www.conam.org.ar\/web\/2026\/09\/01\/nueva-resolucion-1687-2026-el-inaes-establece-una-prorroga-de-30-dias-para-aquellas-mutuales-que-deben-presentar-la-documentacion-obligatoria-respecto-al-reglamento-de-gestion-de-prestamos\/","title":{"rendered":"NUEVA RESOLUCI\u00d3N 1687\/2026: EL INAES ESTABLECE UNA PR\u00d3RROGA DE 30 D\u00cdAS PARA AQUELLAS MUTUALES QUE DEBEN PRESENTAR LA DOCUMENTACI\u00d3N OBLIGATORIA RESPECTO AL REGLAMENTO DE GESTI\u00d3N DE PR\u00c9STAMOS"},"content":{"rendered":"\t\t<div data-elementor-type=\"wp-post\" data-elementor-id=\"18201\" class=\"elementor elementor-18201\" data-elementor-post-type=\"post\">\n\t\t\t\t\t\t<section class=\"elementor-section elementor-top-section elementor-element elementor-element-4edce658 elementor-section-full_width elementor-section-height-default elementor-section-height-default\" data-id=\"4edce658\" data-element_type=\"section\" data-e-type=\"section\">\n\t\t\t\t\t\t<div class=\"elementor-container elementor-column-gap-default\">\n\t\t\t\t\t<div class=\"elementor-column elementor-col-100 elementor-top-column elementor-element elementor-element-6a61e16e\" data-id=\"6a61e16e\" data-element_type=\"column\" data-e-type=\"column\">\n\t\t\t<div class=\"elementor-widget-wrap elementor-element-populated\">\n\t\t\t\t\t\t<div class=\"elementor-element elementor-element-1d88a1c5 elementor-widget elementor-widget-shortcode\" data-id=\"1d88a1c5\" data-element_type=\"widget\" data-e-type=\"widget\" data-widget_type=\"shortcode.default\">\n\t\t\t\t<div class=\"elementor-widget-container\">\n\t\t\t\t\t\t\t<div class=\"elementor-shortcode\">\t\t<header data-elementor-type=\"header\" data-elementor-id=\"2792\" class=\"elementor elementor-2792\" data-elementor-post-type=\"elementor_library\">\n\t\t\t\t\t<section class=\"elementor-section elementor-top-section elementor-element elementor-element-e36ce06 elementor-section-boxed elementor-section-height-default elementor-section-height-default\" data-id=\"e36ce06\" data-element_type=\"section\" data-e-type=\"section\">\n\t\t\t\t\t\t<div class=\"elementor-container elementor-column-gap-no\">\n\t\t\t\t\t<div class=\"elementor-column elementor-col-50 elementor-top-column elementor-element elementor-element-196edba\" data-id=\"196edba\" data-element_type=\"column\" data-e-type=\"column\">\n\t\t\t<div class=\"elementor-widget-wrap elementor-element-populated\">\n\t\t\t\t\t\t<div class=\"elementor-element elementor-element-2c1d154 elementor-hidden-tablet elementor-hidden-phone elementor-widget elementor-widget-heading\" data-id=\"2c1d154\" data-element_type=\"widget\" data-e-type=\"widget\" data-widget_type=\"heading.default\">\n\t\t\t\t<div class=\"elementor-widget-container\">\n\t\t\t\t\t<h6 class=\"elementor-heading-title elementor-size-default\">&nbsp;011-4800-2268&nbsp; &nbsp; &nbsp; &nbsp; Humberto Primo 986 5to 32&nbsp;- CABA<\/h6>\t\t\t\t<\/div>\n\t\t\t\t<\/div>\n\t\t\t\t\t<\/div>\n\t\t<\/div>\n\t\t\t\t<div class=\"elementor-column elementor-col-50 elementor-top-column elementor-element elementor-element-3ed4958\" data-id=\"3ed4958\" data-element_type=\"column\" data-e-type=\"column\">\n\t\t\t<div class=\"elementor-widget-wrap elementor-element-populated\">\n\t\t\t\t\t\t<div class=\"elementor-element elementor-element-af8bf08 elementor-shape-circle e-grid-align-right elementor-hidden-tablet elementor-hidden-phone elementor-grid-0 elementor-widget elementor-widget-social-icons\" data-id=\"af8bf08\" data-element_type=\"widget\" data-e-type=\"widget\" data-widget_type=\"social-icons.default\">\n\t\t\t\t<div class=\"elementor-widget-container\">\n\t\t\t\t\t\t\t<div class=\"elementor-social-icons-wrapper elementor-grid\" role=\"list\">\n\t\t\t\t\t\t\t<span class=\"elementor-grid-item\" role=\"listitem\">\n\t\t\t\t\t<a class=\"elementor-icon elementor-social-icon elementor-social-icon-facebook-f elementor-repeater-item-7e76215\" href=\"https:\/\/www.facebook.com\/ConamMutualismo\" target=\"_blank\">\n\t\t\t\t\t\t<span class=\"elementor-screen-only\">Facebook-f<\/span>\n\t\t\t\t\t\t<i aria-hidden=\"true\" class=\"fab fa-facebook-f\"><\/i>\t\t\t\t\t<\/a>\n\t\t\t\t<\/span>\n\t\t\t\t\t\t\t<span class=\"elementor-grid-item\" role=\"listitem\">\n\t\t\t\t\t<a class=\"elementor-icon elementor-social-icon elementor-social-icon-x-twitter elementor-repeater-item-f4248f0\" href=\"https:\/\/x.com\/ConamMutual\" target=\"_blank\">\n\t\t\t\t\t\t<span class=\"elementor-screen-only\">X-twitter<\/span>\n\t\t\t\t\t\t<i aria-hidden=\"true\" class=\"fab fa-x-twitter\"><\/i>\t\t\t\t\t<\/a>\n\t\t\t\t<\/span>\n\t\t\t\t\t\t\t<span class=\"elementor-grid-item\" role=\"listitem\">\n\t\t\t\t\t<a class=\"elementor-icon elementor-social-icon elementor-social-icon-instagram elementor-repeater-item-8b02ba4\" href=\"https:\/\/www.instagram.com\/conammutualismo\/\" target=\"_blank\">\n\t\t\t\t\t\t<span class=\"elementor-screen-only\">Instagram<\/span>\n\t\t\t\t\t\t<i aria-hidden=\"true\" class=\"fab fa-instagram\"><\/i>\t\t\t\t\t<\/a>\n\t\t\t\t<\/span>\n\t\t\t\t\t\t\t<span class=\"elementor-grid-item\" role=\"listitem\">\n\t\t\t\t\t<a class=\"elementor-icon elementor-social-icon elementor-social-icon-envelope elementor-repeater-item-742fba0\" href=\"mailto:info@conam.org.ar%20\" target=\"_blank\">\n\t\t\t\t\t\t<span class=\"elementor-screen-only\">Envelope<\/span>\n\t\t\t\t\t\t<i aria-hidden=\"true\" class=\"far fa-envelope\"><\/i>\t\t\t\t\t<\/a>\n\t\t\t\t<\/span>\n\t\t\t\t\t\t\t<span class=\"elementor-grid-item\" role=\"listitem\">\n\t\t\t\t\t<a class=\"elementor-icon elementor-social-icon elementor-social-icon-youtube elementor-repeater-item-ace45c9\" href=\"https:\/\/www.youtube.com\/channel\/UC7KxMlgG6jBLkTb5_MT1Mag\" target=\"_blank\">\n\t\t\t\t\t\t<span class=\"elementor-screen-only\">Youtube<\/span>\n\t\t\t\t\t\t<i aria-hidden=\"true\" class=\"fab fa-youtube\"><\/i>\t\t\t\t\t<\/a>\n\t\t\t\t<\/span>\n\t\t\t\t\t\t\t<span class=\"elementor-grid-item\" role=\"listitem\">\n\t\t\t\t\t<a class=\"elementor-icon elementor-social-icon elementor-social-icon-whatsapp elementor-repeater-item-21cc4b7\" href=\"https:\/\/www.whatsapp.com\/channel\/0029VbAb94eGOj9wgl4q133o\" target=\"_blank\">\n\t\t\t\t\t\t<span class=\"elementor-screen-only\">Whatsapp<\/span>\n\t\t\t\t\t\t<i aria-hidden=\"true\" class=\"fab fa-whatsapp\"><\/i>\t\t\t\t\t<\/a>\n\t\t\t\t<\/span>\n\t\t\t\t\t<\/div>\n\t\t\t\t\t\t<\/div>\n\t\t\t\t<\/div>\n\t\t\t\t\t<\/div>\n\t\t<\/div>\n\t\t\t\t\t<\/div>\n\t\t<\/section>\n\t\t\t\t<section class=\"elementor-section elementor-top-section elementor-element elementor-element-629d88b elementor-section-full_width elementor-section-height-default elementor-section-height-default\" data-id=\"629d88b\" data-element_type=\"section\" data-e-type=\"section\">\n\t\t\t\t\t\t<div class=\"elementor-container elementor-column-gap-no\">\n\t\t\t\t\t<div class=\"elementor-column elementor-col-100 elementor-top-column elementor-element elementor-element-3a1d78f\" data-id=\"3a1d78f\" data-element_type=\"column\" data-e-type=\"column\">\n\t\t\t<div class=\"elementor-widget-wrap elementor-element-populated\">\n\t\t\t\t\t\t<div class=\"elementor-element elementor-element-89c407a elementor-hidden-tablet elementor-hidden-phone elementor-widget-divider--view-line elementor-widget elementor-widget-divider\" data-id=\"89c407a\" data-element_type=\"widget\" data-e-type=\"widget\" data-widget_type=\"divider.default\">\n\t\t\t\t<div class=\"elementor-widget-container\">\n\t\t\t\t\t\t\t<div class=\"elementor-divider\">\n\t\t\t<span class=\"elementor-divider-separator\">\n\t\t\t\t\t\t<\/span>\n\t\t<\/div>\n\t\t\t\t\t\t<\/div>\n\t\t\t\t<\/div>\n\t\t\t\t\t<\/div>\n\t\t<\/div>\n\t\t\t\t\t<\/div>\n\t\t<\/section>\n\t\t\t\t<section class=\"elementor-section elementor-top-section elementor-element elementor-element-8df3edb elementor-section-full_width elementor-section-content-middle elementor-section-height-default elementor-section-height-default\" data-id=\"8df3edb\" data-element_type=\"section\" data-e-type=\"section\">\n\t\t\t\t\t\t<div class=\"elementor-container elementor-column-gap-default\">\n\t\t\t\t\t<div class=\"elementor-column elementor-col-33 elementor-top-column elementor-element elementor-element-4634086\" data-id=\"4634086\" data-element_type=\"column\" data-e-type=\"column\">\n\t\t\t<div class=\"elementor-widget-wrap elementor-element-populated\">\n\t\t\t\t\t\t<div class=\"elementor-element elementor-element-643d4bd elementor-widget elementor-widget-theme-site-logo elementor-widget-image\" data-id=\"643d4bd\" data-element_type=\"widget\" data-e-type=\"widget\" data-widget_type=\"theme-site-logo.default\">\n\t\t\t\t<div class=\"elementor-widget-container\">\n\t\t\t\t\t\t\t\t\t\t\t<a href=\"https:\/\/www.conam.org.ar\/web\">\n\t\t\t<img decoding=\"async\" width=\"357\" height=\"109\" src=\"https:\/\/www.conam.org.ar\/web\/wp-content\/uploads\/2021\/03\/thumbnail_logo-sin-color-de-fondo.png\" class=\"attachment-full size-full wp-image-2800\" alt=\"\" srcset=\"https:\/\/www.conam.org.ar\/web\/wp-content\/uploads\/2021\/03\/thumbnail_logo-sin-color-de-fondo.png 357w, https:\/\/www.conam.org.ar\/web\/wp-content\/uploads\/2021\/03\/thumbnail_logo-sin-color-de-fondo-300x92.png 300w\" sizes=\"(max-width: 357px) 100vw, 357px\" \/>\t\t\t\t<\/a>\n\t\t\t\t\t\t\t\t\t\t\t<\/div>\n\t\t\t\t<\/div>\n\t\t\t\t\t<\/div>\n\t\t<\/div>\n\t\t\t\t<div class=\"elementor-column elementor-col-33 elementor-top-column elementor-element elementor-element-7ad5816\" data-id=\"7ad5816\" data-element_type=\"column\" data-e-type=\"column\">\n\t\t\t<div class=\"elementor-widget-wrap elementor-element-populated\">\n\t\t\t\t\t\t<div class=\"elementor-element elementor-element-1630c3a elementor-widget-tablet__width-initial elementor-hidden-desktop elementor-hidden-phone elementor-search-form--skin-classic elementor-search-form--button-type-icon elementor-search-form--icon-search elementor-widget elementor-widget-search-form\" data-id=\"1630c3a\" data-element_type=\"widget\" data-e-type=\"widget\" data-settings=\"{&quot;skin&quot;:&quot;classic&quot;}\" data-widget_type=\"search-form.default\">\n\t\t\t\t<div class=\"elementor-widget-container\">\n\t\t\t\t\t\t\t<search role=\"search\">\n\t\t\t<form class=\"elementor-search-form\" action=\"https:\/\/www.conam.org.ar\/web\" method=\"get\">\n\t\t\t\t\t\t\t\t\t\t\t\t<div class=\"elementor-search-form__container\">\n\t\t\t\t\t<label class=\"elementor-screen-only\" for=\"elementor-search-form-1630c3a\">Search<\/label>\n\n\t\t\t\t\t\n\t\t\t\t\t<input id=\"elementor-search-form-1630c3a\" placeholder=\"Buscar\" class=\"elementor-search-form__input\" type=\"search\" name=\"s\" value=\"\">\n\t\t\t\t\t\n\t\t\t\t\t\t\t\t\t\t\t<button class=\"elementor-search-form__submit\" type=\"submit\" aria-label=\"Search\">\n\t\t\t\t\t\t\t\t\t\t\t\t\t\t\t<i aria-hidden=\"true\" class=\"fas fa-search\"><\/i>\t\t\t\t\t\t\t\t\t\t\t\t\t<\/button>\n\t\t\t\t\t\n\t\t\t\t\t\t\t\t\t<\/div>\n\t\t\t<\/form>\n\t\t<\/search>\n\t\t\t\t\t\t<\/div>\n\t\t\t\t<\/div>\n\t\t\t\t<div class=\"elementor-element elementor-element-352c26d elementor-hidden-tablet elementor-widget elementor-widget-wp-widget-wpmegamenu_widget\" data-id=\"352c26d\" data-element_type=\"widget\" data-e-type=\"widget\" data-widget_type=\"wp-widget-wpmegamenu_widget.default\">\n\t\t\t\t<div class=\"elementor-widget-container\">\n\t\t\t\t\t<div id=\"wpmm-wrap-header_menu\" class=\"wp-megamenu-main-wrapper wpmm-ctheme-wrapper wpmm-hide-toggle wpmega-default-theme wpmega-enabled-mobile-menu wpmm-hideallicons-mobile  wpmm-toggle-accordion wpmm-onhover wpmm-orientation-horizontal  wpmm-flip-effect \"><div class=\"wpmegamenu-toggle wpmega-enabled-menutoggle\" data-responsive-breakpoint=\"910px\"><div class='wp-mega-toggle-block'><div class='wpmega-closeblock'><i class='dashicons dashicons-editor-justify'><\/i><\/div><div class='wpmega-openblock'><i class='dashicons dashicons-no'><\/i><\/div><div class='menutoggle'>Menu<\/div><\/div><\/div><ul id=\"wpmega-menu-header_menu\" class=\"wpmm-mega-wrapper wpmemgamenu-pro\" data-advanced-click=\"wpmm-click-submenu\" data-trigger-effect=\"wpmm-onhover\"><li class='menu-item menu-item-type-custom menu-item-object-custom menu-item-home menu-item-has-children wpmega-menu-flyout wpmega-show-arrow wpmm-menu-align-left wpmega-hide-menu-icon wpmega-flyout-horizontal-right menu-item-4097 menu-item-depth-0 wpmm-submenu-align-left no-dropdown' id='wp_nav_menu-item-4097'><a class=\"wp-mega-menu-link\" href=\"https:\/\/www.conam.org.ar\/web\/\"><span class=\"wpmm-mega-menu-href-title\">Institucional<\/span><\/a>\n<div class='wpmm-sub-menu-wrapper wpmm-menu0'><ul class=\"wp-mega-sub-menu\">\n\t<li class='menu-item menu-item-type-post_type menu-item-object-page wp-mega-menu-header wpmega-show-arrow wpmm-menu-align-left wpmega-hide-menu-icon menu-item-767 menu-item-depth-1 wpmm-submenu-align-left no-dropdown' id='wp_nav_menu-item-767'><a class=\"wp-mega-menu-link\" href=\"https:\/\/www.conam.org.ar\/web\/mision\/\"><span class=\"wpmm-mega-menu-href-title\">Misi\u00f3n y objetivos<\/span><\/a><\/li>\t<li class='menu-item menu-item-type-post_type menu-item-object-page wp-mega-menu-header wpmega-show-arrow wpmm-menu-align-left wpmega-hide-menu-icon menu-item-766 menu-item-depth-1 wpmm-submenu-align-left no-dropdown' id='wp_nav_menu-item-766'><a class=\"wp-mega-menu-link\" href=\"https:\/\/www.conam.org.ar\/web\/vision\/\"><span class=\"wpmm-mega-menu-href-title\">Visi\u00f3n<\/span><\/a><\/li>\t<li class='menu-item menu-item-type-post_type menu-item-object-page wp-mega-menu-header wpmega-show-arrow wpmm-menu-align-left wpmega-hide-menu-icon menu-item-765 menu-item-depth-1 wpmm-submenu-align-left no-dropdown' id='wp_nav_menu-item-765'><a class=\"wp-mega-menu-link\" href=\"https:\/\/www.conam.org.ar\/web\/sobre-conam\/\"><span class=\"wpmm-mega-menu-href-title\">Sobre CONAM<\/span><\/a><\/li>\t<li class='menu-item menu-item-type-post_type menu-item-object-page wp-mega-menu-header wpmega-show-arrow wpmm-menu-align-left wpmega-hide-menu-icon menu-item-3920 menu-item-depth-1 wpmm-submenu-align-left no-dropdown' id='wp_nav_menu-item-3920'><a class=\"wp-mega-menu-link\" href=\"https:\/\/www.conam.org.ar\/web\/estatutos\/\"><span class=\"wpmm-mega-menu-href-title\">Estatuto<\/span><\/a><\/li>\t<li class='menu-item menu-item-type-post_type menu-item-object-page wp-mega-menu-header wpmega-show-arrow wpmm-menu-align-left wpmega-hide-menu-icon menu-item-768 menu-item-depth-1 wpmm-submenu-align-left no-dropdown' id='wp_nav_menu-item-768'><a class=\"wp-mega-menu-link\" href=\"https:\/\/www.conam.org.ar\/web\/autoridades\/\"><span class=\"wpmm-mega-menu-href-title\">Autoridades<\/span><\/a><\/li><\/ul><\/div>\n<\/li><li class='menu-item menu-item-type-post_type menu-item-object-page wpmega-menu-flyout wpmega-show-arrow wpmm-menu-align-left wpmega-hide-menu-icon wpmega-flyout-horizontal-right menu-item-4052 menu-item-depth-0 wpmm-submenu-align-left no-dropdown' id='wp_nav_menu-item-4052'><a class=\"wp-mega-menu-link\" href=\"https:\/\/www.conam.org.ar\/web\/federaciones\/\"><span class=\"wpmm-mega-menu-href-title\">Federaciones<\/span><\/a><\/li><li class='menu-item menu-item-type-post_type menu-item-object-page menu-item-has-children wpmega-menu-flyout wpmega-show-arrow wpmm-menu-align-left wpmega-hide-menu-icon wpmega-flyout-horizontal-right menu-item-770 menu-item-depth-0 wpmm-submenu-align-left no-dropdown' id='wp_nav_menu-item-770'><a class=\"wp-mega-menu-link\" href=\"https:\/\/www.conam.org.ar\/web\/economia-solidaria\/\"><span class=\"wpmm-mega-menu-href-title\">Econom\u00eda Solidaria<\/span><\/a>\n<div class='wpmm-sub-menu-wrapper wpmm-menu0'><ul class=\"wp-mega-sub-menu\">\n\t<li class='menu-item menu-item-type-post_type menu-item-object-page wp-mega-menu-header wpmega-show-arrow wpmm-menu-align-left wpmega-hide-menu-icon menu-item-771 menu-item-depth-1 wpmm-submenu-align-left no-dropdown' id='wp_nav_menu-item-771'><a class=\"wp-mega-menu-link\" href=\"https:\/\/www.conam.org.ar\/web\/mutual-y-sus-principios\/\"><span class=\"wpmm-mega-menu-href-title\">Mutual y sus principios<\/span><\/a><\/li>\t<li class='menu-item menu-item-type-post_type menu-item-object-page wp-mega-menu-header wpmega-show-arrow wpmm-menu-align-left wpmega-hide-menu-icon menu-item-772 menu-item-depth-1 wpmm-submenu-align-left no-dropdown' id='wp_nav_menu-item-772'><a class=\"wp-mega-menu-link\" href=\"https:\/\/www.conam.org.ar\/web\/actividad-de-las-mutuales\/\"><span class=\"wpmm-mega-menu-href-title\">Actividad de las mutuales<\/span><\/a><\/li>\t<li class='menu-item menu-item-type-post_type menu-item-object-page wp-mega-menu-header wpmega-show-arrow wpmm-menu-align-left wpmega-hide-menu-icon menu-item-773 menu-item-depth-1 wpmm-submenu-align-left no-dropdown' id='wp_nav_menu-item-773'><a class=\"wp-mega-menu-link\" href=\"https:\/\/www.conam.org.ar\/web\/normativa\/\"><span class=\"wpmm-mega-menu-href-title\">Normativa<\/span><\/a><\/li><\/ul><\/div>\n<\/li><li class='menu-item menu-item-type-post_type menu-item-object-page wpmega-menu-flyout wpmega-show-arrow wpmm-menu-align-left wpmega-hide-menu-icon wpmega-flyout-horizontal-right menu-item-775 menu-item-depth-0 wpmm-submenu-align-left no-dropdown' id='wp_nav_menu-item-775'><a class=\"wp-mega-menu-link\" href=\"https:\/\/www.conam.org.ar\/web\/mutuales-en-red\/\"><span class=\"wpmm-mega-menu-href-title\">Servicios en red<\/span><\/a><\/li><li class='menu-item menu-item-type-post_type menu-item-object-page wpmega-menu-flyout wpmega-show-arrow wpmm-menu-align-left wpmega-hide-menu-icon wpmega-flyout-horizontal-right menu-item-1610 menu-item-depth-0 wpmm-submenu-align-left no-dropdown' id='wp_nav_menu-item-1610'><a class=\"wp-mega-menu-link\" href=\"https:\/\/www.conam.org.ar\/web\/novedades\/\"><span class=\"wpmm-mega-menu-href-title\">Novedades<\/span><\/a><\/li><\/ul><\/div>\t\t\t\t<\/div>\n\t\t\t\t<\/div>\n\t\t\t\t\t<\/div>\n\t\t<\/div>\n\t\t\t\t<div class=\"elementor-column elementor-col-33 elementor-top-column elementor-element elementor-element-f467f19\" data-id=\"f467f19\" data-element_type=\"column\" data-e-type=\"column\">\n\t\t\t<div class=\"elementor-widget-wrap elementor-element-populated\">\n\t\t\t\t\t\t<div class=\"elementor-element elementor-element-f6a9a59 elementor-widget-tablet__width-initial elementor-hidden-tablet elementor-hidden-mobile elementor-search-form--skin-classic elementor-search-form--button-type-icon elementor-search-form--icon-search elementor-widget elementor-widget-search-form\" data-id=\"f6a9a59\" data-element_type=\"widget\" data-e-type=\"widget\" data-settings=\"{&quot;skin&quot;:&quot;classic&quot;}\" data-widget_type=\"search-form.default\">\n\t\t\t\t<div class=\"elementor-widget-container\">\n\t\t\t\t\t\t\t<search role=\"search\">\n\t\t\t<form class=\"elementor-search-form\" action=\"https:\/\/www.conam.org.ar\/web\" method=\"get\">\n\t\t\t\t\t\t\t\t\t\t\t\t<div class=\"elementor-search-form__container\">\n\t\t\t\t\t<label class=\"elementor-screen-only\" for=\"elementor-search-form-f6a9a59\">Search<\/label>\n\n\t\t\t\t\t\n\t\t\t\t\t<input id=\"elementor-search-form-f6a9a59\" placeholder=\"Buscar\" class=\"elementor-search-form__input\" type=\"search\" name=\"s\" value=\"\">\n\t\t\t\t\t\n\t\t\t\t\t\t\t\t\t\t\t<button class=\"elementor-search-form__submit\" type=\"submit\" aria-label=\"Search\">\n\t\t\t\t\t\t\t\t\t\t\t\t\t\t\t<i aria-hidden=\"true\" class=\"fas fa-search\"><\/i>\t\t\t\t\t\t\t\t\t\t\t\t\t<\/button>\n\t\t\t\t\t\n\t\t\t\t\t\t\t\t\t<\/div>\n\t\t\t<\/form>\n\t\t<\/search>\n\t\t\t\t\t\t<\/div>\n\t\t\t\t<\/div>\n\t\t\t\t<div class=\"elementor-element elementor-element-3197658 elementor-hidden-desktop elementor-nav-menu--stretch elementor-nav-menu__align-center elementor-hidden-mobile elementor-nav-menu--dropdown-tablet elementor-nav-menu__text-align-aside elementor-nav-menu--toggle elementor-nav-menu--burger elementor-widget elementor-widget-nav-menu\" data-id=\"3197658\" data-element_type=\"widget\" data-e-type=\"widget\" data-settings=\"{&quot;full_width&quot;:&quot;stretch&quot;,&quot;layout&quot;:&quot;horizontal&quot;,&quot;submenu_icon&quot;:{&quot;value&quot;:&quot;&lt;i class=\\&quot;fas fa-caret-down\\&quot; aria-hidden=\\&quot;true\\&quot;&gt;&lt;\\\/i&gt;&quot;,&quot;library&quot;:&quot;fa-solid&quot;},&quot;toggle&quot;:&quot;burger&quot;}\" data-widget_type=\"nav-menu.default\">\n\t\t\t\t<div class=\"elementor-widget-container\">\n\t\t\t\t\t\t\t\t<nav aria-label=\"Menu\" class=\"elementor-nav-menu--main elementor-nav-menu__container elementor-nav-menu--layout-horizontal e--pointer-underline e--animation-fade\">\n\t\t\t\t<ul id=\"menu-1-3197658\" class=\"elementor-nav-menu\"><li class=\"menu-item menu-item-type-custom menu-item-object-custom menu-item-home menu-item-has-children menu-item-4097\"><a href=\"https:\/\/www.conam.org.ar\/web\/\" class=\"elementor-item\">Institucional<\/a>\n<ul class=\"sub-menu elementor-nav-menu--dropdown\">\n\t<li class=\"menu-item menu-item-type-post_type menu-item-object-page menu-item-767\"><a href=\"https:\/\/www.conam.org.ar\/web\/mision\/\" class=\"elementor-sub-item\">Misi\u00f3n y objetivos<\/a><\/li>\n\t<li class=\"menu-item menu-item-type-post_type menu-item-object-page menu-item-766\"><a href=\"https:\/\/www.conam.org.ar\/web\/vision\/\" class=\"elementor-sub-item\">Visi\u00f3n<\/a><\/li>\n\t<li class=\"menu-item menu-item-type-post_type menu-item-object-page menu-item-765\"><a href=\"https:\/\/www.conam.org.ar\/web\/sobre-conam\/\" class=\"elementor-sub-item\">Sobre CONAM<\/a><\/li>\n\t<li class=\"menu-item menu-item-type-post_type menu-item-object-page menu-item-3920\"><a href=\"https:\/\/www.conam.org.ar\/web\/estatutos\/\" class=\"elementor-sub-item\">Estatuto<\/a><\/li>\n\t<li class=\"menu-item menu-item-type-post_type menu-item-object-page menu-item-768\"><a href=\"https:\/\/www.conam.org.ar\/web\/autoridades\/\" class=\"elementor-sub-item\">Autoridades<\/a><\/li>\n<\/ul>\n<\/li>\n<li class=\"menu-item menu-item-type-post_type menu-item-object-page menu-item-4052\"><a href=\"https:\/\/www.conam.org.ar\/web\/federaciones\/\" class=\"elementor-item\">Federaciones<\/a><\/li>\n<li class=\"menu-item menu-item-type-post_type menu-item-object-page menu-item-has-children menu-item-770\"><a href=\"https:\/\/www.conam.org.ar\/web\/economia-solidaria\/\" class=\"elementor-item\">Econom\u00eda Solidaria<\/a>\n<ul class=\"sub-menu elementor-nav-menu--dropdown\">\n\t<li class=\"menu-item menu-item-type-post_type menu-item-object-page menu-item-771\"><a href=\"https:\/\/www.conam.org.ar\/web\/mutual-y-sus-principios\/\" class=\"elementor-sub-item\">Mutual y sus principios<\/a><\/li>\n\t<li class=\"menu-item menu-item-type-post_type menu-item-object-page menu-item-772\"><a href=\"https:\/\/www.conam.org.ar\/web\/actividad-de-las-mutuales\/\" class=\"elementor-sub-item\">Actividad de las mutuales<\/a><\/li>\n\t<li class=\"menu-item menu-item-type-post_type menu-item-object-page menu-item-773\"><a href=\"https:\/\/www.conam.org.ar\/web\/normativa\/\" class=\"elementor-sub-item\">Normativa<\/a><\/li>\n<\/ul>\n<\/li>\n<li class=\"menu-item menu-item-type-post_type menu-item-object-page menu-item-775\"><a href=\"https:\/\/www.conam.org.ar\/web\/mutuales-en-red\/\" class=\"elementor-item\">Servicios en red<\/a><\/li>\n<li class=\"menu-item menu-item-type-post_type menu-item-object-page menu-item-1610\"><a href=\"https:\/\/www.conam.org.ar\/web\/novedades\/\" class=\"elementor-item\">Novedades<\/a><\/li>\n<\/ul>\t\t\t<\/nav>\n\t\t\t\t\t<div class=\"elementor-menu-toggle\" role=\"button\" tabindex=\"0\" aria-label=\"Menu Toggle\" aria-expanded=\"false\">\n\t\t\t<i aria-hidden=\"true\" role=\"presentation\" class=\"elementor-menu-toggle__icon--open eicon-menu-bar\"><\/i><i aria-hidden=\"true\" role=\"presentation\" class=\"elementor-menu-toggle__icon--close eicon-close\"><\/i>\t\t<\/div>\n\t\t\t\t\t<nav class=\"elementor-nav-menu--dropdown elementor-nav-menu__container\" aria-hidden=\"true\">\n\t\t\t\t<ul id=\"menu-2-3197658\" class=\"elementor-nav-menu\"><li class=\"menu-item menu-item-type-custom menu-item-object-custom menu-item-home menu-item-has-children menu-item-4097\"><a href=\"https:\/\/www.conam.org.ar\/web\/\" class=\"elementor-item\" tabindex=\"-1\">Institucional<\/a>\n<ul class=\"sub-menu elementor-nav-menu--dropdown\">\n\t<li class=\"menu-item menu-item-type-post_type menu-item-object-page menu-item-767\"><a href=\"https:\/\/www.conam.org.ar\/web\/mision\/\" class=\"elementor-sub-item\" tabindex=\"-1\">Misi\u00f3n y objetivos<\/a><\/li>\n\t<li class=\"menu-item menu-item-type-post_type menu-item-object-page menu-item-766\"><a href=\"https:\/\/www.conam.org.ar\/web\/vision\/\" class=\"elementor-sub-item\" tabindex=\"-1\">Visi\u00f3n<\/a><\/li>\n\t<li class=\"menu-item menu-item-type-post_type menu-item-object-page menu-item-765\"><a href=\"https:\/\/www.conam.org.ar\/web\/sobre-conam\/\" class=\"elementor-sub-item\" tabindex=\"-1\">Sobre CONAM<\/a><\/li>\n\t<li class=\"menu-item menu-item-type-post_type menu-item-object-page menu-item-3920\"><a href=\"https:\/\/www.conam.org.ar\/web\/estatutos\/\" class=\"elementor-sub-item\" tabindex=\"-1\">Estatuto<\/a><\/li>\n\t<li class=\"menu-item menu-item-type-post_type menu-item-object-page menu-item-768\"><a href=\"https:\/\/www.conam.org.ar\/web\/autoridades\/\" class=\"elementor-sub-item\" tabindex=\"-1\">Autoridades<\/a><\/li>\n<\/ul>\n<\/li>\n<li class=\"menu-item menu-item-type-post_type menu-item-object-page menu-item-4052\"><a href=\"https:\/\/www.conam.org.ar\/web\/federaciones\/\" class=\"elementor-item\" tabindex=\"-1\">Federaciones<\/a><\/li>\n<li class=\"menu-item menu-item-type-post_type menu-item-object-page menu-item-has-children menu-item-770\"><a href=\"https:\/\/www.conam.org.ar\/web\/economia-solidaria\/\" class=\"elementor-item\" tabindex=\"-1\">Econom\u00eda Solidaria<\/a>\n<ul class=\"sub-menu elementor-nav-menu--dropdown\">\n\t<li class=\"menu-item menu-item-type-post_type menu-item-object-page menu-item-771\"><a href=\"https:\/\/www.conam.org.ar\/web\/mutual-y-sus-principios\/\" class=\"elementor-sub-item\" tabindex=\"-1\">Mutual y sus principios<\/a><\/li>\n\t<li class=\"menu-item menu-item-type-post_type menu-item-object-page menu-item-772\"><a href=\"https:\/\/www.conam.org.ar\/web\/actividad-de-las-mutuales\/\" class=\"elementor-sub-item\" tabindex=\"-1\">Actividad de las mutuales<\/a><\/li>\n\t<li class=\"menu-item menu-item-type-post_type menu-item-object-page menu-item-773\"><a href=\"https:\/\/www.conam.org.ar\/web\/normativa\/\" class=\"elementor-sub-item\" tabindex=\"-1\">Normativa<\/a><\/li>\n<\/ul>\n<\/li>\n<li class=\"menu-item menu-item-type-post_type menu-item-object-page menu-item-775\"><a href=\"https:\/\/www.conam.org.ar\/web\/mutuales-en-red\/\" class=\"elementor-item\" tabindex=\"-1\">Servicios en red<\/a><\/li>\n<li class=\"menu-item menu-item-type-post_type menu-item-object-page menu-item-1610\"><a href=\"https:\/\/www.conam.org.ar\/web\/novedades\/\" class=\"elementor-item\" tabindex=\"-1\">Novedades<\/a><\/li>\n<\/ul>\t\t\t<\/nav>\n\t\t\t\t\t\t<\/div>\n\t\t\t\t<\/div>\n\t\t\t\t\t<\/div>\n\t\t<\/div>\n\t\t\t\t\t<\/div>\n\t\t<\/section>\n\t\t\t\t<section class=\"elementor-section elementor-top-section elementor-element elementor-element-a540f51 elementor-section-full_width elementor-hidden-tablet elementor-hidden-phone elementor-section-height-default elementor-section-height-default\" data-id=\"a540f51\" data-element_type=\"section\" data-e-type=\"section\">\n\t\t\t\t\t\t<div class=\"elementor-container elementor-column-gap-default\">\n\t\t\t\t\t<div class=\"elementor-column elementor-col-100 elementor-top-column elementor-element elementor-element-e87a7ee\" data-id=\"e87a7ee\" data-element_type=\"column\" data-e-type=\"column\">\n\t\t\t<div class=\"elementor-widget-wrap elementor-element-populated\">\n\t\t\t\t\t\t<div class=\"elementor-element elementor-element-f563717 elementor-widget elementor-widget-spacer\" data-id=\"f563717\" data-element_type=\"widget\" data-e-type=\"widget\" data-widget_type=\"spacer.default\">\n\t\t\t\t<div class=\"elementor-widget-container\">\n\t\t\t\t\t\t\t<div class=\"elementor-spacer\">\n\t\t\t<div class=\"elementor-spacer-inner\"><\/div>\n\t\t<\/div>\n\t\t\t\t\t\t<\/div>\n\t\t\t\t<\/div>\n\t\t\t\t\t<\/div>\n\t\t<\/div>\n\t\t\t\t\t<\/div>\n\t\t<\/section>\n\t\t\t\t<\/header>\n\t\t<\/div>\n\t\t\t\t\t\t<\/div>\n\t\t\t\t<\/div>\n\t\t\t\t\t<\/div>\n\t\t<\/div>\n\t\t\t\t\t<\/div>\n\t\t<\/section>\n\t\t\t\t<section class=\"elementor-section elementor-top-section elementor-element elementor-element-1298c2e2 elementor-section-boxed elementor-section-height-default elementor-section-height-default\" data-id=\"1298c2e2\" data-element_type=\"section\" data-e-type=\"section\">\n\t\t\t\t\t\t<div class=\"elementor-container elementor-column-gap-default\">\n\t\t\t\t\t<div class=\"elementor-column elementor-col-100 elementor-top-column elementor-element elementor-element-67675dbc\" data-id=\"67675dbc\" data-element_type=\"column\" data-e-type=\"column\">\n\t\t\t<div class=\"elementor-widget-wrap elementor-element-populated\">\n\t\t\t\t\t\t<div class=\"elementor-element elementor-element-507012dd elementor-widget elementor-widget-heading\" data-id=\"507012dd\" data-element_type=\"widget\" data-e-type=\"widget\" data-widget_type=\"heading.default\">\n\t\t\t\t<div class=\"elementor-widget-container\">\n\t\t\t\t\t<h1 class=\"elementor-heading-title elementor-size-default\">NUEVA RESOLUCI\u00d3N 1687\/2026: EL INAES ESTABLECE UNA PR\u00d3RROGA DE 30 D\u00cdAS PARA AQUELLAS MUTUALES QUE DEBEN PRESENTAR LA DOCUMENTACI\u00d3N OBLIGATORIA RESPECTO AL REGLAMENTO DE GESTI\u00d3N DE PR\u00c9STAMOS<\/h1>\t\t\t\t<\/div>\n\t\t\t\t<\/div>\n\t\t\t\t\t<\/div>\n\t\t<\/div>\n\t\t\t\t\t<\/div>\n\t\t<\/section>\n\t\t\t\t<section class=\"elementor-section elementor-top-section elementor-element elementor-element-5e7af55f elementor-section-boxed elementor-section-height-default elementor-section-height-default\" data-id=\"5e7af55f\" data-element_type=\"section\" data-e-type=\"section\">\n\t\t\t\t\t\t<div class=\"elementor-container elementor-column-gap-default\">\n\t\t\t\t\t<div class=\"elementor-column elementor-col-100 elementor-top-column elementor-element elementor-element-ac90f66\" data-id=\"ac90f66\" data-element_type=\"column\" data-e-type=\"column\">\n\t\t\t<div class=\"elementor-widget-wrap elementor-element-populated\">\n\t\t\t\t\t\t<div class=\"elementor-element elementor-element-3fd2a705 elementor-widget elementor-widget-image\" data-id=\"3fd2a705\" data-element_type=\"widget\" data-e-type=\"widget\" data-widget_type=\"image.default\">\n\t\t\t\t<div class=\"elementor-widget-container\">\n\t\t\t\t\t\t\t\t\t\t\t\t\t\t\t<img fetchpriority=\"high\" decoding=\"async\" width=\"1024\" height=\"1455\" src=\"https:\/\/www.conam.org.ar\/web\/wp-content\/uploads\/2026\/09\/NUEVA-RESOLUCION-1687-DEL-INAES.png\" class=\"attachment-1536x1536 size-1536x1536 wp-image-18202\" alt=\"\" srcset=\"https:\/\/www.conam.org.ar\/web\/wp-content\/uploads\/2026\/09\/NUEVA-RESOLUCION-1687-DEL-INAES.png 1024w, https:\/\/www.conam.org.ar\/web\/wp-content\/uploads\/2026\/09\/NUEVA-RESOLUCION-1687-DEL-INAES-211x300.png 211w, https:\/\/www.conam.org.ar\/web\/wp-content\/uploads\/2026\/09\/NUEVA-RESOLUCION-1687-DEL-INAES-721x1024.png 721w, https:\/\/www.conam.org.ar\/web\/wp-content\/uploads\/2026\/09\/NUEVA-RESOLUCION-1687-DEL-INAES-768x1091.png 768w\" sizes=\"(max-width: 1024px) 100vw, 1024px\" \/>\t\t\t\t\t\t\t\t\t\t\t\t\t\t\t<\/div>\n\t\t\t\t<\/div>\n\t\t\t\t\t<\/div>\n\t\t<\/div>\n\t\t\t\t\t<\/div>\n\t\t<\/section>\n\t\t\t\t<section class=\"elementor-section elementor-top-section elementor-element elementor-element-a2bda30 elementor-section-boxed elementor-section-height-default elementor-section-height-default\" data-id=\"a2bda30\" data-element_type=\"section\" data-e-type=\"section\">\n\t\t\t\t\t\t<div class=\"elementor-container elementor-column-gap-default\">\n\t\t\t\t\t<div class=\"elementor-column elementor-col-50 elementor-top-column elementor-element elementor-element-6cb244a7\" data-id=\"6cb244a7\" data-element_type=\"column\" data-e-type=\"column\">\n\t\t\t<div class=\"elementor-widget-wrap elementor-element-populated\">\n\t\t\t\t\t\t<div class=\"elementor-element elementor-element-41ee4c39 elementor-widget-divider--view-line elementor-widget elementor-widget-divider\" data-id=\"41ee4c39\" data-element_type=\"widget\" data-e-type=\"widget\" data-widget_type=\"divider.default\">\n\t\t\t\t<div class=\"elementor-widget-container\">\n\t\t\t\t\t\t\t<div class=\"elementor-divider\">\n\t\t\t<span class=\"elementor-divider-separator\">\n\t\t\t\t\t\t<\/span>\n\t\t<\/div>\n\t\t\t\t\t\t<\/div>\n\t\t\t\t<\/div>\n\t\t\t\t<div class=\"elementor-element elementor-element-1e2d16de elementor-shape-circle elementor-grid-mobile-0 elementor-grid-0 e-grid-align-center elementor-widget elementor-widget-social-icons\" data-id=\"1e2d16de\" data-element_type=\"widget\" data-e-type=\"widget\" data-widget_type=\"social-icons.default\">\n\t\t\t\t<div class=\"elementor-widget-container\">\n\t\t\t\t\t\t\t<div class=\"elementor-social-icons-wrapper elementor-grid\" role=\"list\">\n\t\t\t\t\t\t\t<span class=\"elementor-grid-item\" role=\"listitem\">\n\t\t\t\t\t<a class=\"elementor-icon elementor-social-icon elementor-social-icon-facebook-f elementor-repeater-item-7e76215\" href=\"https:\/\/www.facebook.com\/ConamMutualismo\" target=\"_blank\">\n\t\t\t\t\t\t<span class=\"elementor-screen-only\">Facebook-f<\/span>\n\t\t\t\t\t\t<i aria-hidden=\"true\" class=\"fab fa-facebook-f\"><\/i>\t\t\t\t\t<\/a>\n\t\t\t\t<\/span>\n\t\t\t\t\t\t\t<span class=\"elementor-grid-item\" role=\"listitem\">\n\t\t\t\t\t<a class=\"elementor-icon elementor-social-icon elementor-social-icon-twitter elementor-repeater-item-f4248f0\" href=\"https:\/\/twitter.com\/conammutual?lang=es\" target=\"_blank\">\n\t\t\t\t\t\t<span class=\"elementor-screen-only\">Twitter<\/span>\n\t\t\t\t\t\t<i aria-hidden=\"true\" class=\"fab fa-twitter\"><\/i>\t\t\t\t\t<\/a>\n\t\t\t\t<\/span>\n\t\t\t\t\t\t\t<span class=\"elementor-grid-item\" role=\"listitem\">\n\t\t\t\t\t<a class=\"elementor-icon elementor-social-icon elementor-social-icon-instagram elementor-repeater-item-8b02ba4\" href=\"https:\/\/www.instagram.com\/conammutualismo\/\" target=\"_blank\">\n\t\t\t\t\t\t<span class=\"elementor-screen-only\">Instagram<\/span>\n\t\t\t\t\t\t<i aria-hidden=\"true\" class=\"fab fa-instagram\"><\/i>\t\t\t\t\t<\/a>\n\t\t\t\t<\/span>\n\t\t\t\t\t\t\t<span class=\"elementor-grid-item\" role=\"listitem\">\n\t\t\t\t\t<a class=\"elementor-icon elementor-social-icon elementor-social-icon-envelope elementor-repeater-item-742fba0\" target=\"_blank\">\n\t\t\t\t\t\t<span class=\"elementor-screen-only\">Envelope<\/span>\n\t\t\t\t\t\t<i aria-hidden=\"true\" class=\"far fa-envelope\"><\/i>\t\t\t\t\t<\/a>\n\t\t\t\t<\/span>\n\t\t\t\t\t\t\t<span class=\"elementor-grid-item\" role=\"listitem\">\n\t\t\t\t\t<a class=\"elementor-icon elementor-social-icon elementor-social-icon-youtube elementor-repeater-item-ace45c9\" href=\"https:\/\/www.youtube.com\/channel\/UC7KxMlgG6jBLkTb5_MT1Mag\" target=\"_blank\">\n\t\t\t\t\t\t<span class=\"elementor-screen-only\">Youtube<\/span>\n\t\t\t\t\t\t<i aria-hidden=\"true\" class=\"fab fa-youtube\"><\/i>\t\t\t\t\t<\/a>\n\t\t\t\t<\/span>\n\t\t\t\t\t<\/div>\n\t\t\t\t\t\t<\/div>\n\t\t\t\t<\/div>\n\t\t\t\t<div class=\"elementor-element elementor-element-462d949 elementor-widget-divider--view-line elementor-widget elementor-widget-divider\" data-id=\"462d949\" data-element_type=\"widget\" data-e-type=\"widget\" data-widget_type=\"divider.default\">\n\t\t\t\t<div class=\"elementor-widget-container\">\n\t\t\t\t\t\t\t<div class=\"elementor-divider\">\n\t\t\t<span class=\"elementor-divider-separator\">\n\t\t\t\t\t\t<\/span>\n\t\t<\/div>\n\t\t\t\t\t\t<\/div>\n\t\t\t\t<\/div>\n\t\t\t\t<div class=\"elementor-element elementor-element-1553b0ab elementor-widget elementor-widget-text-editor\" data-id=\"1553b0ab\" data-element_type=\"widget\" data-e-type=\"widget\" data-widget_type=\"text-editor.default\">\n\t\t\t\t<div class=\"elementor-widget-container\">\n\t\t\t\t\t\t\t\t\t<p>El Instituto Nacional de Asociativismo y Econom\u00eda Social <strong>(INAES) dict\u00f3 una nueva Resoluci\u00f3n (la N\u00ba 1687\/2026), <a href=\"https:\/\/www.boletinoficial.gob.ar\/detalleAviso\/primera\/346757\/20260901?busqueda=1\">publicada en el Bolet\u00edn Oficial de la Rep\u00fablica Argentina el 31 de agosto del 2026<\/a>, respecto al reglamento de Gesti\u00f3n de Pr\u00e9stamos.<\/strong><\/p>\t\t\t\t\t\t\t\t<\/div>\n\t\t\t\t<\/div>\n\t\t\t\t<div class=\"elementor-element elementor-element-42507b33 elementor-widget elementor-widget-text-editor\" data-id=\"42507b33\" data-element_type=\"widget\" data-e-type=\"widget\" data-widget_type=\"text-editor.default\">\n\t\t\t\t<div class=\"elementor-widget-container\">\n\t\t\t\t\t\t\t\t\t<p>Al respecto, l<strong>a normativa establece una pr\u00f3rroga de 30 d\u00edas corridos (finaliza el 30 de septiembre del 2026) para que aquellas mutuales que brindan el servicio de Gesti\u00f3n de Pr\u00e9stamos y a\u00fan no presentaron la informaci\u00f3n obligatoria pertinente, pueden normalizar su situaci\u00f3n.<\/strong> En caso de incumplimiento se corre el riesgo del retiro de la autorizaci\u00f3n para prestar el mencionado servicio.<\/p>\t\t\t\t\t\t\t\t<\/div>\n\t\t\t\t<\/div>\n\t\t\t\t<div class=\"elementor-element elementor-element-e901e3d elementor-widget elementor-widget-text-editor\" data-id=\"e901e3d\" data-element_type=\"widget\" data-e-type=\"widget\" data-widget_type=\"text-editor.default\">\n\t\t\t\t<div class=\"elementor-widget-container\">\n\t\t\t\t\t\t\t\t\t<p>A tales efectos, <strong>desde CONAM nos ponemos a disposici\u00f3n de cualquier entidad que tenga alguna consulta para brindarles asesoramiento, nos pueden escribir al mail:<\/strong> <a href=\"mailto:info@conam.org.ar\"><strong>info@conam.org.ar<\/strong><\/a><\/p>\t\t\t\t\t\t\t\t<\/div>\n\t\t\t\t<\/div>\n\t\t\t\t<div class=\"elementor-element elementor-element-1d880a68 elementor-widget elementor-widget-text-editor\" data-id=\"1d880a68\" data-element_type=\"widget\" data-e-type=\"widget\" data-widget_type=\"text-editor.default\">\n\t\t\t\t<div class=\"elementor-widget-container\">\n\t\t\t\t\t\t\t\t\t<p>Les compartimos debajo la resoluci\u00f3n completa y el anexo donde figuran aquellas entidades observadas por el INAES que deben enviar la documentaci\u00f3n mencionada antes del 30 de septiembre del 2026.<\/p>\t\t\t\t\t\t\t\t<\/div>\n\t\t\t\t<\/div>\n\t\t\t\t<div class=\"elementor-element elementor-element-5d325eb0 elementor-widget elementor-widget-text-editor\" data-id=\"5d325eb0\" data-element_type=\"widget\" data-e-type=\"widget\" data-widget_type=\"text-editor.default\">\n\t\t\t\t<div class=\"elementor-widget-container\">\n\t\t\t\t\t\t\t\t\t<h3 class=\"has-medium-font-size\"><strong>RESOLUCI\u00d3N N\u00ba 1687\/2026<\/strong>:<\/h3>\t\t\t\t\t\t\t\t<\/div>\n\t\t\t\t<\/div>\n\t\t\t\t<div class=\"elementor-element elementor-element-8dd14e8 elementor-widget elementor-widget-html\" data-id=\"8dd14e8\" data-element_type=\"widget\" data-e-type=\"widget\" data-widget_type=\"html.default\">\n\t\t\t\t<div class=\"elementor-widget-container\">\n\t\t\t\t\t<iframe src=\"https:\/\/go.fliplink.me\/view\/6E6263FD-C569-477F-804A-491F8E2AC89F\" width=\"100%\" height=\"600\" frameborder=\"0\" allowfullscreen><\/iframe>\r\n\t\t\t\t<\/div>\n\t\t\t\t<\/div>\n\t\t\t\t<div class=\"elementor-element elementor-element-e76013f elementor-widget elementor-widget-text-editor\" data-id=\"e76013f\" data-element_type=\"widget\" data-e-type=\"widget\" data-widget_type=\"text-editor.default\">\n\t\t\t\t<div class=\"elementor-widget-container\">\n\t\t\t\t\t\t\t\t\t<h3 class=\"has-medium-font-size\"><strong>ANEXO RESOLUCI\u00d3N N\u00ba 1687\/2026<\/strong>:<\/h3>\t\t\t\t\t\t\t\t<\/div>\n\t\t\t\t<\/div>\n\t\t\t\t<div class=\"elementor-element elementor-element-1109a6b elementor-widget elementor-widget-html\" data-id=\"1109a6b\" data-element_type=\"widget\" data-e-type=\"widget\" data-widget_type=\"html.default\">\n\t\t\t\t<div class=\"elementor-widget-container\">\n\t\t\t\t\t<iframe src=\"https:\/\/go.fliplink.me\/view\/605796D0-E0C1-42C6-AC76-85AF22C4E0EB\" width=\"100%\" height=\"600\" frameborder=\"0\" allowfullscreen><\/iframe>\r\n\t\t\t\t<\/div>\n\t\t\t\t<\/div>\n\t\t\t\t<div class=\"elementor-element elementor-element-5314ee60 elementor-widget elementor-widget-image\" data-id=\"5314ee60\" data-element_type=\"widget\" data-e-type=\"widget\" data-widget_type=\"image.default\">\n\t\t\t\t<div class=\"elementor-widget-container\">\n\t\t\t\t\t\t\t\t\t\t\t\t\t\t\t<img decoding=\"async\" width=\"410\" height=\"200\" src=\"https:\/\/www.conam.org.ar\/web\/wp-content\/uploads\/2025\/10\/EL-INAES-EXTENDIO-EL-PLAZO-LIMITE-PARA-PRESENTAR-LA-DOCUMENTACION-RELACIONADA-AL-SISTEMA-INTEGRADO-DE-NOMINA-DE-ASOCIADOS-Y-AUTORIDADES-DE-COOPERATIVAS-Y-MUTUALES.png\" class=\"attachment-large size-large wp-image-17125\" alt=\"\" srcset=\"https:\/\/www.conam.org.ar\/web\/wp-content\/uploads\/2025\/10\/EL-INAES-EXTENDIO-EL-PLAZO-LIMITE-PARA-PRESENTAR-LA-DOCUMENTACION-RELACIONADA-AL-SISTEMA-INTEGRADO-DE-NOMINA-DE-ASOCIADOS-Y-AUTORIDADES-DE-COOPERATIVAS-Y-MUTUALES.png 410w, https:\/\/www.conam.org.ar\/web\/wp-content\/uploads\/2025\/10\/EL-INAES-EXTENDIO-EL-PLAZO-LIMITE-PARA-PRESENTAR-LA-DOCUMENTACION-RELACIONADA-AL-SISTEMA-INTEGRADO-DE-NOMINA-DE-ASOCIADOS-Y-AUTORIDADES-DE-COOPERATIVAS-Y-MUTUALES-300x146.png 300w\" sizes=\"(max-width: 410px) 100vw, 410px\" \/>\t\t\t\t\t\t\t\t\t\t\t\t\t\t\t<\/div>\n\t\t\t\t<\/div>\n\t\t\t\t\t<\/div>\n\t\t<\/div>\n\t\t\t\t<div class=\"elementor-column elementor-col-50 elementor-top-column elementor-element elementor-element-6266283b elementor-hidden-phone\" data-id=\"6266283b\" data-element_type=\"column\" data-e-type=\"column\">\n\t\t\t<div class=\"elementor-widget-wrap elementor-element-populated\">\n\t\t\t\t\t\t<div class=\"elementor-element elementor-element-4f65b08b elementor-widget elementor-widget-shortcode\" data-id=\"4f65b08b\" data-element_type=\"widget\" data-e-type=\"widget\" data-widget_type=\"shortcode.default\">\n\t\t\t\t<div class=\"elementor-widget-container\">\n\t\t\t\t\t\t\t<div class=\"elementor-shortcode\">\t\t<div data-elementor-type=\"single-page\" data-elementor-id=\"16562\" class=\"elementor elementor-16562\" data-elementor-post-type=\"elementor_library\">\n\t\t\t\t\t<section class=\"elementor-section elementor-top-section elementor-element elementor-element-f02303f elementor-section-boxed elementor-section-height-default elementor-section-height-default\" data-id=\"f02303f\" data-element_type=\"section\" data-e-type=\"section\">\n\t\t\t\t\t\t<div class=\"elementor-container elementor-column-gap-default\">\n\t\t\t\t\t<div class=\"elementor-column elementor-col-100 elementor-top-column elementor-element elementor-element-7423582 elementor-hidden-phone\" data-id=\"7423582\" data-element_type=\"column\" data-e-type=\"column\">\n\t\t\t<div class=\"elementor-widget-wrap elementor-element-populated\">\n\t\t\t\t\t\t<div class=\"elementor-element elementor-element-4ba6ff5 elementor-widget elementor-widget-spacer\" data-id=\"4ba6ff5\" data-element_type=\"widget\" data-e-type=\"widget\" data-widget_type=\"spacer.default\">\n\t\t\t\t<div class=\"elementor-widget-container\">\n\t\t\t\t\t\t\t<div class=\"elementor-spacer\">\n\t\t\t<div class=\"elementor-spacer-inner\"><\/div>\n\t\t<\/div>\n\t\t\t\t\t\t<\/div>\n\t\t\t\t<\/div>\n\t\t\t\t<div class=\"elementor-element elementor-element-3776301 elementor-widget elementor-widget-heading\" data-id=\"3776301\" data-element_type=\"widget\" data-e-type=\"widget\" data-widget_type=\"heading.default\">\n\t\t\t\t<div class=\"elementor-widget-container\">\n\t\t\t\t\t<h1 class=\"elementor-heading-title elementor-size-default\">\u00a1SEGUINOS EN REDES!<\/h1>\t\t\t\t<\/div>\n\t\t\t\t<\/div>\n\t\t\t\t<div class=\"elementor-element elementor-element-5361de5 elementor-widget elementor-widget-spacer\" data-id=\"5361de5\" data-element_type=\"widget\" data-e-type=\"widget\" data-widget_type=\"spacer.default\">\n\t\t\t\t<div class=\"elementor-widget-container\">\n\t\t\t\t\t\t\t<div class=\"elementor-spacer\">\n\t\t\t<div class=\"elementor-spacer-inner\"><\/div>\n\t\t<\/div>\n\t\t\t\t\t\t<\/div>\n\t\t\t\t<\/div>\n\t\t\t\t<div class=\"elementor-element elementor-element-79e5d43 elementor-widget elementor-widget-image\" data-id=\"79e5d43\" data-element_type=\"widget\" data-e-type=\"widget\" data-widget_type=\"image.default\">\n\t\t\t\t<div class=\"elementor-widget-container\">\n\t\t\t\t\t\t\t\t\t\t\t\t\t\t\t\t<a href=\"https:\/\/www.instagram.com\/conammutualismo\/\">\n\t\t\t\t\t\t\t<img loading=\"lazy\" decoding=\"async\" width=\"768\" height=\"768\" src=\"https:\/\/www.conam.org.ar\/web\/wp-content\/uploads\/2025\/05\/TEMPLATE-DE-INSTAGRAM-PARA-LA-WEB-DE-CONAM-768x768.png\" class=\"attachment-medium_large size-medium_large wp-image-16549\" alt=\"\" srcset=\"https:\/\/www.conam.org.ar\/web\/wp-content\/uploads\/2025\/05\/TEMPLATE-DE-INSTAGRAM-PARA-LA-WEB-DE-CONAM-768x768.png 768w, https:\/\/www.conam.org.ar\/web\/wp-content\/uploads\/2025\/05\/TEMPLATE-DE-INSTAGRAM-PARA-LA-WEB-DE-CONAM-300x300.png 300w, https:\/\/www.conam.org.ar\/web\/wp-content\/uploads\/2025\/05\/TEMPLATE-DE-INSTAGRAM-PARA-LA-WEB-DE-CONAM-1024x1024.png 1024w, https:\/\/www.conam.org.ar\/web\/wp-content\/uploads\/2025\/05\/TEMPLATE-DE-INSTAGRAM-PARA-LA-WEB-DE-CONAM-150x150.png 150w, https:\/\/www.conam.org.ar\/web\/wp-content\/uploads\/2025\/05\/TEMPLATE-DE-INSTAGRAM-PARA-LA-WEB-DE-CONAM-120x120.png 120w, https:\/\/www.conam.org.ar\/web\/wp-content\/uploads\/2025\/05\/TEMPLATE-DE-INSTAGRAM-PARA-LA-WEB-DE-CONAM-105x105.png 105w, https:\/\/www.conam.org.ar\/web\/wp-content\/uploads\/2025\/05\/TEMPLATE-DE-INSTAGRAM-PARA-LA-WEB-DE-CONAM-570x570.png 570w, https:\/\/www.conam.org.ar\/web\/wp-content\/uploads\/2025\/05\/TEMPLATE-DE-INSTAGRAM-PARA-LA-WEB-DE-CONAM-380x380.png 380w, https:\/\/www.conam.org.ar\/web\/wp-content\/uploads\/2025\/05\/TEMPLATE-DE-INSTAGRAM-PARA-LA-WEB-DE-CONAM-285x285.png 285w, https:\/\/www.conam.org.ar\/web\/wp-content\/uploads\/2025\/05\/TEMPLATE-DE-INSTAGRAM-PARA-LA-WEB-DE-CONAM.png 1080w\" sizes=\"(max-width: 768px) 100vw, 768px\" \/>\t\t\t\t\t\t\t\t<\/a>\n\t\t\t\t\t\t\t\t\t\t\t\t\t\t\t<\/div>\n\t\t\t\t<\/div>\n\t\t\t\t<div class=\"elementor-element elementor-element-63ae0c9 elementor-widget elementor-widget-spacer\" data-id=\"63ae0c9\" data-element_type=\"widget\" data-e-type=\"widget\" data-widget_type=\"spacer.default\">\n\t\t\t\t<div class=\"elementor-widget-container\">\n\t\t\t\t\t\t\t<div class=\"elementor-spacer\">\n\t\t\t<div class=\"elementor-spacer-inner\"><\/div>\n\t\t<\/div>\n\t\t\t\t\t\t<\/div>\n\t\t\t\t<\/div>\n\t\t\t\t<div class=\"elementor-element elementor-element-6f602ae elementor-widget elementor-widget-image\" data-id=\"6f602ae\" data-element_type=\"widget\" data-e-type=\"widget\" data-widget_type=\"image.default\">\n\t\t\t\t<div class=\"elementor-widget-container\">\n\t\t\t\t\t\t\t\t\t\t\t\t\t\t\t\t<a href=\"https:\/\/x.com\/ConamMutual\">\n\t\t\t\t\t\t\t<img loading=\"lazy\" decoding=\"async\" width=\"768\" height=\"768\" src=\"https:\/\/www.conam.org.ar\/web\/wp-content\/uploads\/2025\/05\/TEMPLATE-DE-X-PARA-LA-WEB-DE-CONAM-768x768.png\" class=\"attachment-medium_large size-medium_large wp-image-16548\" alt=\"\" srcset=\"https:\/\/www.conam.org.ar\/web\/wp-content\/uploads\/2025\/05\/TEMPLATE-DE-X-PARA-LA-WEB-DE-CONAM-768x768.png 768w, https:\/\/www.conam.org.ar\/web\/wp-content\/uploads\/2025\/05\/TEMPLATE-DE-X-PARA-LA-WEB-DE-CONAM-300x300.png 300w, https:\/\/www.conam.org.ar\/web\/wp-content\/uploads\/2025\/05\/TEMPLATE-DE-X-PARA-LA-WEB-DE-CONAM-1024x1024.png 1024w, https:\/\/www.conam.org.ar\/web\/wp-content\/uploads\/2025\/05\/TEMPLATE-DE-X-PARA-LA-WEB-DE-CONAM-150x150.png 150w, https:\/\/www.conam.org.ar\/web\/wp-content\/uploads\/2025\/05\/TEMPLATE-DE-X-PARA-LA-WEB-DE-CONAM-120x120.png 120w, https:\/\/www.conam.org.ar\/web\/wp-content\/uploads\/2025\/05\/TEMPLATE-DE-X-PARA-LA-WEB-DE-CONAM-105x105.png 105w, https:\/\/www.conam.org.ar\/web\/wp-content\/uploads\/2025\/05\/TEMPLATE-DE-X-PARA-LA-WEB-DE-CONAM-570x570.png 570w, https:\/\/www.conam.org.ar\/web\/wp-content\/uploads\/2025\/05\/TEMPLATE-DE-X-PARA-LA-WEB-DE-CONAM-380x380.png 380w, https:\/\/www.conam.org.ar\/web\/wp-content\/uploads\/2025\/05\/TEMPLATE-DE-X-PARA-LA-WEB-DE-CONAM-285x285.png 285w, https:\/\/www.conam.org.ar\/web\/wp-content\/uploads\/2025\/05\/TEMPLATE-DE-X-PARA-LA-WEB-DE-CONAM.png 1080w\" sizes=\"(max-width: 768px) 100vw, 768px\" \/>\t\t\t\t\t\t\t\t<\/a>\n\t\t\t\t\t\t\t\t\t\t\t\t\t\t\t<\/div>\n\t\t\t\t<\/div>\n\t\t\t\t<div class=\"elementor-element elementor-element-535588b elementor-widget elementor-widget-spacer\" data-id=\"535588b\" data-element_type=\"widget\" data-e-type=\"widget\" data-widget_type=\"spacer.default\">\n\t\t\t\t<div class=\"elementor-widget-container\">\n\t\t\t\t\t\t\t<div class=\"elementor-spacer\">\n\t\t\t<div class=\"elementor-spacer-inner\"><\/div>\n\t\t<\/div>\n\t\t\t\t\t\t<\/div>\n\t\t\t\t<\/div>\n\t\t\t\t<div class=\"elementor-element elementor-element-15820c5 elementor-widget elementor-widget-heading\" data-id=\"15820c5\" data-element_type=\"widget\" data-e-type=\"widget\" data-widget_type=\"heading.default\">\n\t\t\t\t<div class=\"elementor-widget-container\">\n\t\t\t\t\t<h1 class=\"elementor-heading-title elementor-size-default\">CONAM MEDIA<\/h1>\t\t\t\t<\/div>\n\t\t\t\t<\/div>\n\t\t\t\t<div class=\"elementor-element elementor-element-46069e0 elementor-widget elementor-widget-image\" data-id=\"46069e0\" data-element_type=\"widget\" data-e-type=\"widget\" data-widget_type=\"image.default\">\n\t\t\t\t<div class=\"elementor-widget-container\">\n\t\t\t\t\t\t\t\t\t\t\t\t\t\t\t\t<a href=\"https:\/\/www.youtube.com\/channel\/UC7KxMlgG6jBLkTb5_MT1Mag\">\n\t\t\t\t\t\t\t<img loading=\"lazy\" decoding=\"async\" width=\"768\" height=\"768\" src=\"https:\/\/www.conam.org.ar\/web\/wp-content\/uploads\/2021\/03\/20_20210412_204328_0019-1-768x768.png\" class=\"attachment-medium_large size-medium_large wp-image-4632\" alt=\"\" srcset=\"https:\/\/www.conam.org.ar\/web\/wp-content\/uploads\/2021\/03\/20_20210412_204328_0019-1-768x768.png 768w, https:\/\/www.conam.org.ar\/web\/wp-content\/uploads\/2021\/03\/20_20210412_204328_0019-1-300x300.png 300w, https:\/\/www.conam.org.ar\/web\/wp-content\/uploads\/2021\/03\/20_20210412_204328_0019-1-1024x1024.png 1024w, https:\/\/www.conam.org.ar\/web\/wp-content\/uploads\/2021\/03\/20_20210412_204328_0019-1-150x150.png 150w, https:\/\/www.conam.org.ar\/web\/wp-content\/uploads\/2021\/03\/20_20210412_204328_0019-1-120x120.png 120w, https:\/\/www.conam.org.ar\/web\/wp-content\/uploads\/2021\/03\/20_20210412_204328_0019-1-105x105.png 105w, https:\/\/www.conam.org.ar\/web\/wp-content\/uploads\/2021\/03\/20_20210412_204328_0019-1-570x570.png 570w, https:\/\/www.conam.org.ar\/web\/wp-content\/uploads\/2021\/03\/20_20210412_204328_0019-1-380x380.png 380w, https:\/\/www.conam.org.ar\/web\/wp-content\/uploads\/2021\/03\/20_20210412_204328_0019-1-285x285.png 285w, https:\/\/www.conam.org.ar\/web\/wp-content\/uploads\/2021\/03\/20_20210412_204328_0019-1.png 1080w\" sizes=\"(max-width: 768px) 100vw, 768px\" \/>\t\t\t\t\t\t\t\t<\/a>\n\t\t\t\t\t\t\t\t\t\t\t\t\t\t\t<\/div>\n\t\t\t\t<\/div>\n\t\t\t\t\t<\/div>\n\t\t<\/div>\n\t\t\t\t\t<\/div>\n\t\t<\/section>\n\t\t\t\t<\/div>\n\t\t<\/div>\n\t\t\t\t\t\t<\/div>\n\t\t\t\t<\/div>\n\t\t\t\t\t<\/div>\n\t\t<\/div>\n\t\t\t\t\t<\/div>\n\t\t<\/section>\n\t\t\t\t<section class=\"elementor-section elementor-top-section elementor-element elementor-element-2ac755a1 elementor-section-full_width elementor-section-height-default elementor-section-height-default\" data-id=\"2ac755a1\" data-element_type=\"section\" data-e-type=\"section\">\n\t\t\t\t\t\t<div class=\"elementor-container elementor-column-gap-default\">\n\t\t\t\t\t<div class=\"elementor-column elementor-col-100 elementor-top-column elementor-element elementor-element-2ceb34d2\" data-id=\"2ceb34d2\" data-element_type=\"column\" data-e-type=\"column\">\n\t\t\t<div class=\"elementor-widget-wrap elementor-element-populated\">\n\t\t\t\t\t\t<div class=\"elementor-element elementor-element-2bcf096d elementor-widget elementor-widget-shortcode\" data-id=\"2bcf096d\" data-element_type=\"widget\" data-e-type=\"widget\" data-widget_type=\"shortcode.default\">\n\t\t\t\t<div class=\"elementor-widget-container\">\n\t\t\t\t\t\t\t<div class=\"elementor-shortcode\">\t\t<footer data-elementor-type=\"footer\" data-elementor-id=\"4235\" class=\"elementor elementor-4235\" data-elementor-post-type=\"elementor_library\">\n\t\t\t\t\t<section class=\"elementor-section elementor-top-section elementor-element elementor-element-f02ad73 elementor-section-boxed elementor-section-height-default elementor-section-height-default\" data-id=\"f02ad73\" data-element_type=\"section\" data-e-type=\"section\">\n\t\t\t\t\t\t<div class=\"elementor-container elementor-column-gap-default\">\n\t\t\t\t\t<div class=\"elementor-column elementor-col-100 elementor-top-column elementor-element elementor-element-eef0fef\" data-id=\"eef0fef\" data-element_type=\"column\" data-e-type=\"column\">\n\t\t\t<div class=\"elementor-widget-wrap elementor-element-populated\">\n\t\t\t\t\t\t<div class=\"elementor-element elementor-element-a83cf47 elementor-widget elementor-widget-heading\" data-id=\"a83cf47\" data-element_type=\"widget\" data-e-type=\"widget\" data-widget_type=\"heading.default\">\n\t\t\t\t<div class=\"elementor-widget-container\">\n\t\t\t\t\t<h1 class=\"elementor-heading-title elementor-size-default\">VER M\u00c1S<\/h1>\t\t\t\t<\/div>\n\t\t\t\t<\/div>\n\t\t\t\t<div class=\"elementor-element elementor-element-6738753 elementor-widget elementor-widget-shortcode\" data-id=\"6738753\" data-element_type=\"widget\" data-e-type=\"widget\" data-widget_type=\"shortcode.default\">\n\t\t\t\t<div class=\"elementor-widget-container\">\n\t\t\t\t\t\t\t<div class=\"elementor-shortcode\">        <div class=\"wcp-carousel-main-wrap rpc-crsl-5 default\">\r\n        <section class=\"wcp-slick  matchheightenable\"   data-dots = on data-pauseonhover = on data-slidesToShow = 4 data-slidesToShowmob = 1 data-slidesToScroll = 1 data-cssEase = ease data-arrows = on id=\"carousel-3981\">\r\n\r\n                            <div class=\"slick-slide carousel-item-18201\">\r\n                    <figure class=\"rpc-style-5 rpc-wrapper\">\r\n  <div class=\"image\">\r\n    <div class=\"fixed-height-image\"><img loading=\"lazy\" decoding=\"async\" width=\"1024\" height=\"1455\" src=\"https:\/\/www.conam.org.ar\/web\/wp-content\/uploads\/2026\/09\/NUEVA-RESOLUCION-1687-DEL-INAES.png\" class=\"attachment-2048x2048 size-2048x2048 wp-post-image\" alt=\"\" srcset=\"https:\/\/www.conam.org.ar\/web\/wp-content\/uploads\/2026\/09\/NUEVA-RESOLUCION-1687-DEL-INAES.png 1024w, https:\/\/www.conam.org.ar\/web\/wp-content\/uploads\/2026\/09\/NUEVA-RESOLUCION-1687-DEL-INAES-211x300.png 211w, https:\/\/www.conam.org.ar\/web\/wp-content\/uploads\/2026\/09\/NUEVA-RESOLUCION-1687-DEL-INAES-721x1024.png 721w, https:\/\/www.conam.org.ar\/web\/wp-content\/uploads\/2026\/09\/NUEVA-RESOLUCION-1687-DEL-INAES-768x1091.png 768w\" sizes=\"(max-width: 1024px) 100vw, 1024px\" \/><\/div>  <\/div>\r\n  <figcaption class=\"rpc_bg\">\r\n    <h5 class=\"rpc_title\">\r\n      NUEVA RESOLUCI\u00d3N 1687\/2026: EL INAES ESTABLECE UNA...    <\/h5>\r\n    <h3 class=\"rpc_desc\">\r\n          <\/h3>\r\n    <footer class=\"rpc_footer\">\r\n      <div class=\"date\">1 septiembre, 2026<\/div>\r\n      <div class=\"icons\">\r\n        <div class=\"views\">\r\n          <i class=\"fa fa-comments\"><\/i>\r\n        0        <\/div>\r\n      <\/div>\r\n    <\/footer>\r\n  <\/figcaption>\r\n  <a target=\"_self\" href=\"https:\/\/www.conam.org.ar\/web\/2026\/09\/01\/nueva-resolucion-1687-2026-el-inaes-establece-una-prorroga-de-30-dias-para-aquellas-mutuales-que-deben-presentar-la-documentacion-obligatoria-respecto-al-reglamento-de-gestion-de-prestamos\/\"><\/a>\r\n<\/figure>                <\/div>    \r\n\r\n                            <div class=\"slick-slide carousel-item-18185\">\r\n                    <figure class=\"rpc-style-5 rpc-wrapper\">\r\n  <div class=\"image\">\r\n    <div class=\"fixed-height-image\"><img loading=\"lazy\" decoding=\"async\" width=\"1528\" height=\"1029\" src=\"https:\/\/www.conam.org.ar\/web\/wp-content\/uploads\/2026\/08\/MUTUALISMO-Y-COLECTIVIDADES-CONAM-ACOMPANO-A-FEDESPA-EN-UNA-CELEBRACIO.png\" class=\"attachment-2048x2048 size-2048x2048 wp-post-image\" alt=\"\" srcset=\"https:\/\/www.conam.org.ar\/web\/wp-content\/uploads\/2026\/08\/MUTUALISMO-Y-COLECTIVIDADES-CONAM-ACOMPANO-A-FEDESPA-EN-UNA-CELEBRACIO.png 1528w, https:\/\/www.conam.org.ar\/web\/wp-content\/uploads\/2026\/08\/MUTUALISMO-Y-COLECTIVIDADES-CONAM-ACOMPANO-A-FEDESPA-EN-UNA-CELEBRACIO-300x202.png 300w, https:\/\/www.conam.org.ar\/web\/wp-content\/uploads\/2026\/08\/MUTUALISMO-Y-COLECTIVIDADES-CONAM-ACOMPANO-A-FEDESPA-EN-UNA-CELEBRACIO-1024x690.png 1024w, https:\/\/www.conam.org.ar\/web\/wp-content\/uploads\/2026\/08\/MUTUALISMO-Y-COLECTIVIDADES-CONAM-ACOMPANO-A-FEDESPA-EN-UNA-CELEBRACIO-768x517.png 768w\" sizes=\"(max-width: 1528px) 100vw, 1528px\" \/><\/div>  <\/div>\r\n  <figcaption class=\"rpc_bg\">\r\n    <h5 class=\"rpc_title\">\r\n      MUTUALISMO Y COLECTIVIDADES: CONAM ACOMPA\u00d1\u00d3 A FEDESPA...    <\/h5>\r\n    <h3 class=\"rpc_desc\">\r\n          <\/h3>\r\n    <footer class=\"rpc_footer\">\r\n      <div class=\"date\">31 agosto, 2026<\/div>\r\n      <div class=\"icons\">\r\n        <div class=\"views\">\r\n          <i class=\"fa fa-comments\"><\/i>\r\n        0        <\/div>\r\n      <\/div>\r\n    <\/footer>\r\n  <\/figcaption>\r\n  <a target=\"_self\" href=\"https:\/\/www.conam.org.ar\/web\/2026\/08\/31\/mutualismo-y-colectividades-conam-acompano-a-fedespa-en-una-celebracion-que-puso-en-escena-el-patrimonio-cultural-de-la-comunidad-espanola-en-argentina\/\"><\/a>\r\n<\/figure>                <\/div>    \r\n\r\n                            <div class=\"slick-slide carousel-item-18165\">\r\n                    <figure class=\"rpc-style-5 rpc-wrapper\">\r\n  <div class=\"image\">\r\n    <div class=\"fixed-height-image\"><img loading=\"lazy\" decoding=\"async\" width=\"960\" height=\"1280\" src=\"https:\/\/www.conam.org.ar\/web\/wp-content\/uploads\/2026\/08\/FEDEMBA-Y-LA-COOPERATIVA-INTERCONEXION-REALIZARON-LA-PRESENTACION-OFICIAL-DE-SU-CICLO-DE-CAPACITACIONES-VIRTUALES-PARA-LAS-MUTUALES-DE-BUENOS-AIRES-16.jpeg\" class=\"attachment-2048x2048 size-2048x2048 wp-post-image\" alt=\"\" srcset=\"https:\/\/www.conam.org.ar\/web\/wp-content\/uploads\/2026\/08\/FEDEMBA-Y-LA-COOPERATIVA-INTERCONEXION-REALIZARON-LA-PRESENTACION-OFICIAL-DE-SU-CICLO-DE-CAPACITACIONES-VIRTUALES-PARA-LAS-MUTUALES-DE-BUENOS-AIRES-16.jpeg 960w, https:\/\/www.conam.org.ar\/web\/wp-content\/uploads\/2026\/08\/FEDEMBA-Y-LA-COOPERATIVA-INTERCONEXION-REALIZARON-LA-PRESENTACION-OFICIAL-DE-SU-CICLO-DE-CAPACITACIONES-VIRTUALES-PARA-LAS-MUTUALES-DE-BUENOS-AIRES-16-225x300.jpeg 225w, https:\/\/www.conam.org.ar\/web\/wp-content\/uploads\/2026\/08\/FEDEMBA-Y-LA-COOPERATIVA-INTERCONEXION-REALIZARON-LA-PRESENTACION-OFICIAL-DE-SU-CICLO-DE-CAPACITACIONES-VIRTUALES-PARA-LAS-MUTUALES-DE-BUENOS-AIRES-16-768x1024.jpeg 768w\" sizes=\"(max-width: 960px) 100vw, 960px\" \/><\/div>  <\/div>\r\n  <figcaption class=\"rpc_bg\">\r\n    <h5 class=\"rpc_title\">\r\n      FEDEMBA PUSO EN MARCHA UNA NUEVA PROPUESTA...    <\/h5>\r\n    <h3 class=\"rpc_desc\">\r\n          <\/h3>\r\n    <footer class=\"rpc_footer\">\r\n      <div class=\"date\">28 agosto, 2026<\/div>\r\n      <div class=\"icons\">\r\n        <div class=\"views\">\r\n          <i class=\"fa fa-comments\"><\/i>\r\n        0        <\/div>\r\n      <\/div>\r\n    <\/footer>\r\n  <\/figcaption>\r\n  <a target=\"_self\" href=\"https:\/\/www.conam.org.ar\/web\/2026\/08\/28\/fedemba-puso-en-marcha-una-nueva-propuesta-para-potenciar-a-las-mutuales-de-buenos-aires\/\"><\/a>\r\n<\/figure>                <\/div>    \r\n\r\n                            <div class=\"slick-slide carousel-item-18156\">\r\n                    <figure class=\"rpc-style-5 rpc-wrapper\">\r\n  <div class=\"image\">\r\n    <div class=\"fixed-height-image\"><img loading=\"lazy\" decoding=\"async\" width=\"1024\" height=\"1280\" src=\"https:\/\/www.conam.org.ar\/web\/wp-content\/uploads\/2026\/08\/APRENDE-PASTELERIA-CON-LOS-NUEVOS-CURSOS-DE-LA-ASOCIACION-MUTUAL-12-DE-ENERO-DE-PASTELEROS-3.jpg\" class=\"attachment-2048x2048 size-2048x2048 wp-post-image\" alt=\"\" srcset=\"https:\/\/www.conam.org.ar\/web\/wp-content\/uploads\/2026\/08\/APRENDE-PASTELERIA-CON-LOS-NUEVOS-CURSOS-DE-LA-ASOCIACION-MUTUAL-12-DE-ENERO-DE-PASTELEROS-3.jpg 1024w, https:\/\/www.conam.org.ar\/web\/wp-content\/uploads\/2026\/08\/APRENDE-PASTELERIA-CON-LOS-NUEVOS-CURSOS-DE-LA-ASOCIACION-MUTUAL-12-DE-ENERO-DE-PASTELEROS-3-240x300.jpg 240w, https:\/\/www.conam.org.ar\/web\/wp-content\/uploads\/2026\/08\/APRENDE-PASTELERIA-CON-LOS-NUEVOS-CURSOS-DE-LA-ASOCIACION-MUTUAL-12-DE-ENERO-DE-PASTELEROS-3-819x1024.jpg 819w, https:\/\/www.conam.org.ar\/web\/wp-content\/uploads\/2026\/08\/APRENDE-PASTELERIA-CON-LOS-NUEVOS-CURSOS-DE-LA-ASOCIACION-MUTUAL-12-DE-ENERO-DE-PASTELEROS-3-768x960.jpg 768w\" sizes=\"(max-width: 1024px) 100vw, 1024px\" \/><\/div>  <\/div>\r\n  <figcaption class=\"rpc_bg\">\r\n    <h5 class=\"rpc_title\">\r\n      APREND\u00c9 PASTELER\u00cdA CON LOS NUEVOS CURSOS DE...    <\/h5>\r\n    <h3 class=\"rpc_desc\">\r\n          <\/h3>\r\n    <footer class=\"rpc_footer\">\r\n      <div class=\"date\">27 agosto, 2026<\/div>\r\n      <div class=\"icons\">\r\n        <div class=\"views\">\r\n          <i class=\"fa fa-comments\"><\/i>\r\n        0        <\/div>\r\n      <\/div>\r\n    <\/footer>\r\n  <\/figcaption>\r\n  <a target=\"_self\" href=\"https:\/\/www.conam.org.ar\/web\/2026\/08\/27\/aprende-pasteleria-con-los-nuevos-cursos-de-la-asociacion-mutual-12-de-enero-de-pasteleros\/\"><\/a>\r\n<\/figure>                <\/div>    \r\n\r\n                            <div class=\"slick-slide carousel-item-18142\">\r\n                    <figure class=\"rpc-style-5 rpc-wrapper\">\r\n  <div class=\"image\">\r\n    <div class=\"fixed-height-image\"><img loading=\"lazy\" decoding=\"async\" width=\"940\" height=\"788\" src=\"https:\/\/www.conam.org.ar\/web\/wp-content\/uploads\/2026\/08\/PARA-COMUNICAR-PARITARIAS-UTEDYC-CUADRADO-2.png\" class=\"attachment-2048x2048 size-2048x2048 wp-post-image\" alt=\"\" srcset=\"https:\/\/www.conam.org.ar\/web\/wp-content\/uploads\/2026\/08\/PARA-COMUNICAR-PARITARIAS-UTEDYC-CUADRADO-2.png 940w, https:\/\/www.conam.org.ar\/web\/wp-content\/uploads\/2026\/08\/PARA-COMUNICAR-PARITARIAS-UTEDYC-CUADRADO-2-300x251.png 300w, https:\/\/www.conam.org.ar\/web\/wp-content\/uploads\/2026\/08\/PARA-COMUNICAR-PARITARIAS-UTEDYC-CUADRADO-2-768x644.png 768w\" sizes=\"(max-width: 940px) 100vw, 940px\" \/><\/div>  <\/div>\r\n  <figcaption class=\"rpc_bg\">\r\n    <h5 class=\"rpc_title\">\r\n      CONVENIO PARITARIO CON UTEDYC: SE CONFIRMAN LOS...    <\/h5>\r\n    <h3 class=\"rpc_desc\">\r\n          <\/h3>\r\n    <footer class=\"rpc_footer\">\r\n      <div class=\"date\">19 agosto, 2026<\/div>\r\n      <div class=\"icons\">\r\n        <div class=\"views\">\r\n          <i class=\"fa fa-comments\"><\/i>\r\n        0        <\/div>\r\n      <\/div>\r\n    <\/footer>\r\n  <\/figcaption>\r\n  <a target=\"_self\" href=\"https:\/\/www.conam.org.ar\/web\/2026\/08\/19\/convenio-paritario-con-utedyc-se-confirman-los-incrementos-para-los-sueldos-de-agosto-2026\/\"><\/a>\r\n<\/figure>                <\/div>    \r\n\r\n                            <div class=\"slick-slide carousel-item-18135\">\r\n                    <figure class=\"rpc-style-5 rpc-wrapper\">\r\n  <div class=\"image\">\r\n    <div class=\"fixed-height-image\"><img loading=\"lazy\" decoding=\"async\" width=\"960\" height=\"1280\" src=\"https:\/\/www.conam.org.ar\/web\/wp-content\/uploads\/2026\/08\/MAS-CREDITO-INVERSION-Y-DESARROLLO-MUTUALISTA-FESMAP-Y-UN-ENCUENTRO-CLAVE-CON-EL-MINISTERIO-DE-DESARROLLO-PRODUCTIVO-DE-SANTA-FE-6.jpeg\" class=\"attachment-2048x2048 size-2048x2048 wp-post-image\" alt=\"\" srcset=\"https:\/\/www.conam.org.ar\/web\/wp-content\/uploads\/2026\/08\/MAS-CREDITO-INVERSION-Y-DESARROLLO-MUTUALISTA-FESMAP-Y-UN-ENCUENTRO-CLAVE-CON-EL-MINISTERIO-DE-DESARROLLO-PRODUCTIVO-DE-SANTA-FE-6.jpeg 960w, https:\/\/www.conam.org.ar\/web\/wp-content\/uploads\/2026\/08\/MAS-CREDITO-INVERSION-Y-DESARROLLO-MUTUALISTA-FESMAP-Y-UN-ENCUENTRO-CLAVE-CON-EL-MINISTERIO-DE-DESARROLLO-PRODUCTIVO-DE-SANTA-FE-6-225x300.jpeg 225w, https:\/\/www.conam.org.ar\/web\/wp-content\/uploads\/2026\/08\/MAS-CREDITO-INVERSION-Y-DESARROLLO-MUTUALISTA-FESMAP-Y-UN-ENCUENTRO-CLAVE-CON-EL-MINISTERIO-DE-DESARROLLO-PRODUCTIVO-DE-SANTA-FE-6-768x1024.jpeg 768w\" sizes=\"(max-width: 960px) 100vw, 960px\" \/><\/div>  <\/div>\r\n  <figcaption class=\"rpc_bg\">\r\n    <h5 class=\"rpc_title\">\r\n      M\u00c1S CR\u00c9DITO, INVERSI\u00d3N Y DESARROLLO MUTUALISTA: FESMAP...    <\/h5>\r\n    <h3 class=\"rpc_desc\">\r\n          <\/h3>\r\n    <footer class=\"rpc_footer\">\r\n      <div class=\"date\">13 agosto, 2026<\/div>\r\n      <div class=\"icons\">\r\n        <div class=\"views\">\r\n          <i class=\"fa fa-comments\"><\/i>\r\n        0        <\/div>\r\n      <\/div>\r\n    <\/footer>\r\n  <\/figcaption>\r\n  <a target=\"_self\" href=\"https:\/\/www.conam.org.ar\/web\/2026\/08\/13\/mas-credito-inversion-y-desarrollo-mutualista-fesmap-y-un-encuentro-clave-con-el-ministerio-de-desarrollo-productivo-de-santa-fe\/\"><\/a>\r\n<\/figure>                <\/div>    \r\n\r\n                            <div class=\"slick-slide carousel-item-18127\">\r\n                    <figure class=\"rpc-style-5 rpc-wrapper\">\r\n  <div class=\"image\">\r\n    <div class=\"fixed-height-image\"><img loading=\"lazy\" decoding=\"async\" width=\"1920\" height=\"1080\" src=\"https:\/\/www.conam.org.ar\/web\/wp-content\/uploads\/2026\/08\/AUTORIDADES-DE-CONAM-SE-REUNIERON-CON-EL-VICEPRESIDENTE-DE-LA-UNIDAD-DE-INFORMACION-FINANCIERA-UIF.jpg\" class=\"attachment-2048x2048 size-2048x2048 wp-post-image\" alt=\"\" srcset=\"https:\/\/www.conam.org.ar\/web\/wp-content\/uploads\/2026\/08\/AUTORIDADES-DE-CONAM-SE-REUNIERON-CON-EL-VICEPRESIDENTE-DE-LA-UNIDAD-DE-INFORMACION-FINANCIERA-UIF.jpg 1920w, https:\/\/www.conam.org.ar\/web\/wp-content\/uploads\/2026\/08\/AUTORIDADES-DE-CONAM-SE-REUNIERON-CON-EL-VICEPRESIDENTE-DE-LA-UNIDAD-DE-INFORMACION-FINANCIERA-UIF-300x169.jpg 300w, https:\/\/www.conam.org.ar\/web\/wp-content\/uploads\/2026\/08\/AUTORIDADES-DE-CONAM-SE-REUNIERON-CON-EL-VICEPRESIDENTE-DE-LA-UNIDAD-DE-INFORMACION-FINANCIERA-UIF-1024x576.jpg 1024w, https:\/\/www.conam.org.ar\/web\/wp-content\/uploads\/2026\/08\/AUTORIDADES-DE-CONAM-SE-REUNIERON-CON-EL-VICEPRESIDENTE-DE-LA-UNIDAD-DE-INFORMACION-FINANCIERA-UIF-768x432.jpg 768w, https:\/\/www.conam.org.ar\/web\/wp-content\/uploads\/2026\/08\/AUTORIDADES-DE-CONAM-SE-REUNIERON-CON-EL-VICEPRESIDENTE-DE-LA-UNIDAD-DE-INFORMACION-FINANCIERA-UIF-1536x864.jpg 1536w\" sizes=\"(max-width: 1920px) 100vw, 1920px\" \/><\/div>  <\/div>\r\n  <figcaption class=\"rpc_bg\">\r\n    <h5 class=\"rpc_title\">\r\n      AUTORIDADES DE CONAM SE REUNIERON CON EL...    <\/h5>\r\n    <h3 class=\"rpc_desc\">\r\n          <\/h3>\r\n    <footer class=\"rpc_footer\">\r\n      <div class=\"date\">5 agosto, 2026<\/div>\r\n      <div class=\"icons\">\r\n        <div class=\"views\">\r\n          <i class=\"fa fa-comments\"><\/i>\r\n        0        <\/div>\r\n      <\/div>\r\n    <\/footer>\r\n  <\/figcaption>\r\n  <a target=\"_self\" href=\"https:\/\/www.conam.org.ar\/web\/2026\/08\/05\/autoridades-de-conam-se-reunieron-con-el-vicepresidente-de-la-unidad-de-informacion-financiera-uif\/\"><\/a>\r\n<\/figure>                <\/div>    \r\n\r\n                \r\n        <\/section>\r\n        <\/div>\r\n        <style>#carousel-3981 { background-color: ; } #carousel-3981 .slick-slide { margin: 2px ; } #carousel-3981.slick-vertical .slick-slide { margin:  2px; } #carousel-3981 .fixed-height-image { height: 270px; } #carousel-3981 .slick-slide .rpc_bg { background-color: #FFFFFF !important; } #carousel-3981 .slick-slide .rpc_title { color: #000000 !important; } #carousel-3981 .slick-slide .rpc_title { font-size:  !important; } #carousel-3981 .slick-slide .rpc_title { font-family:  !important; } #carousel-3981 .slick-slide .rpc_title { line-height:  !important; } #carousel-3981 .slick-slide .rpc_desc { color:  !important; } #carousel-3981 .slick-slide .rpc_desc { font-size:  !important; } #carousel-3981 .slick-slide .rpc_desc { font-family:  !important; } #carousel-3981 .slick-slide .rpc_desc { line-height:  !important; } #carousel-3981 .slick-slide .rpc_footer { background-color:  !important; } #carousel-3981 .slick-slide .rpc_footer { color:  !important; } #carousel-3981 .slick-slide .rpc-wrapper { border-style: none !important; } #carousel-3981 .slick-slide .rpc-wrapper { border-width:  !important; } #carousel-3981 .slick-slide .rpc-wrapper { border-color:  !important; } #carousel-3981 .slick-slide .rpc-wrapper { box-shadow: 0 0 5px rgba(0, 0, 0, 0.15) !important; } .topright #carousel-3981 .slick-next { right: ; }.topright #carousel-3981 .slick-prev { right: 29px; left: inherit; } .topleft #carousel-3981 .slick-prev { left: ; }.topleft #carousel-3981 .slick-next { left: 29px; right: inherit; } .aboveposts #carousel-3981 .slick-prev { left: ; }.aboveposts #carousel-3981 .slick-next { right: ; left: inherit; } #carousel-3981 .slick-dots li button:before { color:  ; }#carousel-3981 .slick-prev:before, #carousel-3981 .slick-next:before { color: #0066bf !important;}#carousel-3981 .slick-next:before { content: '\\ \\f0a9 '; } #carousel-3981 .slick-prev:before { content: '\\ \\f0a8'; }#carousel-3981 .slick-next:before, #carousel-3981 .slick-prev:before { background-color: #ffffff; padding: 2px 5px; border-radius: 50%; } #carousel-3981 .slick-next:before, #carousel-3981 .slick-prev:before { font-size: 20px; }#carousel-3981 .slick-next, #carousel-3981 .slick-prev { width: 20px; height: 20px; }<\/style><\/div>\n\t\t\t\t\t\t<\/div>\n\t\t\t\t<\/div>\n\t\t\t\t<div class=\"elementor-element elementor-element-0ab9eff elementor-widget__width-inherit elementor-hidden-tablet elementor-hidden-phone elementor-widget elementor-widget-wp-widget-wpmegamenu_widget\" data-id=\"0ab9eff\" data-element_type=\"widget\" data-e-type=\"widget\" data-widget_type=\"wp-widget-wpmegamenu_widget.default\">\n\t\t\t\t<div class=\"elementor-widget-container\">\n\t\t\t\t\t<div id=\"wpmm-wrap-header_menu\" class=\"wp-megamenu-main-wrapper wpmm-ctheme-wrapper wpmm-hide-toggle wpmega-default-theme wpmega-enabled-mobile-menu wpmm-hideallicons-mobile  wpmm-toggle-accordion wpmm-onhover wpmm-orientation-horizontal  wpmm-flip-effect \"><div class=\"wpmegamenu-toggle wpmega-enabled-menutoggle\" data-responsive-breakpoint=\"910px\"><div class='wp-mega-toggle-block'><div class='wpmega-closeblock'><i class='dashicons dashicons-editor-justify'><\/i><\/div><div class='wpmega-openblock'><i class='dashicons dashicons-no'><\/i><\/div><div class='menutoggle'>Menu<\/div><\/div><\/div><ul id=\"wpmega-menu-header_menu\" class=\"wpmm-mega-wrapper wpmemgamenu-pro\" data-advanced-click=\"wpmm-click-submenu\" data-trigger-effect=\"wpmm-onhover\"><li class='menu-item menu-item-type-custom menu-item-object-custom menu-item-home menu-item-has-children wpmega-menu-flyout wpmega-show-arrow wpmm-menu-align-left wpmega-hide-menu-icon wpmega-flyout-horizontal-right menu-item-4097 menu-item-depth-0 wpmm-submenu-align-left no-dropdown' id='wp_nav_menu-item-4097'><a class=\"wp-mega-menu-link\" href=\"https:\/\/www.conam.org.ar\/web\/\"><span class=\"wpmm-mega-menu-href-title\">Institucional<\/span><\/a>\n<div class='wpmm-sub-menu-wrapper wpmm-menu0'><ul class=\"wp-mega-sub-menu\">\n\t<li class='menu-item menu-item-type-post_type menu-item-object-page wp-mega-menu-header wpmega-show-arrow wpmm-menu-align-left wpmega-hide-menu-icon menu-item-767 menu-item-depth-1 wpmm-submenu-align-left no-dropdown' id='wp_nav_menu-item-767'><a class=\"wp-mega-menu-link\" href=\"https:\/\/www.conam.org.ar\/web\/mision\/\"><span class=\"wpmm-mega-menu-href-title\">Misi\u00f3n y objetivos<\/span><\/a><\/li>\t<li class='menu-item menu-item-type-post_type menu-item-object-page wp-mega-menu-header wpmega-show-arrow wpmm-menu-align-left wpmega-hide-menu-icon menu-item-766 menu-item-depth-1 wpmm-submenu-align-left no-dropdown' id='wp_nav_menu-item-766'><a class=\"wp-mega-menu-link\" href=\"https:\/\/www.conam.org.ar\/web\/vision\/\"><span class=\"wpmm-mega-menu-href-title\">Visi\u00f3n<\/span><\/a><\/li>\t<li class='menu-item menu-item-type-post_type menu-item-object-page wp-mega-menu-header wpmega-show-arrow wpmm-menu-align-left wpmega-hide-menu-icon menu-item-765 menu-item-depth-1 wpmm-submenu-align-left no-dropdown' id='wp_nav_menu-item-765'><a class=\"wp-mega-menu-link\" href=\"https:\/\/www.conam.org.ar\/web\/sobre-conam\/\"><span class=\"wpmm-mega-menu-href-title\">Sobre CONAM<\/span><\/a><\/li>\t<li class='menu-item menu-item-type-post_type menu-item-object-page wp-mega-menu-header wpmega-show-arrow wpmm-menu-align-left wpmega-hide-menu-icon menu-item-3920 menu-item-depth-1 wpmm-submenu-align-left no-dropdown' id='wp_nav_menu-item-3920'><a class=\"wp-mega-menu-link\" href=\"https:\/\/www.conam.org.ar\/web\/estatutos\/\"><span class=\"wpmm-mega-menu-href-title\">Estatuto<\/span><\/a><\/li>\t<li class='menu-item menu-item-type-post_type menu-item-object-page wp-mega-menu-header wpmega-show-arrow wpmm-menu-align-left wpmega-hide-menu-icon menu-item-768 menu-item-depth-1 wpmm-submenu-align-left no-dropdown' id='wp_nav_menu-item-768'><a class=\"wp-mega-menu-link\" href=\"https:\/\/www.conam.org.ar\/web\/autoridades\/\"><span class=\"wpmm-mega-menu-href-title\">Autoridades<\/span><\/a><\/li><\/ul><\/div>\n<\/li><li class='menu-item menu-item-type-post_type menu-item-object-page wpmega-menu-flyout wpmega-show-arrow wpmm-menu-align-left wpmega-hide-menu-icon wpmega-flyout-horizontal-right menu-item-4052 menu-item-depth-0 wpmm-submenu-align-left no-dropdown' id='wp_nav_menu-item-4052'><a class=\"wp-mega-menu-link\" href=\"https:\/\/www.conam.org.ar\/web\/federaciones\/\"><span class=\"wpmm-mega-menu-href-title\">Federaciones<\/span><\/a><\/li><li class='menu-item menu-item-type-post_type menu-item-object-page menu-item-has-children wpmega-menu-flyout wpmega-show-arrow wpmm-menu-align-left wpmega-hide-menu-icon wpmega-flyout-horizontal-right menu-item-770 menu-item-depth-0 wpmm-submenu-align-left no-dropdown' id='wp_nav_menu-item-770'><a class=\"wp-mega-menu-link\" href=\"https:\/\/www.conam.org.ar\/web\/economia-solidaria\/\"><span class=\"wpmm-mega-menu-href-title\">Econom\u00eda Solidaria<\/span><\/a>\n<div class='wpmm-sub-menu-wrapper wpmm-menu0'><ul class=\"wp-mega-sub-menu\">\n\t<li class='menu-item menu-item-type-post_type menu-item-object-page wp-mega-menu-header wpmega-show-arrow wpmm-menu-align-left wpmega-hide-menu-icon menu-item-771 menu-item-depth-1 wpmm-submenu-align-left no-dropdown' id='wp_nav_menu-item-771'><a class=\"wp-mega-menu-link\" href=\"https:\/\/www.conam.org.ar\/web\/mutual-y-sus-principios\/\"><span class=\"wpmm-mega-menu-href-title\">Mutual y sus principios<\/span><\/a><\/li>\t<li class='menu-item menu-item-type-post_type menu-item-object-page wp-mega-menu-header wpmega-show-arrow wpmm-menu-align-left wpmega-hide-menu-icon menu-item-772 menu-item-depth-1 wpmm-submenu-align-left no-dropdown' id='wp_nav_menu-item-772'><a class=\"wp-mega-menu-link\" href=\"https:\/\/www.conam.org.ar\/web\/actividad-de-las-mutuales\/\"><span class=\"wpmm-mega-menu-href-title\">Actividad de las mutuales<\/span><\/a><\/li>\t<li class='menu-item menu-item-type-post_type menu-item-object-page wp-mega-menu-header wpmega-show-arrow wpmm-menu-align-left wpmega-hide-menu-icon menu-item-773 menu-item-depth-1 wpmm-submenu-align-left no-dropdown' id='wp_nav_menu-item-773'><a class=\"wp-mega-menu-link\" href=\"https:\/\/www.conam.org.ar\/web\/normativa\/\"><span class=\"wpmm-mega-menu-href-title\">Normativa<\/span><\/a><\/li><\/ul><\/div>\n<\/li><li class='menu-item menu-item-type-post_type menu-item-object-page wpmega-menu-flyout wpmega-show-arrow wpmm-menu-align-left wpmega-hide-menu-icon wpmega-flyout-horizontal-right menu-item-775 menu-item-depth-0 wpmm-submenu-align-left no-dropdown' id='wp_nav_menu-item-775'><a class=\"wp-mega-menu-link\" href=\"https:\/\/www.conam.org.ar\/web\/mutuales-en-red\/\"><span class=\"wpmm-mega-menu-href-title\">Servicios en red<\/span><\/a><\/li><li class='menu-item menu-item-type-post_type menu-item-object-page wpmega-menu-flyout wpmega-show-arrow wpmm-menu-align-left wpmega-hide-menu-icon wpmega-flyout-horizontal-right menu-item-1610 menu-item-depth-0 wpmm-submenu-align-left no-dropdown' id='wp_nav_menu-item-1610'><a class=\"wp-mega-menu-link\" href=\"https:\/\/www.conam.org.ar\/web\/novedades\/\"><span class=\"wpmm-mega-menu-href-title\">Novedades<\/span><\/a><\/li><\/ul><\/div>\t\t\t\t<\/div>\n\t\t\t\t<\/div>\n\t\t\t\t\t<\/div>\n\t\t<\/div>\n\t\t\t\t\t<\/div>\n\t\t<\/section>\n\t\t\t\t<section class=\"elementor-section elementor-top-section elementor-element elementor-element-77dd5d4 elementor-section-full_width elementor-section-height-default elementor-section-height-default\" data-id=\"77dd5d4\" data-element_type=\"section\" data-e-type=\"section\">\n\t\t\t\t\t\t<div class=\"elementor-container elementor-column-gap-default\">\n\t\t\t\t\t<div class=\"elementor-column elementor-col-33 elementor-top-column elementor-element elementor-element-57eaae5\" data-id=\"57eaae5\" data-element_type=\"column\" data-e-type=\"column\">\n\t\t\t<div class=\"elementor-widget-wrap elementor-element-populated\">\n\t\t\t\t\t\t<div class=\"elementor-element elementor-element-b236e72 elementor-widget elementor-widget-theme-site-logo elementor-widget-image\" data-id=\"b236e72\" data-element_type=\"widget\" data-e-type=\"widget\" data-widget_type=\"theme-site-logo.default\">\n\t\t\t\t<div class=\"elementor-widget-container\">\n\t\t\t\t\t\t\t\t\t\t\t<a href=\"https:\/\/www.conam.org.ar\/web\">\n\t\t\t<img decoding=\"async\" width=\"357\" height=\"109\" src=\"https:\/\/www.conam.org.ar\/web\/wp-content\/uploads\/2021\/03\/thumbnail_logo-sin-color-de-fondo.png\" class=\"attachment-full size-full wp-image-2800\" alt=\"\" srcset=\"https:\/\/www.conam.org.ar\/web\/wp-content\/uploads\/2021\/03\/thumbnail_logo-sin-color-de-fondo.png 357w, https:\/\/www.conam.org.ar\/web\/wp-content\/uploads\/2021\/03\/thumbnail_logo-sin-color-de-fondo-300x92.png 300w\" sizes=\"(max-width: 357px) 100vw, 357px\" \/>\t\t\t\t<\/a>\n\t\t\t\t\t\t\t\t\t\t\t<\/div>\n\t\t\t\t<\/div>\n\t\t\t\t\t<\/div>\n\t\t<\/div>\n\t\t\t\t<div class=\"elementor-column elementor-col-33 elementor-top-column elementor-element elementor-element-24d9719\" data-id=\"24d9719\" data-element_type=\"column\" data-e-type=\"column\">\n\t\t\t<div class=\"elementor-widget-wrap elementor-element-populated\">\n\t\t\t\t\t\t<div class=\"elementor-element elementor-element-f2251ad elementor-widget elementor-widget-text-editor\" data-id=\"f2251ad\" data-element_type=\"widget\" data-e-type=\"widget\" data-widget_type=\"text-editor.default\">\n\t\t\t\t<div class=\"elementor-widget-container\">\n\t\t\t\t\t\t\t\t\t<h4 style=\"text-align: center;\"><span style=\"text-decoration: underline;\"><strong><span style=\"color: #000000; text-decoration: underline;\">Humberto Primo 986 5to 32\u00a0&#8211; CABA<\/span><\/strong><\/span><\/h4><h4 style=\"text-align: center;\"><span style=\"color: #000000;\"><strong>011-4800-2268\u00a0<\/strong><\/span><\/h4><h4 style=\"text-align: center;\"><span style=\"color: #000000;\"><strong>info@conam.org.ar<\/strong><\/span><\/h4>\t\t\t\t\t\t\t\t<\/div>\n\t\t\t\t<\/div>\n\t\t\t\t\t<\/div>\n\t\t<\/div>\n\t\t\t\t<div class=\"elementor-column elementor-col-33 elementor-top-column elementor-element elementor-element-c6e4ac2\" data-id=\"c6e4ac2\" data-element_type=\"column\" data-e-type=\"column\">\n\t\t\t<div class=\"elementor-widget-wrap elementor-element-populated\">\n\t\t\t\t\t\t<div class=\"elementor-element elementor-element-2fe3a63 elementor-shape-circle elementor-grid-0 e-grid-align-center elementor-widget elementor-widget-social-icons\" data-id=\"2fe3a63\" data-element_type=\"widget\" data-e-type=\"widget\" data-widget_type=\"social-icons.default\">\n\t\t\t\t<div class=\"elementor-widget-container\">\n\t\t\t\t\t\t\t<div class=\"elementor-social-icons-wrapper elementor-grid\" role=\"list\">\n\t\t\t\t\t\t\t<span class=\"elementor-grid-item\" role=\"listitem\">\n\t\t\t\t\t<a class=\"elementor-icon elementor-social-icon elementor-social-icon-facebook-f elementor-repeater-item-7e76215\" href=\"https:\/\/www.facebook.com\/ConamMutualismo\" target=\"_blank\">\n\t\t\t\t\t\t<span class=\"elementor-screen-only\">Facebook-f<\/span>\n\t\t\t\t\t\t<i aria-hidden=\"true\" class=\"fab fa-facebook-f\"><\/i>\t\t\t\t\t<\/a>\n\t\t\t\t<\/span>\n\t\t\t\t\t\t\t<span class=\"elementor-grid-item\" role=\"listitem\">\n\t\t\t\t\t<a class=\"elementor-icon elementor-social-icon elementor-social-icon-x-twitter elementor-repeater-item-f4248f0\" href=\"https:\/\/x.com\/ConamMutual\" target=\"_blank\">\n\t\t\t\t\t\t<span class=\"elementor-screen-only\">X-twitter<\/span>\n\t\t\t\t\t\t<i aria-hidden=\"true\" class=\"fab fa-x-twitter\"><\/i>\t\t\t\t\t<\/a>\n\t\t\t\t<\/span>\n\t\t\t\t\t\t\t<span class=\"elementor-grid-item\" role=\"listitem\">\n\t\t\t\t\t<a class=\"elementor-icon elementor-social-icon elementor-social-icon-instagram elementor-repeater-item-8b02ba4\" href=\"https:\/\/www.instagram.com\/conammutualismo\/\" target=\"_blank\">\n\t\t\t\t\t\t<span class=\"elementor-screen-only\">Instagram<\/span>\n\t\t\t\t\t\t<i aria-hidden=\"true\" class=\"fab fa-instagram\"><\/i>\t\t\t\t\t<\/a>\n\t\t\t\t<\/span>\n\t\t\t\t\t\t\t<span class=\"elementor-grid-item\" role=\"listitem\">\n\t\t\t\t\t<a class=\"elementor-icon elementor-social-icon elementor-social-icon-envelope elementor-repeater-item-742fba0\" href=\"mailto:info@conam.org.ar\" target=\"_blank\">\n\t\t\t\t\t\t<span class=\"elementor-screen-only\">Envelope<\/span>\n\t\t\t\t\t\t<i aria-hidden=\"true\" class=\"far fa-envelope\"><\/i>\t\t\t\t\t<\/a>\n\t\t\t\t<\/span>\n\t\t\t\t\t\t\t<span class=\"elementor-grid-item\" role=\"listitem\">\n\t\t\t\t\t<a class=\"elementor-icon elementor-social-icon elementor-social-icon-youtube elementor-repeater-item-ace45c9\" href=\"https:\/\/www.youtube.com\/channel\/UC7KxMlgG6jBLkTb5_MT1Mag\" target=\"_blank\">\n\t\t\t\t\t\t<span class=\"elementor-screen-only\">Youtube<\/span>\n\t\t\t\t\t\t<i aria-hidden=\"true\" class=\"fab fa-youtube\"><\/i>\t\t\t\t\t<\/a>\n\t\t\t\t<\/span>\n\t\t\t\t\t\t\t<span class=\"elementor-grid-item\" role=\"listitem\">\n\t\t\t\t\t<a class=\"elementor-icon elementor-social-icon elementor-social-icon-whatsapp elementor-repeater-item-f9a6816\" href=\"https:\/\/www.whatsapp.com\/channel\/0029VbAb94eGOj9wgl4q133o\" target=\"_blank\">\n\t\t\t\t\t\t<span class=\"elementor-screen-only\">Whatsapp<\/span>\n\t\t\t\t\t\t<i aria-hidden=\"true\" class=\"fab fa-whatsapp\"><\/i>\t\t\t\t\t<\/a>\n\t\t\t\t<\/span>\n\t\t\t\t\t<\/div>\n\t\t\t\t\t\t<\/div>\n\t\t\t\t<\/div>\n\t\t\t\t\t<\/div>\n\t\t<\/div>\n\t\t\t\t\t<\/div>\n\t\t<\/section>\n\t\t\t\t<\/footer>\n\t\t<\/div>\n\t\t\t\t\t\t<\/div>\n\t\t\t\t<\/div>\n\t\t\t\t\t<\/div>\n\t\t<\/div>\n\t\t\t\t\t<\/div>\n\t\t<\/section>\n\t\t\t\t<\/div>\n\t\t","protected":false},"excerpt":{"rendered":"<p>El Instituto Nacional de Asociativismo y Econom\u00eda Social (INAES) dict\u00f3 una nueva Resoluci\u00f3n (la N\u00ba 1687\/2026), publicada en el Bolet\u00edn Oficial de la Rep\u00fablica Argentina el 31 de agosto del 2026, respecto al reglamento de Gesti\u00f3n de Pr\u00e9stamos.<\/p>\n","protected":false},"author":3,"featured_media":18202,"comment_status":"open","ping_status":"open","sticky":false,"template":"elementor_canvas","format":"standard","meta":{"footnotes":""},"categories":[15,1],"tags":[1633,21,23,24,72,22],"class_list":["post-18201","post","type-post","status-publish","format-standard","has-post-thumbnail","hentry","category-noticias-de-confederacion","category-ultimas-noticias","tag-boletin-oficial-de-la-republica-argentina","tag-conam","tag-economia-social","tag-economia-solidaria","tag-inaes","tag-mutualismo"],"aioseo_notices":[],"aioseo_head":"\n\t\t<!-- All in One SEO 5.0.1.1 - aioseo.com -->\n\t<meta name=\"description\" content=\"Autoridades de CONAM mantuvieron una reuni\u00f3n institucional con el Vicepresidente de la Unidad de Informaci\u00f3n Financiera (UIF), Dr. Patricio Michlig,\" \/>\n\t<meta name=\"robots\" content=\"max-image-preview:large\" \/>\n\t<meta name=\"author\" content=\"admin\"\/>\n\t<link rel=\"canonical\" href=\"https:\/\/www.conam.org.ar\/web\/2026\/08\/05\/autoridades-de-conam-se-reunieron-con-el-vicepresidente-de-la-unidad-de-informacion-financiera-uif\/\" \/>\n\t<meta name=\"generator\" content=\"All in One SEO (AIOSEO) 5.0.1.1\" \/>\n\t\t<meta property=\"og:locale\" content=\"es_ES\" \/>\n\t\t<meta property=\"og:site_name\" content=\"CONAM -\" \/>\n\t\t<meta property=\"og:type\" content=\"article\" \/>\n\t\t<meta property=\"og:title\" content=\"AUTORIDADES DE CONAM SE REUNIERON CON EL VICEPRESIDENTE DE LA UNIDAD DE INFORMACI\u00d3N FINANCIERA (UIF) - CONAM\" \/>\n\t\t<meta property=\"og:description\" content=\"Autoridades de CONAM mantuvieron una reuni\u00f3n institucional con el Vicepresidente de la Unidad de Informaci\u00f3n Financiera (UIF), Dr. Patricio Michlig,\" \/>\n\t\t<meta property=\"og:url\" content=\"https:\/\/www.conam.org.ar\/web\/2026\/08\/05\/autoridades-de-conam-se-reunieron-con-el-vicepresidente-de-la-unidad-de-informacion-financiera-uif\/\" \/>\n\t\t<meta property=\"og:image\" content=\"https:\/\/www.conam.org.ar\/web\/wp-content\/uploads\/2021\/03\/thumbnail_logo-sin-color-de-fondo.png\" \/>\n\t\t<meta property=\"og:image:secure_url\" content=\"https:\/\/www.conam.org.ar\/web\/wp-content\/uploads\/2021\/03\/thumbnail_logo-sin-color-de-fondo.png\" \/>\n\t\t<meta property=\"article:published_time\" content=\"2026-08-05T18:55:22+00:00\" \/>\n\t\t<meta property=\"article:modified_time\" content=\"2026-08-05T19:17:27+00:00\" \/>\n\t\t<meta name=\"twitter:card\" content=\"summary_large_image\" \/>\n\t\t<meta name=\"twitter:title\" content=\"AUTORIDADES DE CONAM SE REUNIERON CON EL VICEPRESIDENTE DE LA UNIDAD DE INFORMACI\u00d3N FINANCIERA (UIF) - CONAM\" \/>\n\t\t<meta name=\"twitter:description\" content=\"Autoridades de CONAM mantuvieron una reuni\u00f3n institucional con el Vicepresidente de la Unidad de Informaci\u00f3n Financiera (UIF), Dr. Patricio Michlig,\" \/>\n\t\t<meta name=\"twitter:image\" content=\"https:\/\/www.conam.org.ar\/web\/wp-content\/uploads\/2021\/03\/thumbnail_logo-sin-color-de-fondo.png\" \/>\n\t\t<script type=\"application\/ld+json\" class=\"aioseo-schema\">\n\t\t\t{\"@context\":\"https:\\\/\\\/schema.org\",\"@graph\":[{\"@type\":\"BlogPosting\",\"@id\":\"https:\\\/\\\/www.conam.org.ar\\\/web\\\/2026\\\/08\\\/05\\\/autoridades-de-conam-se-reunieron-con-el-vicepresidente-de-la-unidad-de-informacion-financiera-uif\\\/#blogposting\",\"name\":\"AUTORIDADES DE CONAM SE REUNIERON CON EL VICEPRESIDENTE DE LA UNIDAD DE INFORMACI\\u00d3N FINANCIERA (UIF) - CONAM\",\"headline\":\"NUEVA RESOLUCI\\u00d3N 1687\\\/2026: EL INAES ESTABLECE UNA PR\\u00d3RROGA DE 30 D\\u00cdAS PARA AQUELLAS MUTUALES QUE DEBEN PRESENTAR LA DOCUMENTACI\\u00d3N OBLIGATORIA RESPECTO AL REGLAMENTO DE GESTI\\u00d3N DE PR\\u00c9STAMOS\",\"author\":{\"@id\":\"https:\\\/\\\/www.conam.org.ar\\\/web\\\/author\\\/admin\\\/#author\"},\"publisher\":{\"@id\":\"https:\\\/\\\/www.conam.org.ar\\\/web\\\/#organization\"},\"image\":{\"@type\":\"ImageObject\",\"url\":\"https:\\\/\\\/www.conam.org.ar\\\/web\\\/wp-content\\\/uploads\\\/2026\\\/09\\\/NUEVA-RESOLUCION-1687-DEL-INAES.png\",\"width\":1024,\"height\":1455},\"datePublished\":\"2026-09-01T16:13:48-03:00\",\"dateModified\":\"2026-09-01T16:42:25-03:00\",\"inLanguage\":\"es-AR\",\"mainEntityOfPage\":{\"@id\":\"https:\\\/\\\/www.conam.org.ar\\\/web\\\/2026\\\/08\\\/05\\\/autoridades-de-conam-se-reunieron-con-el-vicepresidente-de-la-unidad-de-informacion-financiera-uif\\\/#webpage\"},\"isPartOf\":{\"@id\":\"https:\\\/\\\/www.conam.org.ar\\\/web\\\/2026\\\/08\\\/05\\\/autoridades-de-conam-se-reunieron-con-el-vicepresidente-de-la-unidad-de-informacion-financiera-uif\\\/#webpage\"},\"articleSection\":\"Actividades de nuestras federaci\\u00f3nes, Ultimas novedades, Bolet\\u00edn Oficial de la Rep\\u00fablica Argentina, CONAM, Econom\\u00eda Social, Econom\\u00eda Solidaria, INAES, mutualismo\"},{\"@type\":\"BreadcrumbList\",\"@id\":\"https:\\\/\\\/www.conam.org.ar\\\/web\\\/2026\\\/08\\\/05\\\/autoridades-de-conam-se-reunieron-con-el-vicepresidente-de-la-unidad-de-informacion-financiera-uif\\\/#breadcrumblist\",\"itemListElement\":[{\"@type\":\"ListItem\",\"@id\":\"https:\\\/\\\/www.conam.org.ar\\\/web#listItem\",\"position\":1,\"name\":\"Home\",\"item\":\"https:\\\/\\\/www.conam.org.ar\\\/web\",\"nextItem\":{\"@type\":\"ListItem\",\"@id\":\"https:\\\/\\\/www.conam.org.ar\\\/web\\\/category\\\/ultimas-noticias\\\/#listItem\",\"name\":\"Ultimas novedades\"}},{\"@type\":\"ListItem\",\"@id\":\"https:\\\/\\\/www.conam.org.ar\\\/web\\\/category\\\/ultimas-noticias\\\/#listItem\",\"position\":2,\"name\":\"Ultimas novedades\",\"item\":\"https:\\\/\\\/www.conam.org.ar\\\/web\\\/category\\\/ultimas-noticias\\\/\",\"nextItem\":{\"@type\":\"ListItem\",\"@id\":\"https:\\\/\\\/www.conam.org.ar\\\/web\\\/2026\\\/09\\\/01\\\/nueva-resolucion-1687-2026-el-inaes-establece-una-prorroga-de-30-dias-para-aquellas-mutuales-que-deben-presentar-la-documentacion-obligatoria-respecto-al-reglamento-de-gestion-de-prestamos\\\/#listItem\",\"name\":\"NUEVA RESOLUCI\\u00d3N 1687\\\/2026: EL INAES ESTABLECE UNA PR\\u00d3RROGA DE 30 D\\u00cdAS PARA AQUELLAS MUTUALES QUE DEBEN PRESENTAR LA DOCUMENTACI\\u00d3N OBLIGATORIA RESPECTO AL REGLAMENTO DE GESTI\\u00d3N DE PR\\u00c9STAMOS\"},\"previousItem\":{\"@type\":\"ListItem\",\"@id\":\"https:\\\/\\\/www.conam.org.ar\\\/web#listItem\",\"name\":\"Home\"}},{\"@type\":\"ListItem\",\"@id\":\"https:\\\/\\\/www.conam.org.ar\\\/web\\\/2026\\\/09\\\/01\\\/nueva-resolucion-1687-2026-el-inaes-establece-una-prorroga-de-30-dias-para-aquellas-mutuales-que-deben-presentar-la-documentacion-obligatoria-respecto-al-reglamento-de-gestion-de-prestamos\\\/#listItem\",\"position\":3,\"name\":\"NUEVA RESOLUCI\\u00d3N 1687\\\/2026: EL INAES ESTABLECE UNA PR\\u00d3RROGA DE 30 D\\u00cdAS PARA AQUELLAS MUTUALES QUE DEBEN PRESENTAR LA DOCUMENTACI\\u00d3N OBLIGATORIA RESPECTO AL REGLAMENTO DE GESTI\\u00d3N DE PR\\u00c9STAMOS\",\"previousItem\":{\"@type\":\"ListItem\",\"@id\":\"https:\\\/\\\/www.conam.org.ar\\\/web\\\/category\\\/ultimas-noticias\\\/#listItem\",\"name\":\"Ultimas novedades\"}}]},{\"@type\":\"Organization\",\"@id\":\"https:\\\/\\\/www.conam.org.ar\\\/web\\\/#organization\",\"name\":\"CONAM\",\"url\":\"https:\\\/\\\/www.conam.org.ar\\\/web\\\/\",\"logo\":{\"@type\":\"ImageObject\",\"url\":\"https:\\\/\\\/www.conam.org.ar\\\/web\\\/wp-content\\\/uploads\\\/2021\\\/03\\\/thumbnail_logo-sin-color-de-fondo.png\",\"@id\":\"https:\\\/\\\/www.conam.org.ar\\\/web\\\/2026\\\/08\\\/05\\\/autoridades-de-conam-se-reunieron-con-el-vicepresidente-de-la-unidad-de-informacion-financiera-uif\\\/#organizationLogo\",\"width\":357,\"height\":109},\"image\":{\"@id\":\"https:\\\/\\\/www.conam.org.ar\\\/web\\\/2026\\\/08\\\/05\\\/autoridades-de-conam-se-reunieron-con-el-vicepresidente-de-la-unidad-de-informacion-financiera-uif\\\/#organizationLogo\"}},{\"@type\":\"Person\",\"@id\":\"https:\\\/\\\/www.conam.org.ar\\\/web\\\/author\\\/admin\\\/#author\",\"url\":\"https:\\\/\\\/www.conam.org.ar\\\/web\\\/author\\\/admin\\\/\",\"name\":\"admin\",\"image\":{\"@type\":\"ImageObject\",\"@id\":\"https:\\\/\\\/www.conam.org.ar\\\/web\\\/2026\\\/08\\\/05\\\/autoridades-de-conam-se-reunieron-con-el-vicepresidente-de-la-unidad-de-informacion-financiera-uif\\\/#authorImage\",\"url\":\"https:\\\/\\\/secure.gravatar.com\\\/avatar\\\/c36bb9e931f5f177dba48321c8b85629cf149c922cb35eebb06c02059ea75808?s=96&d=mm&r=g\",\"width\":96,\"height\":96,\"caption\":\"admin\"}},{\"@type\":\"WebPage\",\"@id\":\"https:\\\/\\\/www.conam.org.ar\\\/web\\\/2026\\\/08\\\/05\\\/autoridades-de-conam-se-reunieron-con-el-vicepresidente-de-la-unidad-de-informacion-financiera-uif\\\/#webpage\",\"url\":\"https:\\\/\\\/www.conam.org.ar\\\/web\\\/2026\\\/08\\\/05\\\/autoridades-de-conam-se-reunieron-con-el-vicepresidente-de-la-unidad-de-informacion-financiera-uif\\\/\",\"name\":\"NUEVA RESOLUCI\\u00d3N 1687\\\/2026: EL INAES ESTABLECE UNA PR\\u00d3RROGA DE 30 D\\u00cdAS PARA AQUELLAS MUTUALES QUE DEBEN PRESENTAR LA DOCUMENTACI\\u00d3N OBLIGATORIA RESPECTO AL REGLAMENTO DE GESTI\\u00d3N DE PR\\u00c9STAMOS - CONAM\",\"description\":\"Autoridades de CONAM mantuvieron una reuni\\u00f3n institucional con el Vicepresidente de la Unidad de Informaci\\u00f3n Financiera (UIF), Dr. Patricio Michlig,\",\"inLanguage\":\"es-AR\",\"isPartOf\":{\"@id\":\"https:\\\/\\\/www.conam.org.ar\\\/web\\\/#website\"},\"breadcrumb\":{\"@id\":\"https:\\\/\\\/www.conam.org.ar\\\/web\\\/2026\\\/08\\\/05\\\/autoridades-de-conam-se-reunieron-con-el-vicepresidente-de-la-unidad-de-informacion-financiera-uif\\\/#breadcrumblist\"},\"author\":{\"@id\":\"https:\\\/\\\/www.conam.org.ar\\\/web\\\/author\\\/admin\\\/#author\"},\"creator\":{\"@id\":\"https:\\\/\\\/www.conam.org.ar\\\/web\\\/author\\\/admin\\\/#author\"},\"image\":{\"@type\":\"ImageObject\",\"url\":\"https:\\\/\\\/www.conam.org.ar\\\/web\\\/wp-content\\\/uploads\\\/2026\\\/09\\\/NUEVA-RESOLUCION-1687-DEL-INAES.png\",\"@id\":\"https:\\\/\\\/www.conam.org.ar\\\/web\\\/2026\\\/08\\\/05\\\/autoridades-de-conam-se-reunieron-con-el-vicepresidente-de-la-unidad-de-informacion-financiera-uif\\\/#mainImage\",\"width\":1024,\"height\":1455},\"primaryImageOfPage\":{\"@id\":\"https:\\\/\\\/www.conam.org.ar\\\/web\\\/2026\\\/08\\\/05\\\/autoridades-de-conam-se-reunieron-con-el-vicepresidente-de-la-unidad-de-informacion-financiera-uif\\\/#mainImage\"},\"datePublished\":\"2026-08-05T15:55:22-03:00\",\"dateModified\":\"2026-08-05T16:17:27-03:00\"},{\"@type\":\"WebSite\",\"@id\":\"https:\\\/\\\/www.conam.org.ar\\\/web\\\/#website\",\"url\":\"https:\\\/\\\/www.conam.org.ar\\\/web\\\/\",\"name\":\"CONAM\",\"inLanguage\":\"es-AR\",\"publisher\":{\"@id\":\"https:\\\/\\\/www.conam.org.ar\\\/web\\\/#organization\"}}]}\n\t\t<\/script>\n\t\t<!-- All in One SEO -->\n\n","aioseo_head_json":{"title":"NUEVA RESOLUCI\u00d3N 1687\/2026: EL INAES ESTABLECE UNA PR\u00d3RROGA DE 30 D\u00cdAS PARA AQUELLAS MUTUALES QUE DEBEN PRESENTAR LA DOCUMENTACI\u00d3N OBLIGATORIA RESPECTO AL REGLAMENTO DE GESTI\u00d3N DE PR\u00c9STAMOS - CONAM","description":"El Instituto Nacional de Asociativismo y Econom\u00eda Social (INAES) dict\u00f3 una nueva Resoluci\u00f3n (la N\u00ba 1687\/2026), publicada en el Bolet\u00edn Oficial de la Rep\u00fablica Argentina el 31 de agosto del 2026, respecto al reglamento de Gesti\u00f3n de Pr\u00e9stamos.","canonical_url":"https:\/\/www.conam.org.ar\/web\/2026\/08\/05\/autoridades-de-conam-se-reunieron-con-el-vicepresidente-de-la-unidad-de-informacion-financiera-uif\/","robots":"max-image-preview:large","keywords":"","webmasterTools":{"miscellaneous":""},"schema":{"@context":"https:\/\/schema.org","@graph":[{"@type":"BlogPosting","@id":"https:\/\/www.conam.org.ar\/web\/2026\/09\/01\/nueva-resolucion-1687-2026-el-inaes-establece-una-prorroga-de-30-dias-para-aquellas-mutuales-que-deben-presentar-la-documentacion-obligatoria-respecto-al-reglamento-de-gestion-de-prestamos\/#blogposting","name":"NUEVA RESOLUCI\u00d3N 1687\/2026: EL INAES ESTABLECE UNA PR\u00d3RROGA DE 30 D\u00cdAS PARA AQUELLAS MUTUALES QUE DEBEN PRESENTAR LA DOCUMENTACI\u00d3N OBLIGATORIA RESPECTO AL REGLAMENTO DE GESTI\u00d3N DE PR\u00c9STAMOS - CONAM","headline":"NUEVA RESOLUCI\u00d3N 1687\/2026: EL INAES ESTABLECE UNA PR\u00d3RROGA DE 30 D\u00cdAS PARA AQUELLAS MUTUALES QUE DEBEN PRESENTAR LA DOCUMENTACI\u00d3N OBLIGATORIA RESPECTO AL REGLAMENTO DE GESTI\u00d3N DE PR\u00c9STAMOS","author":{"@id":"https:\/\/www.conam.org.ar\/web\/author\/admin\/#author"},"publisher":{"@id":"https:\/\/www.conam.org.ar\/web\/#organization"},"image":{"@type":"ImageObject","url":"https:\/\/www.conam.org.ar\/web\/wp-content\/uploads\/2026\/09\/NUEVA-RESOLUCION-1687-DEL-INAES.png","width":1024,"height":1455},"datePublished":"2026-09-01T16:13:48-03:00","dateModified":"2026-09-01T16:42:25-03:00","inLanguage":"es-AR","mainEntityOfPage":{"@id":"https:\/\/www.conam.org.ar\/web\/2026\/09\/01\/nueva-resolucion-1687-2026-el-inaes-establece-una-prorroga-de-30-dias-para-aquellas-mutuales-que-deben-presentar-la-documentacion-obligatoria-respecto-al-reglamento-de-gestion-de-prestamos\/#webpage"},"isPartOf":{"@id":"https:\/\/www.conam.org.ar\/web\/2026\/09\/01\/nueva-resolucion-1687-2026-el-inaes-establece-una-prorroga-de-30-dias-para-aquellas-mutuales-que-deben-presentar-la-documentacion-obligatoria-respecto-al-reglamento-de-gestion-de-prestamos\/#webpage"},"articleSection":"Actividades de nuestras federaci\u00f3nes, Ultimas novedades, Bolet\u00edn Oficial de la Rep\u00fablica Argentina, CONAM, Econom\u00eda Social, Econom\u00eda Solidaria, INAES, mutualismo"},{"@type":"BreadcrumbList","@id":"https:\/\/www.conam.org.ar\/web\/2026\/09\/01\/nueva-resolucion-1687-2026-el-inaes-establece-una-prorroga-de-30-dias-para-aquellas-mutuales-que-deben-presentar-la-documentacion-obligatoria-respecto-al-reglamento-de-gestion-de-prestamos\/#breadcrumblist","itemListElement":[{"@type":"ListItem","@id":"https:\/\/www.conam.org.ar\/web#listItem","position":1,"name":"Home","item":"https:\/\/www.conam.org.ar\/web","nextItem":{"@type":"ListItem","@id":"https:\/\/www.conam.org.ar\/web\/category\/ultimas-noticias\/#listItem","name":"Ultimas novedades"}},{"@type":"ListItem","@id":"https:\/\/www.conam.org.ar\/web\/category\/ultimas-noticias\/#listItem","position":2,"name":"Ultimas novedades","item":"https:\/\/www.conam.org.ar\/web\/category\/ultimas-noticias\/","nextItem":{"@type":"ListItem","@id":"https:\/\/www.conam.org.ar\/web\/2026\/09\/01\/nueva-resolucion-1687-2026-el-inaes-establece-una-prorroga-de-30-dias-para-aquellas-mutuales-que-deben-presentar-la-documentacion-obligatoria-respecto-al-reglamento-de-gestion-de-prestamos\/#listItem","name":"NUEVA RESOLUCI\u00d3N 1687\/2026: EL INAES ESTABLECE UNA PR\u00d3RROGA DE 30 D\u00cdAS PARA AQUELLAS MUTUALES QUE DEBEN PRESENTAR LA DOCUMENTACI\u00d3N OBLIGATORIA RESPECTO AL REGLAMENTO DE GESTI\u00d3N DE PR\u00c9STAMOS"},"previousItem":{"@type":"ListItem","@id":"https:\/\/www.conam.org.ar\/web#listItem","name":"Home"}},{"@type":"ListItem","@id":"https:\/\/www.conam.org.ar\/web\/2026\/09\/01\/nueva-resolucion-1687-2026-el-inaes-establece-una-prorroga-de-30-dias-para-aquellas-mutuales-que-deben-presentar-la-documentacion-obligatoria-respecto-al-reglamento-de-gestion-de-prestamos\/#listItem","position":3,"name":"NUEVA RESOLUCI\u00d3N 1687\/2026: EL INAES ESTABLECE UNA PR\u00d3RROGA DE 30 D\u00cdAS PARA AQUELLAS MUTUALES QUE DEBEN PRESENTAR LA DOCUMENTACI\u00d3N OBLIGATORIA RESPECTO AL REGLAMENTO DE GESTI\u00d3N DE PR\u00c9STAMOS","previousItem":{"@type":"ListItem","@id":"https:\/\/www.conam.org.ar\/web\/category\/ultimas-noticias\/#listItem","name":"Ultimas novedades"}}]},{"@type":"Organization","@id":"https:\/\/www.conam.org.ar\/web\/#organization","name":"CONAM","url":"https:\/\/www.conam.org.ar\/web\/","logo":{"@type":"ImageObject","url":"https:\/\/www.conam.org.ar\/web\/wp-content\/uploads\/2021\/03\/thumbnail_logo-sin-color-de-fondo.png","@id":"https:\/\/www.conam.org.ar\/web\/2026\/09\/01\/nueva-resolucion-1687-2026-el-inaes-establece-una-prorroga-de-30-dias-para-aquellas-mutuales-que-deben-presentar-la-documentacion-obligatoria-respecto-al-reglamento-de-gestion-de-prestamos\/#organizationLogo","width":357,"height":109},"image":{"@id":"https:\/\/www.conam.org.ar\/web\/2026\/09\/01\/nueva-resolucion-1687-2026-el-inaes-establece-una-prorroga-de-30-dias-para-aquellas-mutuales-que-deben-presentar-la-documentacion-obligatoria-respecto-al-reglamento-de-gestion-de-prestamos\/#organizationLogo"}},{"@type":"Person","@id":"https:\/\/www.conam.org.ar\/web\/author\/admin\/#author","url":"https:\/\/www.conam.org.ar\/web\/author\/admin\/","name":"admin","image":{"@type":"ImageObject","@id":"https:\/\/www.conam.org.ar\/web\/2026\/09\/01\/nueva-resolucion-1687-2026-el-inaes-establece-una-prorroga-de-30-dias-para-aquellas-mutuales-que-deben-presentar-la-documentacion-obligatoria-respecto-al-reglamento-de-gestion-de-prestamos\/#authorImage","url":"https:\/\/secure.gravatar.com\/avatar\/c36bb9e931f5f177dba48321c8b85629cf149c922cb35eebb06c02059ea75808?s=96&d=mm&r=g","width":96,"height":96,"caption":"admin"}},{"@type":"WebPage","@id":"https:\/\/www.conam.org.ar\/web\/2026\/09\/01\/nueva-resolucion-1687-2026-el-inaes-establece-una-prorroga-de-30-dias-para-aquellas-mutuales-que-deben-presentar-la-documentacion-obligatoria-respecto-al-reglamento-de-gestion-de-prestamos\/#webpage","url":"https:\/\/www.conam.org.ar\/web\/2026\/09\/01\/nueva-resolucion-1687-2026-el-inaes-establece-una-prorroga-de-30-dias-para-aquellas-mutuales-que-deben-presentar-la-documentacion-obligatoria-respecto-al-reglamento-de-gestion-de-prestamos\/","name":"NUEVA RESOLUCI\u00d3N 1687\/2026: EL INAES ESTABLECE UNA PR\u00d3RROGA DE 30 D\u00cdAS PARA AQUELLAS MUTUALES QUE DEBEN PRESENTAR LA DOCUMENTACI\u00d3N OBLIGATORIA RESPECTO AL REGLAMENTO DE GESTI\u00d3N DE PR\u00c9STAMOS - CONAM","description":"El Instituto Nacional de Asociativismo y Econom\u00eda Social (INAES) dict\u00f3 una nueva Resoluci\u00f3n (la N\u00ba 1687\/2026), publicada en el Bolet\u00edn Oficial de la Rep\u00fablica Argentina el 31 de agosto del 2026, respecto al reglamento de Gesti\u00f3n de Pr\u00e9stamos.","inLanguage":"es-AR","isPartOf":{"@id":"https:\/\/www.conam.org.ar\/web\/#website"},"breadcrumb":{"@id":"https:\/\/www.conam.org.ar\/web\/2026\/09\/01\/nueva-resolucion-1687-2026-el-inaes-establece-una-prorroga-de-30-dias-para-aquellas-mutuales-que-deben-presentar-la-documentacion-obligatoria-respecto-al-reglamento-de-gestion-de-prestamos\/#breadcrumblist"},"author":{"@id":"https:\/\/www.conam.org.ar\/web\/author\/admin\/#author"},"creator":{"@id":"https:\/\/www.conam.org.ar\/web\/author\/admin\/#author"},"image":{"@type":"ImageObject","url":"https:\/\/www.conam.org.ar\/web\/wp-content\/uploads\/2026\/09\/NUEVA-RESOLUCION-1687-DEL-INAES.png","@id":"https:\/\/www.conam.org.ar\/web\/2026\/09\/01\/nueva-resolucion-1687-2026-el-inaes-establece-una-prorroga-de-30-dias-para-aquellas-mutuales-que-deben-presentar-la-documentacion-obligatoria-respecto-al-reglamento-de-gestion-de-prestamos\/#mainImage","width":1024,"height":1455},"primaryImageOfPage":{"@id":"https:\/\/www.conam.org.ar\/web\/2026\/09\/01\/nueva-resolucion-1687-2026-el-inaes-establece-una-prorroga-de-30-dias-para-aquellas-mutuales-que-deben-presentar-la-documentacion-obligatoria-respecto-al-reglamento-de-gestion-de-prestamos\/#mainImage"},"datePublished":"2026-09-01T16:13:48-03:00","dateModified":"2026-09-01T16:42:25-03:00"},{"@type":"WebSite","@id":"https:\/\/www.conam.org.ar\/web\/#website","url":"https:\/\/www.conam.org.ar\/web\/","name":"CONAM","inLanguage":"es-AR","publisher":{"@id":"https:\/\/www.conam.org.ar\/web\/#organization"}}]},"og:locale":"es_ES","og:site_name":"CONAM -","og:type":"article","og:title":"NUEVA RESOLUCI\u00d3N 1687\/2026: EL INAES ESTABLECE UNA PR\u00d3RROGA DE 30 D\u00cdAS PARA AQUELLAS MUTUALES QUE DEBEN PRESENTAR LA DOCUMENTACI\u00d3N OBLIGATORIA RESPECTO AL REGLAMENTO DE GESTI\u00d3N DE PR\u00c9STAMOS - CONAM","og:description":"El Instituto Nacional de Asociativismo y Econom\u00eda Social (INAES) dict\u00f3 una nueva Resoluci\u00f3n (la N\u00ba 1687\/2026), publicada en el Bolet\u00edn Oficial de la Rep\u00fablica Argentina el 31 de agosto del 2026, respecto al reglamento de Gesti\u00f3n de Pr\u00e9stamos.","og:url":"https:\/\/www.conam.org.ar\/web\/2026\/08\/05\/autoridades-de-conam-se-reunieron-con-el-vicepresidente-de-la-unidad-de-informacion-financiera-uif\/","og:image":"https:\/\/www.conam.org.ar\/web\/wp-content\/uploads\/2021\/03\/thumbnail_logo-sin-color-de-fondo.png","og:image:secure_url":"https:\/\/www.conam.org.ar\/web\/wp-content\/uploads\/2021\/03\/thumbnail_logo-sin-color-de-fondo.png","article:published_time":"2026-09-01T19:13:48+00:00","article:modified_time":"2026-09-01T19:42:25+00:00","twitter:card":"summary_large_image","twitter:title":"NUEVA RESOLUCI\u00d3N 1687\/2026: EL INAES ESTABLECE UNA PR\u00d3RROGA DE 30 D\u00cdAS PARA AQUELLAS MUTUALES QUE DEBEN PRESENTAR LA DOCUMENTACI\u00d3N OBLIGATORIA RESPECTO AL REGLAMENTO DE GESTI\u00d3N DE PR\u00c9STAMOS - CONAM","twitter:description":"El Instituto Nacional de Asociativismo y Econom\u00eda Social (INAES) dict\u00f3 una nueva Resoluci\u00f3n (la N\u00ba 1687\/2026), publicada en el Bolet\u00edn Oficial de la Rep\u00fablica Argentina el 31 de agosto del 2026, respecto al reglamento de Gesti\u00f3n de Pr\u00e9stamos.","twitter:image":"https:\/\/www.conam.org.ar\/web\/wp-content\/uploads\/2021\/03\/thumbnail_logo-sin-color-de-fondo.png"},"aioseo_meta_data":{"post_id":"18201","title":null,"description":null,"keywords":null,"keyphrases":{"focus":{"keyphrase":"","score":0,"analysis":{"keyphraseInTitle":{"score":0,"maxScore":9,"error":1}}},"additional":[]},"primary_term":null,"canonical_url":null,"og_title":null,"og_description":null,"og_object_type":"default","og_image_type":"default","og_image_url":null,"og_image_width":null,"og_image_height":null,"og_image_custom_url":null,"og_image_custom_fields":null,"og_video":"","og_custom_url":null,"og_article_section":null,"og_article_tags":null,"twitter_use_og":false,"twitter_card":"default","twitter_image_type":"default","twitter_image_url":null,"twitter_image_custom_url":null,"twitter_image_custom_fields":null,"twitter_title":null,"twitter_description":null,"schema":{"blockGraphs":[],"customGraphs":[],"default":{"data":{"Article":[],"Course":[],"Dataset":[],"FAQPage":[],"Movie":[],"Person":[],"Product":[],"ProductReview":[],"Car":[],"Recipe":[],"Service":[],"SoftwareApplication":[],"WebPage":[]},"graphName":"BlogPosting","isEnabled":true},"graphs":[]},"schema_type":"default","schema_type_options":null,"pillar_content":false,"robots_default":true,"robots_noindex":false,"robots_noarchive":false,"robots_nosnippet":false,"robots_nofollow":false,"robots_noimageindex":false,"robots_noodp":false,"robots_notranslate":false,"robots_max_snippet":"-1","robots_max_videopreview":"-1","robots_max_imagepreview":"large","priority":null,"frequency":"default","local_seo":null,"breadcrumb_settings":null,"limit_modified_date":false,"ai":{"faqs":[],"keyPoints":[],"schemas":[],"titles":[],"descriptions":[],"socialPosts":{"email":{"subject":"","preview":"","content":""},"linkedin":[],"twitter":[],"facebook":[],"instagram":[]}},"created":"2026-09-01 19:13:48","updated":"2026-09-01 19:42:25","seo_analyzer_scan_date":null,"focus_keyword":null,"additional_keywords":null,"truseo_locale":null},"aioseo_breadcrumb":"<div class=\"aioseo-breadcrumbs\"><span class=\"aioseo-breadcrumb\">\n\t\t\t<a href=\"https:\/\/www.conam.org.ar\/web\" title=\"Home\">Home<\/a>\n\t\t<\/span><span class=\"aioseo-breadcrumb-separator\">&raquo;<\/span><span class=\"aioseo-breadcrumb\">\n\t\t\t<a href=\"https:\/\/www.conam.org.ar\/web\/category\/ultimas-noticias\/\" title=\"Ultimas novedades\">Ultimas novedades<\/a>\n\t\t<\/span><span class=\"aioseo-breadcrumb-separator\">&raquo;<\/span><span class=\"aioseo-breadcrumb\">\n\t\t\tNUEVA RESOLUCI\u00d3N 1687\/2026: EL INAES ESTABLECE UNA PR\u00d3RROGA DE 30 D\u00cdAS PARA AQUELLAS MUTUALES QUE DEBEN PRESENTAR LA DOCUMENTACI\u00d3N OBLIGATORIA RESPECTO AL REGLAMENTO DE GESTI\u00d3N DE PR\u00c9STAMOS\n\t\t<\/span><\/div>","aioseo_breadcrumb_json":[{"label":"Home","link":"https:\/\/www.conam.org.ar\/web"},{"label":"Ultimas novedades","link":"https:\/\/www.conam.org.ar\/web\/category\/ultimas-noticias\/"},{"label":"NUEVA RESOLUCI\u00d3N 1687\/2026: EL INAES ESTABLECE UNA PR\u00d3RROGA DE 30 D\u00cdAS PARA AQUELLAS MUTUALES QUE DEBEN PRESENTAR LA DOCUMENTACI\u00d3N OBLIGATORIA RESPECTO AL REGLAMENTO DE GESTI\u00d3N DE PR\u00c9STAMOS","link":"https:\/\/www.conam.org.ar\/web\/2026\/09\/01\/nueva-resolucion-1687-2026-el-inaes-establece-una-prorroga-de-30-dias-para-aquellas-mutuales-que-deben-presentar-la-documentacion-obligatoria-respecto-al-reglamento-de-gestion-de-prestamos\/"}],"_links":{"self":[{"href":"https:\/\/www.conam.org.ar\/web\/wp-json\/wp\/v2\/posts\/18201","targetHints":{"allow":["GET"]}}],"collection":[{"href":"https:\/\/www.conam.org.ar\/web\/wp-json\/wp\/v2\/posts"}],"about":[{"href":"https:\/\/www.conam.org.ar\/web\/wp-json\/wp\/v2\/types\/post"}],"author":[{"embeddable":true,"href":"https:\/\/www.conam.org.ar\/web\/wp-json\/wp\/v2\/users\/3"}],"replies":[{"embeddable":true,"href":"https:\/\/www.conam.org.ar\/web\/wp-json\/wp\/v2\/comments?post=18201"}],"version-history":[{"count":4,"href":"https:\/\/www.conam.org.ar\/web\/wp-json\/wp\/v2\/posts\/18201\/revisions"}],"predecessor-version":[{"id":18207,"href":"https:\/\/www.conam.org.ar\/web\/wp-json\/wp\/v2\/posts\/18201\/revisions\/18207"}],"wp:featuredmedia":[{"embeddable":true,"href":"https:\/\/www.conam.org.ar\/web\/wp-json\/wp\/v2\/media\/18202"}],"wp:attachment":[{"href":"https:\/\/www.conam.org.ar\/web\/wp-json\/wp\/v2\/media?parent=18201"}],"wp:term":[{"taxonomy":"category","embeddable":true,"href":"https:\/\/www.conam.org.ar\/web\/wp-json\/wp\/v2\/categories?post=18201"},{"taxonomy":"post_tag","embeddable":true,"href":"https:\/\/www.conam.org.ar\/web\/wp-json\/wp\/v2\/tags?post=18201"}],"curies":[{"name":"wp","href":"https:\/\/api.w.org\/{rel}","templated":true}]}}